{"id":25031,"date":"2025-10-19T09:55:07","date_gmt":"2025-10-19T09:55:07","guid":{"rendered":"https:\/\/www.europesays.com\/lv\/25031\/"},"modified":"2025-10-19T09:55:07","modified_gmt":"2025-10-19T09:55:07","slug":"sodien-riga-latvija-pret-eiropas-cempioni-telpu-futbola-portugali-futbols-sportacentrs-com","status":"publish","type":"post","link":"https:\/\/www.europesays.com\/lv\/25031\/","title":{"rendered":"\u0160odien R\u012bg\u0101 Latvija pret Eiropas \u010dempioni telpu futbol\u0101 Portug\u0101li \u2013 Futbols \u2013 Sportacentrs.com"},"content":{"rendered":"<p>\u0160ogad m\u016bsu izlase kop\u0101 aizvad\u012bjusi piecas sp\u0113les, ne reizi nezaud\u0113jot, tikai vien\u0101 duel\u012b sp\u0113l\u0113jot neiz\u0161\u0137irti. Septembr\u012b Latvijas telpu futbolisti aizvad\u012bja veiksm\u012bgu un aizraujo\u0161u turn\u012bru Indon\u0113zij\u0101, kur p\u0101rsp\u0113ja rang\u0101 augst\u0101k eso\u0161\u0101s N\u012bderlandes un Indon\u0113zijas izlases, apliecinot komandas progresu un stabilit\u0101ti.<\/p>\n<p>Skat\u012bt\u0101jiem \u0161\u012b b\u016bs unik\u0101la iesp\u0113ja redz\u0113t kl\u0101tien\u0113 vienu no pasaules sp\u0113c\u012bg\u0101kaj\u0101m telpu futbola izlas\u0113m \u2013 Portug\u0101li, kas ir divk\u0101rt\u0113ja Eiropas \u010dempione (2018, 2022) un FIFA pasaules \u010dempione 2021. gad\u0101. Portug\u0101les izlases kodolu veido sp\u0113l\u0113t\u0101ji no &#8220;Sporting CP&#8221; un &#8220;Benfica&#8221;, diviem Eiropas vado\u0161ajiem klubiem. Svar\u012bgi piemin\u0113t, ka jau 30. oktobr\u012b Malt\u0101 &#8220;Riga Futsal Club&#8221; aizvad\u012bs sp\u0113li pret &#8220;Benfica&#8221; UEFA \u010cempionu l\u012bgas pamatk\u0101rt\u0101, c\u012bnoties par vietu Elites k\u0101rt\u0101, kas b\u016bs v\u0113l viens futz\u0101la l\u012bme\u0146a apliecin\u0101jums Latvijai.<\/p>\n<p>&#8220;Turpin\u0101m veiksm\u012bgu gatavo\u0161anos Eiropas \u010dempion\u0101tam janv\u0101r\u012b. Septembr\u012b aizvad\u012bj\u0101m lielisku treni\u0146nometni un turn\u012bru D\u017eakart\u0101, kur komanda par\u0101d\u012bja patie\u0161\u0101m kvalitat\u012bvu sniegumu. Var teikt, ka esam gandr\u012bz gatavi \u0161im v\u0113sturiskajam notikumam, ta\u010du, lai piln\u012bb\u0101 p\u0101rliecin\u0101tos par sav\u0101m sp\u0113j\u0101m un redz\u0113tu, kur v\u0113l varam augt, \u0161\u012bs sp\u0113les pret pasaules l\u012bme\u0146a Portug\u0101li ir \u0101rk\u0101rt\u012bgi v\u0113rt\u012bgas. Esam pateic\u012bgi, ka t\u0101s varam aizvad\u012bt tepat R\u012bg\u0101. \u0160\u0101du l\u012bmeni redz\u0113t kl\u0101tien\u0113 nenotiek bie\u017ei \u2013 ar\u012b pui\u0161iem t\u0101 ir iesp\u0113ja sevi pier\u0101d\u012bt. Tiekamies hall\u0113!,&#8221; koment\u0113ja Masimilj\u0101no Bellarte, Latvijas telpu futbola izlases galvenais treneris.<\/p>\n<p>Latvijas izlase turpina gatavo\u0161anos &#8220;UEFA Futsal EURO 2026&#8221;, kas janv\u0101r\u012b s\u0101ksies &#8220;Ar\u0113n\u0101 R\u012bga&#8221;. Skat\u012bt\u0101ji laipni aicin\u0101ti atbalst\u012bt komandu kl\u0101tien\u0113:<\/p>\n<p>19. oktobr\u012b pulksten 18.00<\/p>\n<p>21. oktobr\u012b pulksten 19.00<\/p>\n<p>Izmantotie resursi:<br \/><a target=\"_blank\" href=\"http:\/\/www.lff.lv\" rel=\"nofollow noopener\">Latvijas Futbola feder\u0101cija<\/a><\/p>\n","protected":false},"excerpt":{"rendered":"\u0160ogad m\u016bsu izlase kop\u0101 aizvad\u012bjusi piecas sp\u0113les, ne reizi nezaud\u0113jot, tikai vien\u0101 duel\u012b sp\u0113l\u0113jot neiz\u0161\u0137irti. Septembr\u012b Latvijas telpu&hellip;\n","protected":false},"author":2,"featured_media":25032,"comment_status":"","ping_status":"","sticky":false,"template":"","format":"standard","meta":{"footnotes":""},"categories":[17],"tags":[676,35,39,38,36,37,34,40,67],"class_list":{"0":"post-25031","1":"post","2":"type-post","3":"status-publish","4":"format-standard","5":"has-post-thumbnail","7":"category-sports","8":"tag-futbols","9":"tag-latvia","10":"tag-latvian","11":"tag-latviesu","12":"tag-latviesu-valoda","13":"tag-latviesuvaloda","14":"tag-latvija","15":"tag-lv","16":"tag-sports"},"share_on_mastodon":{"url":"","error":""},"_links":{"self":[{"href":"https:\/\/www.europesays.com\/lv\/wp-json\/wp\/v2\/posts\/25031","targetHints":{"allow":["GET"]}}],"collection":[{"href":"https:\/\/www.europesays.com\/lv\/wp-json\/wp\/v2\/posts"}],"about":[{"href":"https:\/\/www.europesays.com\/lv\/wp-json\/wp\/v2\/types\/post"}],"author":[{"embeddable":true,"href":"https:\/\/www.europesays.com\/lv\/wp-json\/wp\/v2\/users\/2"}],"replies":[{"embeddable":true,"href":"https:\/\/www.europesays.com\/lv\/wp-json\/wp\/v2\/comments?post=25031"}],"version-history":[{"count":0,"href":"https:\/\/www.europesays.com\/lv\/wp-json\/wp\/v2\/posts\/25031\/revisions"}],"wp:featuredmedia":[{"embeddable":true,"href":"https:\/\/www.europesays.com\/lv\/wp-json\/wp\/v2\/media\/25032"}],"wp:attachment":[{"href":"https:\/\/www.europesays.com\/lv\/wp-json\/wp\/v2\/media?parent=25031"}],"wp:term":[{"taxonomy":"category","embeddable":true,"href":"https:\/\/www.europesays.com\/lv\/wp-json\/wp\/v2\/categories?post=25031"},{"taxonomy":"post_tag","embeddable":true,"href":"https:\/\/www.europesays.com\/lv\/wp-json\/wp\/v2\/tags?post=25031"}],"curies":[{"name":"wp","href":"https:\/\/api.w.org\/{rel}","templated":true}]}}