{"id":25033,"date":"2025-10-19T09:57:10","date_gmt":"2025-10-19T09:57:10","guid":{"rendered":"https:\/\/www.europesays.com\/lv\/25033\/"},"modified":"2025-10-19T09:57:10","modified_gmt":"2025-10-19T09:57:10","slug":"eiropas-savieniba-lidz-2027-gadam-veidos-dronu-muri-valsts-drosibas-stiprinasanai-lente-lv","status":"publish","type":"post","link":"https:\/\/www.europesays.com\/lv\/25033\/","title":{"rendered":"Eiropas Savien\u012bba l\u012bdz 2027. gadam veidos \u201cdronu m\u016bri\u201d valsts dro\u0161\u012bbas stiprin\u0101\u0161anai\u00a0\u2014\u00a0Lente.lv"},"content":{"rendered":"<p>Eiropas Savien\u012bba stingri pastiprina pretgaisa aizsardz\u012bbu un izveido \u201cdronu m\u016bri\u201d<\/p>\n<p>Eiropas Savien\u012bba (ES) ir ap\u0146\u0113m\u012bbas pilna palielin\u0101t savu dro\u0161\u012bbu un aizsardz\u012bbu, pl\u0101nojot l\u012bdz 2027. gada beig\u0101m piln\u012bb\u0101 ieviest jaunu, visaptvero\u0161u pretdronu aizsardz\u012bbas sist\u0113mu, kas d\u0113v\u0113ta par \u201cEiropas dronu aizsardz\u012bbas iniciat\u012bvu\u201d. \u0160is v\u0113rien\u012bgais solis ir atbilde uz pieaugo\u0161ajiem dro\u0161\u012bbas izaicin\u0101jumiem, tostarp arvien bie\u017e\u0101kajiem gaisa telpas p\u0101rk\u0101pumiem un potenci\u0101lajiem draudiem no bezpilota lidapar\u0101tiem. Iniciat\u012bva ir da\u013ca no pla\u0161\u0101kas ES strat\u0113\u0123ijas, kuras m\u0113r\u0137is ir l\u012bdz 2030. gadam sagatavot bloku pret iesp\u0113jamiem milit\u0101riem konfliktiem.<\/p>\n<p>Pretdronu aizsardz\u012bbas iniciat\u012bvas v\u0113sturiskais konteksts un m\u0113r\u0137i<\/p>\n<p>Pirmoreiz par nepiecie\u0161am\u012bbu izveidot \u201cdronu m\u016bri\u201d Eiropas austrumu pierobe\u017e\u0101 tika run\u0101ts p\u0113c incidentiem, kad Krievijas droni tika man\u012bti Polijas gaisa telp\u0101. S\u0101kotn\u0113j\u0101 iecere koncentr\u0113j\u0101s uz austrumu robe\u017eu stiprin\u0101\u0161anu, ta\u010du, \u0146emot v\u0113r\u0101 dronu rad\u012btos trauc\u0113jumus lidostu darb\u012bbai ar\u012b cit\u0101s ES valst\u012bs, projekta tv\u0113rums tika papla\u0161in\u0101ts, aptverot visu kontinentu. Amatpersonas nor\u0101da, ka \u201cEiropas dronu aizsardz\u012bbas iniciat\u012bva\u201d s\u0101kotn\u0113j\u0101 re\u017e\u012bm\u0101 pl\u0101nota jau l\u012bdz 2026. gada beig\u0101m, bet pilnv\u0113rt\u012bgi tai j\u0101s\u0101k darboties l\u012bdz 2027. gada beig\u0101m. \u0160is projekts ir viens no \u010detriem galvenajiem ES bru\u0146o\u0161an\u0101s projektiem, kas papildus v\u0113rsti uz robe\u017eu aizsardz\u012bbas stiprin\u0101\u0161anu, pretgaisa aizsardz\u012bbas vairoga izveidi un kosmosa dro\u0161\u012bbas uzlabo\u0161anu.<\/p>\n<p>\u201cDronu m\u016bris\u201d k\u0101 strat\u0113\u0123isks instruments dro\u0161\u012bbas stiprin\u0101\u0161anai<\/p>\n<p>\u201cDronu m\u016bra\u201d izveide ir \u013coti ambiciozs projekts, kas paredz robe\u017eas \u201cnoseg\u0161anu\u201d ar bezpilota lidapar\u0101tiem, lai nep\u0101rtraukti nov\u0113rotu kust\u012bbas un br\u012bdin\u0101tu par potenci\u0101lajiem draudiem. \u0160\u012b sist\u0113ma ne tikai pal\u012bdz\u0113tu c\u012b\u0146\u0101 pret neleg\u0101lo migr\u0101ciju un kontrabandu, bet ar\u012b pret da\u017e\u0101d\u0101m provok\u0101cij\u0101m. Tiek pl\u0101nots, ka kop\u012bgajai nov\u0113ro\u0161anas sist\u0113mu un aizsardz\u012bbas tehnolo\u0123iju iepirkumu programmai j\u0101s\u0101kas n\u0101kam\u0101 gada pirmaj\u0101 ceturksn\u012b, ar m\u0113r\u0137i nodro\u0161in\u0101t da\u013c\u0113ju sist\u0113mu darb\u012bbu l\u012bdz 2026. gada beig\u0101m un pilnv\u0113rt\u012bgu darb\u012bbu l\u012bdz 2027. gada beig\u0101m. Lai gan s\u0101kotn\u0113ji Igaunijas un Lietuvas kop\u012bgais l\u016bgums pie\u0161\u0137irt ES l\u012bdzek\u013cus \u0161\u012b projekta izveidei tika noraid\u012bts, pieaugo\u0161o incidentu d\u0113\u013c diskusijas ir ats\u0101ku\u0161\u0101s, un tiek mekl\u0113ts ar\u012b ES finans\u0113jums. Latvijas Iek\u0161lietu ministrija nor\u0101da, ka \u201cdronu sienas\u201d ideja papildin\u0101tu jau eso\u0161os robe\u017eas infrastrukt\u016bras projektus, un t\u0101 \u012bsteno\u0161anai nepiecie\u0161ami ar\u012b finan\u0161u ieguld\u012bjumi.<\/p>\n<p>Tehnolo\u0123isk\u0101s inov\u0101cijas un n\u0101kotnes perspekt\u012bvas<\/p>\n<p>Pretdronu tehnolo\u0123iju att\u012bst\u012bba ir nep\u0101rtraukta. Tiek p\u0113t\u012btas un ieviestas da\u017e\u0101das metodes, s\u0101kot no ska\u0146as uzraudz\u012bbas un elektronisk\u0101s izl\u016bko\u0161anas sist\u0113m\u0101m l\u012bdz pat l\u0101zeriero\u010diem un elektronisk\u0101s trauc\u0113\u0161anas ier\u012bc\u0113m. Eiropas Savien\u012bba ar\u012b veicina dronu izmanto\u0161anu civilaj\u0101 sektor\u0101, paredzot, ka l\u012bdz 2030. gadam droni var\u0113tu k\u013c\u016bt par ierastu pal\u012bgu neatliekam\u0101s pal\u012bdz\u012bbas dienestiem, kart\u0113\u0161an\u0101, pieg\u0101d\u0113s un pat gaisa taksometru pakalpojumos. Lai gan \u0161is projekts ir \u013coti ambiciozs un prasa iev\u0113rojamus finan\u0161u ieguld\u012bjumus, Eiropas Savien\u012bbas l\u012bderi ir ap\u0146\u0113m\u012bbas pilni stiprin\u0101t savu dro\u0161\u012bbu un aizsardz\u012bbu, rea\u0123\u0113jot uz main\u012bgo \u0123eopolitisko situ\u0101ciju.<\/p>\n","protected":false},"excerpt":{"rendered":"Eiropas Savien\u012bba stingri pastiprina pretgaisa aizsardz\u012bbu un izveido \u201cdronu m\u016bri\u201d Eiropas Savien\u012bba (ES) ir ap\u0146\u0113m\u012bbas pilna palielin\u0101t savu&hellip;\n","protected":false},"author":2,"featured_media":25034,"comment_status":"","ping_status":"","sticky":false,"template":"","format":"standard","meta":{"footnotes":""},"categories":[14],"tags":[7834,23,57,28,29,4645,334,514,32,33,22,30,31,35,39,38,36,37,34,40,20,26,27,7833,24,25,54,55,56,21,58],"class_list":{"0":"post-25033","1":"post","2":"type-post","3":"status-publish","4":"format-standard","5":"has-post-thumbnail","7":"category-zinas-no-arvalstim","8":"tag-aizsardzibas-tehnologijas","9":"tag-aktualitates","10":"tag-arvalstim","11":"tag-breaking-news","12":"tag-breakingnews","13":"tag-dronu-muris","14":"tag-drosiba","15":"tag-eiropas-savieniba","16":"tag-featured-news","17":"tag-featurednews","18":"tag-headlines","19":"tag-latest-news","20":"tag-latestnews","21":"tag-latvia","22":"tag-latvian","23":"tag-latviesu","24":"tag-latviesu-valoda","25":"tag-latviesuvaloda","26":"tag-latvija","27":"tag-lv","28":"tag-news","29":"tag-popularakas-zinas","30":"tag-popularakaszinas","31":"tag-pretdronu-aizsardziba","32":"tag-top-stories","33":"tag-topstories","34":"tag-world","35":"tag-world-news","36":"tag-worldnews","37":"tag-zinas","38":"tag-zinas-no-arvalstim"},"share_on_mastodon":{"url":"","error":""},"_links":{"self":[{"href":"https:\/\/www.europesays.com\/lv\/wp-json\/wp\/v2\/posts\/25033","targetHints":{"allow":["GET"]}}],"collection":[{"href":"https:\/\/www.europesays.com\/lv\/wp-json\/wp\/v2\/posts"}],"about":[{"href":"https:\/\/www.europesays.com\/lv\/wp-json\/wp\/v2\/types\/post"}],"author":[{"embeddable":true,"href":"https:\/\/www.europesays.com\/lv\/wp-json\/wp\/v2\/users\/2"}],"replies":[{"embeddable":true,"href":"https:\/\/www.europesays.com\/lv\/wp-json\/wp\/v2\/comments?post=25033"}],"version-history":[{"count":0,"href":"https:\/\/www.europesays.com\/lv\/wp-json\/wp\/v2\/posts\/25033\/revisions"}],"wp:featuredmedia":[{"embeddable":true,"href":"https:\/\/www.europesays.com\/lv\/wp-json\/wp\/v2\/media\/25034"}],"wp:attachment":[{"href":"https:\/\/www.europesays.com\/lv\/wp-json\/wp\/v2\/media?parent=25033"}],"wp:term":[{"taxonomy":"category","embeddable":true,"href":"https:\/\/www.europesays.com\/lv\/wp-json\/wp\/v2\/categories?post=25033"},{"taxonomy":"post_tag","embeddable":true,"href":"https:\/\/www.europesays.com\/lv\/wp-json\/wp\/v2\/tags?post=25033"}],"curies":[{"name":"wp","href":"https:\/\/api.w.org\/{rel}","templated":true}]}}