{"id":25039,"date":"2025-10-19T10:01:07","date_gmt":"2025-10-19T10:01:07","guid":{"rendered":"https:\/\/www.europesays.com\/lv\/25039\/"},"modified":"2025-10-19T10:01:07","modified_gmt":"2025-10-19T10:01:07","slug":"vevers-izcina-astoto-vietu-pasaules-cempionata-grupas-brauciena-amatieru-m50-54-grupa-ritenbrauksana-sportacentrs-com","status":"publish","type":"post","link":"https:\/\/www.europesays.com\/lv\/25039\/","title":{"rendered":"V\u0113vers izc\u012bna astoto vietu pasaules \u010dempion\u0101t\u0101 grupas braucien\u0101 amatieru M50\u201354 grup\u0101 \u2013 Rite\u0146brauk\u0161ana \u2013 Sportacentrs.com"},"content":{"rendered":"<p>Latviju grupas braucienos p\u0101rst\u0101v\u0113ja kopum\u0101 pieci rite\u0146brauc\u0113ji. Galven\u0101s cer\u012bbas par augstu vietu tika saist\u012btas ar sudraba meda\u013cnieku M50 \u2013 54 grupas individu\u0101laj\u0101 braucien\u0101 \u0122irtu V\u0113veru un Anitu Antoni, kura start\u0113ja W19 \u2013 34 grup\u0101.<\/p>\n<p>Dal\u012bbnieki m\u0113roj\u0101s sp\u0113kiem 130 kilometru gar\u0101, bet k\u0101pumiem \u013coti bag\u0101t\u012bg\u0101 tras\u0113. Starti tika doti pa blokiem, apvienojot l\u012bdzv\u0113rt\u012bgas vecuma grupas. \u0122irts V\u0113vers sacens\u012bbu dienu ies\u0101ka \u013coti akt\u012bvi. Pirmie desmit kilometri g\u0101ja kaln\u0101, kur \u0122irts kontrol\u0113ja notikumus, braucot priek\u0161\u0113j\u0101 da\u013c\u0101. Uzbraucis kaln\u0101, kuld\u012bdznieks l\u0113ma p\u0101rbaud\u012bt konkurentus, veicot uzbrukumu. V\u0113vers vienatn\u0113 atr\u0101vies nobrauca l\u012bdz 55. kilometram, kur tika pan\u0101kts.<\/p>\n<p>Otraj\u0101 kaln\u0101 priek\u0161\u0101 ar \u0122irtu vi\u0146a grupa ietvaros bija ap 20 sportistiem. Sekoja \u013coti b\u012bstams nobrauciens, kur vair\u0101k\u0101s grup\u0101s notika \u013coti smagi kritieni. V\u0113vers gan sekm\u012bgi tika lej\u0101, dr\u012bz vien atkal veicot uzbrukumus, lai censtos aizbraukt prom no konkurentiem. Tom\u0113r sp\u0113c\u012bgiem sp\u0101\u0146u un austr\u0101lie\u0161u konkurenti nepie\u013c\u0101va latvie\u0161a solo atr\u0101vienu. Fini\u0161s bija izveidots, braucot pa kalnu lejup.  \u0122irts fini\u0161a spurt\u0101 nedaudz iespied\u0101s, sacens\u012bbas nosl\u0113dzot astotaj\u0101 viet\u0101. Par \u010dempionu k\u013cuva sp\u0101nis Delgado, kuram sekoja m\u0101jinieku cer\u012bba Kriss Lings.<\/p>\n<p>D\u0101mu W19 \u2013 34 grup\u0101 Anita Antone 42 dal\u012bbnie\u010du konkurenc\u0113 izc\u012bn\u012bja 20. vietu. Baldoniete uzvar\u0113t\u0101jai Legrendei Gven\u0101lei no Francijas zaud\u0113ja 15 min\u016btes un 1 sekundi. Edgars Kurs\u012btis izc\u012bn\u012bja 94. vietu, bet J\u0101nis Sala fini\u0161\u0113ja 157. viet\u0101 M40 \u2013 44 grup\u0101. Tikm\u0113r P\u0113teris Misi\u0146\u0161 ie\u0146\u0113ma 115. poz\u012bciju M35 \u2013 39 grup\u0101.<\/p>\n<p>Iepriek\u0161 zi\u0146oj\u0101m, ka Latvijas lab\u0101kais amatieru \u0161osejas rite\u0146brauc\u0113js individu\u0101laj\u0101 braucien\u0101 \u0122<a href=\"https:\/\/sportacentrs.com\/ritenbrauksana\/16102025-vevers_otro_gadu_pec_kartas_izcina_sudrab\" target=\"_self\" rel=\"nofollow noopener\">irts V\u0113vers sav\u0101 kro\u0146a distanc\u0113 izc\u012bn\u012bja sudraba meda\u013cu UCI pasaules \u010dempion\u0101t\u0101 <\/a>v\u012bru M50\u201354 grup\u0101. Sacens\u012bbas ceturtdien tika aizvad\u012btas Austr\u0101lijas dienvidaustrumu pils\u0113t\u0101 Lorn\u0113.<\/p>\n<p>Izmantotie resursi:<br \/><a target=\"_blank\" href=\"http:\/\/www.lrf.lv\" rel=\"nofollow noopener\">Latvijas Rite\u0146brauk\u0161anas feder\u0101cija<\/a><\/p>\n","protected":false},"excerpt":{"rendered":"Latviju grupas braucienos p\u0101rst\u0101v\u0113ja kopum\u0101 pieci rite\u0146brauc\u0113ji. Galven\u0101s cer\u012bbas par augstu vietu tika saist\u012btas ar sudraba meda\u013cnieku M50&hellip;\n","protected":false},"author":2,"featured_media":25040,"comment_status":"","ping_status":"","sticky":false,"template":"","format":"standard","meta":{"footnotes":""},"categories":[17],"tags":[35,39,38,36,37,34,40,462,67],"class_list":{"0":"post-25039","1":"post","2":"type-post","3":"status-publish","4":"format-standard","5":"has-post-thumbnail","7":"category-sports","8":"tag-latvia","9":"tag-latvian","10":"tag-latviesu","11":"tag-latviesu-valoda","12":"tag-latviesuvaloda","13":"tag-latvija","14":"tag-lv","15":"tag-ritenbrauksana","16":"tag-sports"},"share_on_mastodon":{"url":"","error":""},"_links":{"self":[{"href":"https:\/\/www.europesays.com\/lv\/wp-json\/wp\/v2\/posts\/25039","targetHints":{"allow":["GET"]}}],"collection":[{"href":"https:\/\/www.europesays.com\/lv\/wp-json\/wp\/v2\/posts"}],"about":[{"href":"https:\/\/www.europesays.com\/lv\/wp-json\/wp\/v2\/types\/post"}],"author":[{"embeddable":true,"href":"https:\/\/www.europesays.com\/lv\/wp-json\/wp\/v2\/users\/2"}],"replies":[{"embeddable":true,"href":"https:\/\/www.europesays.com\/lv\/wp-json\/wp\/v2\/comments?post=25039"}],"version-history":[{"count":0,"href":"https:\/\/www.europesays.com\/lv\/wp-json\/wp\/v2\/posts\/25039\/revisions"}],"wp:featuredmedia":[{"embeddable":true,"href":"https:\/\/www.europesays.com\/lv\/wp-json\/wp\/v2\/media\/25040"}],"wp:attachment":[{"href":"https:\/\/www.europesays.com\/lv\/wp-json\/wp\/v2\/media?parent=25039"}],"wp:term":[{"taxonomy":"category","embeddable":true,"href":"https:\/\/www.europesays.com\/lv\/wp-json\/wp\/v2\/categories?post=25039"},{"taxonomy":"post_tag","embeddable":true,"href":"https:\/\/www.europesays.com\/lv\/wp-json\/wp\/v2\/tags?post=25039"}],"curies":[{"name":"wp","href":"https:\/\/api.w.org\/{rel}","templated":true}]}}