{"id":25047,"date":"2025-10-19T10:09:13","date_gmt":"2025-10-19T10:09:13","guid":{"rendered":"https:\/\/www.europesays.com\/lv\/25047\/"},"modified":"2025-10-19T10:09:13","modified_gmt":"2025-10-19T10:09:13","slug":"atklati-sieviesu-un-viriesu-stasti-par-seksualo-vardarbibu-kara-plositaja-ukraina","status":"publish","type":"post","link":"https:\/\/www.europesays.com\/lv\/25047\/","title":{"rendered":"Atkl\u0101ti sievie\u0161u un v\u012brie\u0161u st\u0101sti par seksu\u0101lo vardarb\u012bbu kara plos\u012btaj\u0101 Ukrain\u0101"},"content":{"rendered":"<p>Kar\u0161 laupa visu \u2013 m\u0101jas, dro\u0161\u012bbu, dz\u012bv\u012bbu, bet daudziem tas izpost\u012bja ar\u012b savu \u0137ermeni. Kop\u0161 Krievijas iebrukuma Ukrain\u0101 tiek karots ne tikai ar iero\u010diem. Seksu\u0101l\u0101 vardarb\u012bba k\u013cuvusi par v\u0113l vienu ieroci, kas m\u0113dz atst\u0101t dzi\u013c\u0101kas r\u0113tas par lodes br\u016bc\u0113m. \u0160ie upuru st\u0101sti atkl\u0101j, k\u0101 ukrai\u0146u sievietes un v\u012brie\u0161i piedz\u012bvo pazemojumu, sp\u012bdzin\u0101\u0161anu un nodev\u012bbu. Ar ko vi\u0146i sask\u0101r\u0101s? Ko vi\u0146i p\u0101rcieta?<\/p>\n<p>\u201cVi\u0146i aizveda mani uz gar\u0101\u017eu un lika skat\u012bties, k\u0101 v\u012brietim tur\u0113ja galvu un k\u0101jas, kam\u0113r vi\u0146u izvaroja.\u201d<\/p>\n","protected":false},"excerpt":{"rendered":"Kar\u0161 laupa visu \u2013 m\u0101jas, dro\u0161\u012bbu, dz\u012bv\u012bbu, bet daudziem tas izpost\u012bja ar\u012b savu \u0137ermeni. Kop\u0161 Krievijas iebrukuma Ukrain\u0101&hellip;\n","protected":false},"author":2,"featured_media":25048,"comment_status":"","ping_status":"","sticky":false,"template":"","format":"standard","meta":{"footnotes":""},"categories":[14],"tags":[23,57,28,29,32,33,22,74,30,31,35,39,38,36,37,34,40,20,26,27,504,24,25,5661,276,54,55,56,21,58],"class_list":{"0":"post-25047","1":"post","2":"type-post","3":"status-publish","4":"format-standard","5":"has-post-thumbnail","7":"category-zinas-no-arvalstim","8":"tag-aktualitates","9":"tag-arvalstim","10":"tag-breaking-news","11":"tag-breakingnews","12":"tag-featured-news","13":"tag-featurednews","14":"tag-headlines","15":"tag-krievijas-iebrukums-ukraina","16":"tag-latest-news","17":"tag-latestnews","18":"tag-latvia","19":"tag-latvian","20":"tag-latviesu","21":"tag-latviesu-valoda","22":"tag-latviesuvaloda","23":"tag-latvija","24":"tag-lv","25":"tag-news","26":"tag-popularakas-zinas","27":"tag-popularakaszinas","28":"tag-seksuala-vardarbiba","29":"tag-top-stories","30":"tag-topstories","31":"tag-tvnet-arzemes","32":"tag-ukraina","33":"tag-world","34":"tag-world-news","35":"tag-worldnews","36":"tag-zinas","37":"tag-zinas-no-arvalstim"},"share_on_mastodon":{"url":"","error":""},"_links":{"self":[{"href":"https:\/\/www.europesays.com\/lv\/wp-json\/wp\/v2\/posts\/25047","targetHints":{"allow":["GET"]}}],"collection":[{"href":"https:\/\/www.europesays.com\/lv\/wp-json\/wp\/v2\/posts"}],"about":[{"href":"https:\/\/www.europesays.com\/lv\/wp-json\/wp\/v2\/types\/post"}],"author":[{"embeddable":true,"href":"https:\/\/www.europesays.com\/lv\/wp-json\/wp\/v2\/users\/2"}],"replies":[{"embeddable":true,"href":"https:\/\/www.europesays.com\/lv\/wp-json\/wp\/v2\/comments?post=25047"}],"version-history":[{"count":0,"href":"https:\/\/www.europesays.com\/lv\/wp-json\/wp\/v2\/posts\/25047\/revisions"}],"wp:featuredmedia":[{"embeddable":true,"href":"https:\/\/www.europesays.com\/lv\/wp-json\/wp\/v2\/media\/25048"}],"wp:attachment":[{"href":"https:\/\/www.europesays.com\/lv\/wp-json\/wp\/v2\/media?parent=25047"}],"wp:term":[{"taxonomy":"category","embeddable":true,"href":"https:\/\/www.europesays.com\/lv\/wp-json\/wp\/v2\/categories?post=25047"},{"taxonomy":"post_tag","embeddable":true,"href":"https:\/\/www.europesays.com\/lv\/wp-json\/wp\/v2\/tags?post=25047"}],"curies":[{"name":"wp","href":"https:\/\/api.w.org\/{rel}","templated":true}]}}