{"id":25055,"date":"2025-10-19T10:17:07","date_gmt":"2025-10-19T10:17:07","guid":{"rendered":"https:\/\/www.europesays.com\/lv\/25055\/"},"modified":"2025-10-19T10:17:07","modified_gmt":"2025-10-19T10:17:07","slug":"uzticiba-drossirdiba-un-briviba-gaisa-lente-lv","status":"publish","type":"post","link":"https:\/\/www.europesays.com\/lv\/25055\/","title":{"rendered":"Uztic\u012bba, dro\u0161sird\u012bba un br\u012bv\u012bba gais\u0101\u00a0\u2014\u00a0Lente.lv"},"content":{"rendered":"<p>\u00abR\u012bgas maz\u0101kais cirks\u00bb: Jauna elpa un br\u012bv\u012bba Latvijas cirka pasaul\u0113<\/p>\n<p>Latvijas cirka ainav\u0101 uzplaukusi jauna, aizraujo\u0161a apvien\u012bba \u00abR\u012bgas maz\u0101kais cirks\u00bb, kas ar savu pirmo izr\u0101di \u00abAizb\u0113gt l\u012bdzi cirkam\u00bb pied\u0101v\u0101 skat\u012bt\u0101jiem neaizmirstamu piedz\u012bvojumu. \u0160\u012b talant\u012bgo jaunie\u0161u grupa, kur\u0101 darbojas se\u0161i m\u0101kslinieki, ir atradusi savu prieku un iek\u0161\u0113jo br\u012bv\u012bbu cirka pasaul\u0113. Vi\u0146u rad\u012bt\u0101 izr\u0101de ir k\u0101 ce\u013cojums, ko var \u00abielikt kabat\u0101\u00bb un aizvest sev l\u012bdzi jebkur\u0101 Latvijas nost\u016br\u012b.<\/p>\n<p>Cirka burv\u012bba un t\u0101s neredzam\u0101 puse<\/p>\n<p>Izr\u0101de \u00abAizb\u0113gt l\u012bdzi cirkam\u00bb ir \u012bpa\u0161i rad\u012bta b\u0113rniem vecum\u0101 no se\u0161iem l\u012bdz vienpadsmit gadiem, ta\u010du t\u0101s dzi\u013cums un j\u0113ga sp\u0113s uzrun\u0101t ar\u012b pieaugu\u0161os. Pusstundu gar\u0101 izr\u0101de ar ma\u0123isku vieglumu ieved skat\u012bt\u0101jus kr\u0101sainaj\u0101 cirka skatuves pasaul\u0113, vienlaikus atkl\u0101jot ar\u012b t\u0101s neredzamo, aizkuli\u0161u pusi. \u0160eit nav runa tikai par akrob\u0101tiskiem numuriem un smiekliem, bet gan par v\u0113rt\u012bb\u0101m, ko cirks m\u0101ca \u2013 sadarb\u012bbu, uztic\u0113\u0161anos un tic\u012bbu sev. Tas ir st\u0101sts par to, k\u0101 atrast savu vietu un \u013caut va\u013cu rado\u0161umam, pat ja j\u016bties at\u0161\u0137ir\u012bgs. Re\u017eisors Andris Ze\u013conka, kur\u0161 pats no te\u0101tra pasaules \u00abaizb\u0113dzis l\u012bdzi cirkam\u00bb, uzsver, ka cirks ir vieta, kur var iem\u0101c\u012bties b\u016bt gais\u0101, k\u0101pt un nenokrist, att\u012bstot ne tikai fizisk\u0101s, bet ar\u012b ment\u0101l\u0101s sp\u0113jas. Vi\u0146\u0161 sirsn\u012bgi atz\u012bst, ka cirks vi\u0146am atv\u0113ris acis uz to, ka viss ir iesp\u0113jams, p\u0101rv\u0113r\u0161ot pasauli par neizm\u0113rojamu smil\u0161u kasti, kur\u0101 valda nep\u0101rtraukta sp\u0113l\u0113\u0161an\u0101s un izt\u0113le.<\/p>\n<p>\u00abR\u012bgas maz\u0101kais cirks\u00bb: Par uztic\u0113\u0161anos un dro\u0161sird\u012bbu<\/p>\n<p>\u00abR\u012bgas maz\u0101kais cirks\u00bb ir apliecin\u0101jums tam, ka cirks ir daudz vair\u0101k nek\u0101 tikai izklaide. T\u0101 ir sp\u0113c\u012bga platforma, kur jaunie m\u0101kslinieki var att\u012bst\u012bt savas prasmes, p\u0101rvar\u0113t bailes un atrast savu balsi. Izr\u0101des rad\u012b\u0161an\u0101 piedal\u012bju\u0161ies se\u0161i jaunie m\u0101kslinieki \u2013 El\u012bna Konrade, Betija Krole, Roberts Aub\u0113ns, Ketija Jur\u010denko un Em\u012bls Zenne, kuri kop\u0101 ar dramaturgi Ketiju Jur\u010denko un re\u017eisoru Andri Ze\u013conku rad\u012bju\u0161i darbu, kas aicina uzdr\u012bkst\u0113ties un b\u016bt neatlaid\u012bgiem. \u0160is cirka kolekt\u012bvs ir k\u0101 dz\u012bvs piem\u0113rs tam, ka ar aizraut\u012bbu un neatlaid\u012bbu var sasniegt neiedom\u0101jamas virsotnes, izbaudot katru mirkli un apzinoties savas sp\u0113jas. Tas ir aicin\u0101jums skat\u012bt\u0101jiem \u2013 gan maziem, gan lieliem \u2013 atrast sev\u012b b\u0113rna prieku un \u013cauties cirka br\u012bnumiem.<\/p>\n","protected":false},"excerpt":{"rendered":"\u00abR\u012bgas maz\u0101kais cirks\u00bb: Jauna elpa un br\u012bv\u012bba Latvijas cirka pasaul\u0113 Latvijas cirka ainav\u0101 uzplaukusi jauna, aizraujo\u0161a apvien\u012bba \u00abR\u012bgas&hellip;\n","protected":false},"author":2,"featured_media":25056,"comment_status":"","ping_status":"","sticky":false,"template":"","format":"standard","meta":{"footnotes":""},"categories":[5],"tags":[7842,23,2742,28,29,7844,32,33,22,7843,30,31,35,39,38,36,37,34,40,20,26,27,7841,24,25,21],"class_list":{"0":"post-25055","1":"post","2":"type-post","3":"status-publish","4":"format-standard","5":"has-post-thumbnail","7":"category-aktualitates","8":"tag-aizbegt-lidzi-cirkam","9":"tag-aktualitates","10":"tag-bernu-izrades","11":"tag-breaking-news","12":"tag-breakingnews","13":"tag-cirka-maksla","14":"tag-featured-news","15":"tag-featurednews","16":"tag-headlines","17":"tag-laikmetigais-cirks","18":"tag-latest-news","19":"tag-latestnews","20":"tag-latvia","21":"tag-latvian","22":"tag-latviesu","23":"tag-latviesu-valoda","24":"tag-latviesuvaloda","25":"tag-latvija","26":"tag-lv","27":"tag-news","28":"tag-popularakas-zinas","29":"tag-popularakaszinas","30":"tag-rigas-mazakais-cirks","31":"tag-top-stories","32":"tag-topstories","33":"tag-zinas"},"share_on_mastodon":{"url":"","error":""},"_links":{"self":[{"href":"https:\/\/www.europesays.com\/lv\/wp-json\/wp\/v2\/posts\/25055","targetHints":{"allow":["GET"]}}],"collection":[{"href":"https:\/\/www.europesays.com\/lv\/wp-json\/wp\/v2\/posts"}],"about":[{"href":"https:\/\/www.europesays.com\/lv\/wp-json\/wp\/v2\/types\/post"}],"author":[{"embeddable":true,"href":"https:\/\/www.europesays.com\/lv\/wp-json\/wp\/v2\/users\/2"}],"replies":[{"embeddable":true,"href":"https:\/\/www.europesays.com\/lv\/wp-json\/wp\/v2\/comments?post=25055"}],"version-history":[{"count":0,"href":"https:\/\/www.europesays.com\/lv\/wp-json\/wp\/v2\/posts\/25055\/revisions"}],"wp:featuredmedia":[{"embeddable":true,"href":"https:\/\/www.europesays.com\/lv\/wp-json\/wp\/v2\/media\/25056"}],"wp:attachment":[{"href":"https:\/\/www.europesays.com\/lv\/wp-json\/wp\/v2\/media?parent=25055"}],"wp:term":[{"taxonomy":"category","embeddable":true,"href":"https:\/\/www.europesays.com\/lv\/wp-json\/wp\/v2\/categories?post=25055"},{"taxonomy":"post_tag","embeddable":true,"href":"https:\/\/www.europesays.com\/lv\/wp-json\/wp\/v2\/tags?post=25055"}],"curies":[{"name":"wp","href":"https:\/\/api.w.org\/{rel}","templated":true}]}}