{"id":25059,"date":"2025-10-19T10:19:08","date_gmt":"2025-10-19T10:19:08","guid":{"rendered":"https:\/\/www.europesays.com\/lv\/25059\/"},"modified":"2025-10-19T10:19:08","modified_gmt":"2025-10-19T10:19:08","slug":"spanis-fernandess-izcina-karjeras-pirmo-motogp-uzvaru-motoru-sports-sportacentrs-com","status":"publish","type":"post","link":"https:\/\/www.europesays.com\/lv\/25059\/","title":{"rendered":"Sp\u0101nis Fernandess izc\u012bna karjeras pirmo &#8220;MotoGP&#8221; uzvaru \u2013 Motoru sports \u2013 Sportacentrs.com"},"content":{"rendered":"<p>Pasaules moto\u0161osejas \u010dempion\u0101ta sezonas 19. posm\u0101 &#8211; Austr\u0101lijas &#8220;Grand Prix&#8221; &#8211; nestart\u0113ja jau titulu nodro\u0161in\u0101ju\u0161ais sp\u0101nis Marks Markess (&#8220;Ducati&#8221;), kuram iepriek\u0161\u0113j\u0101 posm\u0101 Indon\u0113zij\u0101 virs\u016b uztriec\u0101s it\u0101lis Marko Bedzeki (&#8220;Aprilia&#8221;). Markesam bija nepiecie\u0161ama pleca oper\u0101cija, bet Bedzeki tika piem\u0113rots sods, kur\u0101 divreiz j\u0101m\u0113ro papildu trases nogrieznis, t\u0101d\u0113j\u0101di zaud\u0113jot aptuveni piecas, se\u0161as sekundes.<\/p>\n<p>No &#8220;pole-position&#8221; start\u0113ju\u0161ais franc\u016bzis Fabio Kvartararo (&#8220;Monster Energy Yamaha&#8221;) p\u0113c starta atk\u0101p\u0101s uz ceturto poz\u012bciju, t\u0101d\u0113j\u0101di par l\u012bderi k\u013cuva Bedzeki, kuram sekoja Fernandess (&#8220;Trackhouse&#8221;).<\/p>\n<p>P\u0113c tam, kad Bedzeki bija veicis savus soda ap\u013cus, par l\u012bderi k\u013cuva sp\u0101nis Pedro Akosta (&#8220;Red Bull KTM&#8221;), bet desmitaj\u0101 apl\u012b pirmo vietu p\u0101r\u0146\u0113ma Fernandess. Iepriek\u0161\u0113j\u0101s 75 &#8220;MotoGP&#8221; sac\u012bkst\u0113m Fernandesam nebija izdevies fini\u0161\u0113t lab\u0101ko trijniek\u0101.<\/p>\n<p>Otrais fini\u0161\u0113ja it\u0101lis Fabio di D\u017eannantonio (&#8220;Pertamina Enduro VR46&#8221;), tre\u0161ais bija Bedzeki, aiz lab\u0101ko trijnieka fini\u0161\u0113ja Alekss Markess (&#8220;Gresini&#8221;), kuram sekoja Akosta. It\u0101lis Fran\u010desko Banjaja (&#8220;Ducati&#8221;) \u010detrus ap\u013cus pirms fini\u0161a krita.<\/p>\n<p>P\u0113c kritiena sac\u012bkste nosl\u0113dz\u0101s ar\u012b m\u0101jinieku favor\u012btam D\u017eekam Milleram (&#8220;Prima Pramac Yamaha&#8221;).<\/p>\n<p>Tr\u012bs posmus pirms sezonas nosl\u0113guma Markam Markesam ir 545 punkti, bet Aleksam Markesam &#8211; 379 punkti. Tre\u0161ais ar 282 punktiem ir Bedzeki, bet ceturto vietu ar 274 punktiem ie\u0146em Banjaja.<\/p>\n<p>Izmantotie resursi:<br \/>LETA<\/p>\n","protected":false},"excerpt":{"rendered":"Pasaules moto\u0161osejas \u010dempion\u0101ta sezonas 19. posm\u0101 &#8211; Austr\u0101lijas &#8220;Grand Prix&#8221; &#8211; nestart\u0113ja jau titulu nodro\u0161in\u0101ju\u0161ais sp\u0101nis Marks Markess&hellip;\n","protected":false},"author":2,"featured_media":25060,"comment_status":"","ping_status":"","sticky":false,"template":"","format":"standard","meta":{"footnotes":""},"categories":[17],"tags":[35,39,38,36,37,34,40,165,67],"class_list":{"0":"post-25059","1":"post","2":"type-post","3":"status-publish","4":"format-standard","5":"has-post-thumbnail","7":"category-sports","8":"tag-latvia","9":"tag-latvian","10":"tag-latviesu","11":"tag-latviesu-valoda","12":"tag-latviesuvaloda","13":"tag-latvija","14":"tag-lv","15":"tag-motoru-sports","16":"tag-sports"},"share_on_mastodon":{"url":"","error":""},"_links":{"self":[{"href":"https:\/\/www.europesays.com\/lv\/wp-json\/wp\/v2\/posts\/25059","targetHints":{"allow":["GET"]}}],"collection":[{"href":"https:\/\/www.europesays.com\/lv\/wp-json\/wp\/v2\/posts"}],"about":[{"href":"https:\/\/www.europesays.com\/lv\/wp-json\/wp\/v2\/types\/post"}],"author":[{"embeddable":true,"href":"https:\/\/www.europesays.com\/lv\/wp-json\/wp\/v2\/users\/2"}],"replies":[{"embeddable":true,"href":"https:\/\/www.europesays.com\/lv\/wp-json\/wp\/v2\/comments?post=25059"}],"version-history":[{"count":0,"href":"https:\/\/www.europesays.com\/lv\/wp-json\/wp\/v2\/posts\/25059\/revisions"}],"wp:featuredmedia":[{"embeddable":true,"href":"https:\/\/www.europesays.com\/lv\/wp-json\/wp\/v2\/media\/25060"}],"wp:attachment":[{"href":"https:\/\/www.europesays.com\/lv\/wp-json\/wp\/v2\/media?parent=25059"}],"wp:term":[{"taxonomy":"category","embeddable":true,"href":"https:\/\/www.europesays.com\/lv\/wp-json\/wp\/v2\/categories?post=25059"},{"taxonomy":"post_tag","embeddable":true,"href":"https:\/\/www.europesays.com\/lv\/wp-json\/wp\/v2\/tags?post=25059"}],"curies":[{"name":"wp","href":"https:\/\/api.w.org\/{rel}","templated":true}]}}