{"id":25069,"date":"2025-10-19T10:31:08","date_gmt":"2025-10-19T10:31:08","guid":{"rendered":"https:\/\/www.europesays.com\/lv\/25069\/"},"modified":"2025-10-19T10:31:08","modified_gmt":"2025-10-19T10:31:08","slug":"mogo-ar-labi-pazistamajiem-pankiem-cinisies-par-kontinentala-kausa-otras-kartas-celazimi-hokejs-sportacentrs-com","status":"publish","type":"post","link":"https:\/\/www.europesays.com\/lv\/25069\/","title":{"rendered":"&#8220;Mogo&#8221; ar labi paz\u012bstamajiem pankiem c\u012bn\u012bsies par Kontinent\u0101l\u0101 kausa otr\u0101s k\u0101rtas ce\u013caz\u012bmi \u2013 Hokejs \u2013 Sportacentrs.com"},"content":{"rendered":"<p>Pirm\u0101s divas sp\u0113les Kontinent\u0101l\u0101 kausa izc\u012b\u0146as pirmaj\u0101 k\u0101rt\u0101 &#8220;Mogo&#8221; hokejistiem bija zin\u0101m\u0101 m\u0113r\u0101 formalit\u0101te. Turn\u012bra ievad\u0101 Igaunijas komandu &#8220;Narva&#8221; \u0122irta Ankip\u0101na v\u012bri sabrad\u0101ja ar rezult\u0101tu 13:1. &#8220;Hat-trick&#8221; sasniedza Kaspars Ziemi\u0146\u0161, bet pa diviem v\u0101rtiem guva J\u0101nis Zem\u012btis un Ingus<br \/>Lo\u010dmelis.<\/p>\n<p>Vakardien &#8220;Mogo&#8221; guva v\u0113l vienu p\u0101rliecino\u0161u pan\u0101kumu, p\u0101rsp\u0113jot islandie\u0161us no &#8220;Skautafelag Akureyrar&#8221; komandas ar rezult\u0101tu 7:2. Jau pirmaj\u0101 tre\u0161da\u013c\u0101 &#8220;Mogo&#8221; iekr\u0101ja tr\u012bs v\u0101rtu p\u0101rsvaru, neliekot \u0161aub\u012bties par pozit\u012bvu izn\u0101kumu. Vakardienas sp\u0113l\u0113 Latvijas komandas lab\u0101 pa diviem v\u0101rtiem guva Elviss \u017delubovskis, Kristers Ansons un Reinis Lejnieks, bet v\u0113l vienus pievienoja Deivds Sarkanis.<\/p>\n<p>Par vie\u012bgo ce\u013caz\u012bmi uz turn\u012bra otro k\u0101rtu c\u012bn\u012bsies l\u012bdz\u0161in\u0113j\u0101s turn\u012bra sp\u0113l\u0113s uzvaras guvu\u0161ie &#8220;Mogo&#8221; hokejisti ar turn\u012bra m\u0101jvietu nodro\u0161in\u0101ju\u0161o Vi\u013c\u0146as &#8220;Hockey Punks&#8221;. Abas komandas viena ar otru ir labi paz\u012bstamas, jo jau pirms ned\u0113\u013cas savstarp\u0113ji tik\u0101s OHL turn\u012bra ietvaros turpat Vi\u013c\u0146\u0101. Pag\u0101ju\u0161aj\u0101 sestdien\u0101 &#8220;Mogo&#8221; no Lietuvas p\u0101rvarda uzvaru ar 5:2, toreiz \u010detros no pieciem &#8220;Mogo&#8221; v\u0101rtu guvumiem piedaloties Kasparam Daugavi\u0146am, kur\u0161 guva v\u0101rtus un veica tr\u012bs rezultat\u012bvas piesp\u0113les.<\/p>\n<p>Kontinent\u0101l\u0101 kausa A grupas sp\u0113les<\/p>\n<tr>Dat.Sp\u0113leRezult\u0101ts<\/tr>\n<tr class=\"even\">\n<td>17.10.<\/td>\n<td>Narva &#8211; Mogo<\/td>\n<td>1:13 (0:5; 1:4; 0:4)<\/td>\n<\/tr>\n<tr class=\"odd\">\n<td\/>\n<td>Hockey Punks &#8211; Skautafelag Akureyrar<\/td>\n<td>6:1 (2:0; 2:0; 2:1)<\/td>\n<\/tr>\n<tr class=\"even\">\n<td>18.10.<\/td>\n<td>Mogo &#8211; Skautafelag Akureyrar<\/td>\n<td>7:2 (3:0; 3:1; 1:1)<\/td>\n<\/tr>\n<tr class=\"odd\">\n<td\/>\n<td>Hockey Punks &#8211; Narva<\/td>\n<td>8:5 (3:0; 2:4; 3:1)<\/td>\n<\/tr>\n<tr class=\"even\">\n<td>19.10.<\/td>\n<td>Skautafelag Akureyrar &#8211; Narva<\/td>\n<td\/><\/tr>\n<tr class=\"odd\">\n<td\/>\n<td>Mogo &#8211; Hockey Punks<\/td>\n<td\/><\/tr>\n","protected":false},"excerpt":{"rendered":"Pirm\u0101s divas sp\u0113les Kontinent\u0101l\u0101 kausa izc\u012b\u0146as pirmaj\u0101 k\u0101rt\u0101 &#8220;Mogo&#8221; hokejistiem bija zin\u0101m\u0101 m\u0113r\u0101 formalit\u0101te. Turn\u012bra ievad\u0101 Igaunijas komandu&hellip;\n","protected":false},"author":2,"featured_media":25070,"comment_status":"","ping_status":"","sticky":false,"template":"","format":"standard","meta":{"footnotes":""},"categories":[17],"tags":[394,35,39,38,36,37,34,40,67],"class_list":{"0":"post-25069","1":"post","2":"type-post","3":"status-publish","4":"format-standard","5":"has-post-thumbnail","7":"category-sports","8":"tag-hokejs","9":"tag-latvia","10":"tag-latvian","11":"tag-latviesu","12":"tag-latviesu-valoda","13":"tag-latviesuvaloda","14":"tag-latvija","15":"tag-lv","16":"tag-sports"},"share_on_mastodon":{"url":"","error":""},"_links":{"self":[{"href":"https:\/\/www.europesays.com\/lv\/wp-json\/wp\/v2\/posts\/25069","targetHints":{"allow":["GET"]}}],"collection":[{"href":"https:\/\/www.europesays.com\/lv\/wp-json\/wp\/v2\/posts"}],"about":[{"href":"https:\/\/www.europesays.com\/lv\/wp-json\/wp\/v2\/types\/post"}],"author":[{"embeddable":true,"href":"https:\/\/www.europesays.com\/lv\/wp-json\/wp\/v2\/users\/2"}],"replies":[{"embeddable":true,"href":"https:\/\/www.europesays.com\/lv\/wp-json\/wp\/v2\/comments?post=25069"}],"version-history":[{"count":0,"href":"https:\/\/www.europesays.com\/lv\/wp-json\/wp\/v2\/posts\/25069\/revisions"}],"wp:featuredmedia":[{"embeddable":true,"href":"https:\/\/www.europesays.com\/lv\/wp-json\/wp\/v2\/media\/25070"}],"wp:attachment":[{"href":"https:\/\/www.europesays.com\/lv\/wp-json\/wp\/v2\/media?parent=25069"}],"wp:term":[{"taxonomy":"category","embeddable":true,"href":"https:\/\/www.europesays.com\/lv\/wp-json\/wp\/v2\/categories?post=25069"},{"taxonomy":"post_tag","embeddable":true,"href":"https:\/\/www.europesays.com\/lv\/wp-json\/wp\/v2\/tags?post=25069"}],"curies":[{"name":"wp","href":"https:\/\/api.w.org\/{rel}","templated":true}]}}