{"id":25073,"date":"2025-10-19T10:36:11","date_gmt":"2025-10-19T10:36:11","guid":{"rendered":"https:\/\/www.europesays.com\/lv\/25073\/"},"modified":"2025-10-19T10:36:11","modified_gmt":"2025-10-19T10:36:11","slug":"svetdiena-latvijas-austrumu-dala-un-ari-riga-bus-saulaina-3","status":"publish","type":"post","link":"https:\/\/www.europesays.com\/lv\/25073\/","title":{"rendered":"Sv\u0113tdiena Latvijas austrumu da\u013c\u0101 un ar\u012b R\u012bg\u0101 b\u016bs saulaina"},"content":{"rendered":"<p class=\"lead mb-md-2 mb-1 js-tv3-orphus\">Sv\u0113tdiena Latvijas austrumu da\u013c\u0101, k\u0101 ar\u012b R\u012bg\u0101 b\u016bs saulaina, prognoz\u0113 Latvijas Vides, \u0123eolo\u0123ijas un meteorolo\u0123ijas centra sinopti\u0137i.\n<\/p>\n<p>Dien\u0101 Latvijas rietumu rajonos laiks b\u016bs m\u0101ko\u0146ains, bet debesis viet\u0101m skaidrosies, savuk\u0101rt austrumos debesis b\u016bs skaidras un tikai viet\u0101m sauli aizkl\u0101s k\u0101ds m\u0101konis. Tom\u0113r da\u017eviet gaid\u0101ms ar\u012b \u012bslaic\u012bgs lietus.<\/p>\n","protected":false},"excerpt":{"rendered":"Sv\u0113tdiena Latvijas austrumu da\u013c\u0101, k\u0101 ar\u012b R\u012bg\u0101 b\u016bs saulaina, prognoz\u0113 Latvijas Vides, \u0123eolo\u0123ijas un meteorolo\u0123ijas centra sinopti\u0137i. Dien\u0101&hellip;\n","protected":false},"author":2,"featured_media":25074,"comment_status":"","ping_status":"","sticky":false,"template":"","format":"standard","meta":{"footnotes":""},"categories":[19],"tags":[89,90,368,35,39,38,36,37,34,40],"class_list":{"0":"post-25073","1":"post","2":"type-post","3":"status-publish","4":"format-standard","5":"has-post-thumbnail","7":"category-izklaide","8":"tag-entertainment","9":"tag-izklaide","10":"tag-laika-prognozelvgmc","11":"tag-latvia","12":"tag-latvian","13":"tag-latviesu","14":"tag-latviesu-valoda","15":"tag-latviesuvaloda","16":"tag-latvija","17":"tag-lv"},"share_on_mastodon":{"url":"","error":""},"_links":{"self":[{"href":"https:\/\/www.europesays.com\/lv\/wp-json\/wp\/v2\/posts\/25073","targetHints":{"allow":["GET"]}}],"collection":[{"href":"https:\/\/www.europesays.com\/lv\/wp-json\/wp\/v2\/posts"}],"about":[{"href":"https:\/\/www.europesays.com\/lv\/wp-json\/wp\/v2\/types\/post"}],"author":[{"embeddable":true,"href":"https:\/\/www.europesays.com\/lv\/wp-json\/wp\/v2\/users\/2"}],"replies":[{"embeddable":true,"href":"https:\/\/www.europesays.com\/lv\/wp-json\/wp\/v2\/comments?post=25073"}],"version-history":[{"count":0,"href":"https:\/\/www.europesays.com\/lv\/wp-json\/wp\/v2\/posts\/25073\/revisions"}],"wp:featuredmedia":[{"embeddable":true,"href":"https:\/\/www.europesays.com\/lv\/wp-json\/wp\/v2\/media\/25074"}],"wp:attachment":[{"href":"https:\/\/www.europesays.com\/lv\/wp-json\/wp\/v2\/media?parent=25073"}],"wp:term":[{"taxonomy":"category","embeddable":true,"href":"https:\/\/www.europesays.com\/lv\/wp-json\/wp\/v2\/categories?post=25073"},{"taxonomy":"post_tag","embeddable":true,"href":"https:\/\/www.europesays.com\/lv\/wp-json\/wp\/v2\/tags?post=25073"}],"curies":[{"name":"wp","href":"https:\/\/api.w.org\/{rel}","templated":true}]}}