{"id":25085,"date":"2025-10-19T10:57:09","date_gmt":"2025-10-19T10:57:09","guid":{"rendered":"https:\/\/www.europesays.com\/lv\/25085\/"},"modified":"2025-10-19T10:57:09","modified_gmt":"2025-10-19T10:57:09","slug":"putina-un-trampa-tiksanas-budapesta-parada-ungariju-ka-es-vajako-posmu","status":"publish","type":"post","link":"https:\/\/www.europesays.com\/lv\/25085\/","title":{"rendered":"Putina un Trampa tik\u0161an\u0101s Budape\u0161t\u0101 par\u0101da Ung\u0101riju k\u0101 ES v\u0101j\u0101ko posmu"},"content":{"rendered":"<p>Krievijas diktatoram Vladimiram Putinam atkal izdevies ietekm\u0113t ASV prezidentu Donaldu Trampu, p\u0113c piektdien notiku\u0161\u0101s Trampa un Ukrainas prezidenta Volodimira Zelenska tik\u0161an\u0101s Va\u0161ington\u0101 raksta \u0101rvalstu mediji.<\/p>\n<p>Laikraksts &#8220;The Washington Post&#8221; konstat\u0113, ka Trampa tonis p\u0113c telefonsarunas ar Putinu atkal main\u012bjies.<\/p>\n<p>&#8220;Putina telefonsaruna ar Trampu ceturtdien bija k\u0101rt\u0113jais piem\u0113rs tam, k\u0101 Krievijas l\u012bderis cen\u0161as aizkav\u0113t vai m\u012bkstin\u0101t Trampa stingros pas\u0101kumus, piesaistot vi\u0146u ar person\u012bgu uzman\u012bbu vai solot tirdzniec\u012bbas priek\u0161roc\u012bbas,&#8221; raksta av\u012bze.<\/p>\n<p>Tas, k\u0101 piektdien notika Trampa un Zelenska tik\u0161an\u0101s Baltaj\u0101 nam\u0101, bija &#8220;k\u0101rt\u0113jais asais pagrieziens p\u0113d\u0113jo m\u0113ne\u0161u diplom\u0101tiskaj\u0101 sp\u0113l\u0113, Trampa noska\u0146ojumam p\u0101rmai\u0146us sv\u0101rstoties no simp\u0101tij\u0101m l\u012bdz aizkaitin\u0101jumam pret katru pusi&#8221;, sac\u012bts laikrakst\u0101.<\/p>\n<p>V\u0101cijas \u017eurn\u0101ls &#8220;Der Spiegel&#8221; konstat\u0113, ka Zelenskis tik\u0161an\u0101s s\u0101kum\u0101 saglab\u0101ja draudz\u012bgu toni un gandr\u012bz katr\u0101 teikum\u0101 iestarpin\u0101ja &#8220;paldies&#8221;, ta\u010du &#8220;\u0161\u012bs piekl\u0101j\u012bbas fr\u0101zes nebija t\u0101d\u0101 l\u012bmen\u012b, pie k\u0101da Tramps ir pieradis&#8221;.<\/p>\n<p>&#8220;Varb\u016bt tas ir vi\u0146a ang\u013cu valodas l\u012bmenis. Vai varb\u016bt tas ir t\u0101p\u0113c, ka vi\u0146am nav talanta izr\u0101d\u012bt cie\u0146u. Kam\u0113r citi pasaules l\u012bderi, \u0161\u0137iet, ir dzimu\u0161i meistari glaimo\u0161an\u0101 Trampam, var redz\u0113t, ka [Ukrainas prezidentam] no sevis n\u0101kas izspiest katru uzslavu,&#8221; teikts rakst\u0101.<\/p>\n<p>Trampa ierosin\u0101jums gan Krievijai, gan Ukrainai pasludin\u0101t sevi par uzvar\u0113t\u0101j\u0101m un &#8220;apst\u0101ties tur, kur t\u0101s ir&#8221;, p\u0113c autora dom\u0101m, izklaus\u012bj\u0101s naivs: &#8220;It k\u0101 runa b\u016btu par k\u0101du smiekl\u012bgu str\u012bdu starp kaimi\u0146iem, kas vi\u0146am r\u016bp arvien maz\u0101k un maz\u0101k.&#8221;<\/p>\n<p>Sp\u0101nijas av\u012bze El Pais&#8221; raksta par gaid\u0101mo Trampa un Putina tik\u0161anos, nosaucot Budape\u0161tas izv\u0113li par t\u0101s norises vietu par &#8220;pli\u0137i sej\u0101 Eiropai&#8221;.<\/p>\n<p>Eiropas Savien\u012bba (ES), kas cent\u0101s piedal\u012bties sarun\u0101s, ne tikai nesa\u0146\u0113ma vietu pie sarunu galda, bet tai &#8220;tagad faktiski b\u016bs j\u0101nov\u0101c galds un j\u0101samaks\u0101 r\u0113\u0137ins&#8221;, teikts laikrakst\u0101.<\/p>\n<p>Un, lai gan ofici\u0101li Brisele apgalvo, ka Trampa un Putina tik\u0161an\u0101s var\u0113tu b\u016bt noder\u012bga, ja t\u0101 pal\u012bdz\u0113tu izbeigt karu, neofici\u0101li vair\u0101ki izdevuma avoti to nosauku\u0161i par &#8220;politisku murgu&#8221; ES.<\/p>\n<p>&#8220;Vieta tika izv\u0113l\u0113ta apzin\u0101ti &#8211; t\u0101 ir labv\u0113l\u012bga Krievijai, jo t\u0101 padzi\u013cina plaisas ES [politik\u0101] pret Kremli,&#8221; laikrakstam sac\u012bjis k\u0101ds Eiropas diplom\u0101ts.<\/p>\n<p>&#8220;Putina un Trampa tik\u0161an\u0101s Budape\u0161t\u0101 par\u0101da Ung\u0101rijas k\u0101 ES v\u0101j\u0101k\u0101 posma \u0123eopolitiskaj\u0101 ar\u0113n\u0101 strat\u0113\u0123isku izmanto\u0161anu. T\u0101 ar\u012b par\u0101da pakalp\u012bgo [Ung\u0101rijas premjerministru Viktoru] Orb\u0101nu, kur\u0161 ir vair\u0101k par\u0101d\u0101 Krievijai un ASV nek\u0101 pa\u0161ai ES, vienlaikus sa\u0146emot d\u0101vanu laik\u0101, kad vi\u0146\u0161 saasina savu kritiku par savien\u012bbu, m\u0113\u0123inot gl\u0101bt savu politisko n\u0101kotni,&#8221; laikrakstam &#8220;El Pais&#8221; sac\u012bja H\u0101rvarda universit\u0101tes p\u0113tnieks Alberto Alemanno.<\/p>\n<p><img decoding=\"async\" src=\"https:\/\/www.europesays.com\/lv\/wp-content\/uploads\/2025\/10\/e2f18d06c46bc0017378637a358a1e69.jpg\" title=\"Ung\u0101rijas prokremliskais premjerministrs Viktors Orb\u0101ns. Foto: Drew ANGERER \/ AFP \/ Scanpix\" alt=\"Ung\u0101rijas prokremliskais premjerministrs Viktors Orb\u0101ns. Foto: Drew ANGERER \/ AFP \/ Scanpix\"\/><\/p>\n<p class=\"article-img-desc\">Ung\u0101rijas prokremliskais premjerministrs Viktors Orb\u0101ns. Foto: Drew ANGERER \/ AFP \/ Scanpix<\/p>\n","protected":false},"excerpt":{"rendered":"Krievijas diktatoram Vladimiram Putinam atkal izdevies ietekm\u0113t ASV prezidentu Donaldu Trampu, p\u0113c piektdien notiku\u0161\u0101s Trampa un Ukrainas prezidenta&hellip;\n","protected":false},"author":2,"featured_media":25086,"comment_status":"","ping_status":"","sticky":false,"template":"","format":"standard","meta":{"footnotes":""},"categories":[14],"tags":[129,470,473,957,3594,23,57,28,29,32,33,22,30,31,35,39,38,36,37,34,40,20,26,27,958,471,474,3595,959,472,475,3596,24,25,54,55,56,21,58],"class_list":{"0":"post-25085","1":"post","2":"type-post","3":"status-publish","4":"format-standard","5":"has-post-thumbnail","7":"category-zinas-no-arvalstim","8":"tag-__typenameadvicekeyword","9":"tag-id532","10":"tag-id549","11":"tag-id597","12":"tag-id976","13":"tag-aktualitates","14":"tag-arvalstim","15":"tag-breaking-news","16":"tag-breakingnews","17":"tag-featured-news","18":"tag-featurednews","19":"tag-headlines","20":"tag-latest-news","21":"tag-latestnews","22":"tag-latvia","23":"tag-latvian","24":"tag-latviesu","25":"tag-latviesu-valoda","26":"tag-latviesuvaloda","27":"tag-latvija","28":"tag-lv","29":"tag-news","30":"tag-popularakas-zinas","31":"tag-popularakaszinas","32":"tag-slugasv","33":"tag-slugkars-ukraina","34":"tag-slugkrievijas-iebrukums-ukraina","35":"tag-slugungarija","36":"tag-titleasv","37":"tag-titlekars-ukraina","38":"tag-titlekrievijas-iebrukums-ukraina","39":"tag-titleungarija","40":"tag-top-stories","41":"tag-topstories","42":"tag-world","43":"tag-world-news","44":"tag-worldnews","45":"tag-zinas","46":"tag-zinas-no-arvalstim"},"share_on_mastodon":{"url":"","error":""},"_links":{"self":[{"href":"https:\/\/www.europesays.com\/lv\/wp-json\/wp\/v2\/posts\/25085","targetHints":{"allow":["GET"]}}],"collection":[{"href":"https:\/\/www.europesays.com\/lv\/wp-json\/wp\/v2\/posts"}],"about":[{"href":"https:\/\/www.europesays.com\/lv\/wp-json\/wp\/v2\/types\/post"}],"author":[{"embeddable":true,"href":"https:\/\/www.europesays.com\/lv\/wp-json\/wp\/v2\/users\/2"}],"replies":[{"embeddable":true,"href":"https:\/\/www.europesays.com\/lv\/wp-json\/wp\/v2\/comments?post=25085"}],"version-history":[{"count":0,"href":"https:\/\/www.europesays.com\/lv\/wp-json\/wp\/v2\/posts\/25085\/revisions"}],"wp:featuredmedia":[{"embeddable":true,"href":"https:\/\/www.europesays.com\/lv\/wp-json\/wp\/v2\/media\/25086"}],"wp:attachment":[{"href":"https:\/\/www.europesays.com\/lv\/wp-json\/wp\/v2\/media?parent=25085"}],"wp:term":[{"taxonomy":"category","embeddable":true,"href":"https:\/\/www.europesays.com\/lv\/wp-json\/wp\/v2\/categories?post=25085"},{"taxonomy":"post_tag","embeddable":true,"href":"https:\/\/www.europesays.com\/lv\/wp-json\/wp\/v2\/tags?post=25085"}],"curies":[{"name":"wp","href":"https:\/\/api.w.org\/{rel}","templated":true}]}}