{"id":25093,"date":"2025-10-19T11:05:14","date_gmt":"2025-10-19T11:05:14","guid":{"rendered":"https:\/\/www.europesays.com\/lv\/25093\/"},"modified":"2025-10-19T11:05:14","modified_gmt":"2025-10-19T11:05:14","slug":"izraela-nogadati-cetru-kilnieku-liki-turpinas-diplomatiskas-sarunas-par-pamieru-lente-lv","status":"publish","type":"post","link":"https:\/\/www.europesays.com\/lv\/25093\/","title":{"rendered":"Izra\u0113l\u0101 nog\u0101d\u0101ti \u010detru \u0137\u012blnieku l\u012b\u0137i, turpin\u0101s diplom\u0101tisk\u0101s sarunas par pamieru\u00a0\u2014\u00a0Lente.lv"},"content":{"rendered":"<p>Notikumu smagais mantojums: \u010detri \u0137\u012blnieki nog\u0101d\u0101ti Izra\u0113l\u0101<\/p>\n<p>Pag\u0101ju\u0161\u0101s ned\u0113\u013cas nogal\u0113 Izra\u0113l\u0101 tika nog\u0101d\u0101ti \u010detru \u0137\u012blnieku l\u012b\u0137i, kas tika sa\u0146emti no palest\u012bnie\u0161u kaujinieku grup\u0113juma &#8220;Ham\u0101s&#8221; caur Starptautisko Sarkan\u0101 Krusta komiteju. \u0160is tra\u0123iskais notikums izgaismo turpin\u0101mo konflikta dr\u0101mu un t\u0101 dzi\u013c\u0101s sekas, liekot uzsvaru uz hum\u0101n\u0101s kr\u012bzes nopietn\u012bbu Gazas josl\u0101.<\/p>\n<p>Identifik\u0101cijas proced\u016bras un vieno\u0161an\u0101s deta\u013cas<\/p>\n<p>Mirst\u012bg\u0101s atliekas tika nog\u0101d\u0101tas Nacion\u0101laj\u0101 tiesu medic\u012bnas instit\u016bt\u0101 Izra\u0113l\u0101, kur tiks veiktas nepiecie\u0161am\u0101s identifik\u0101cijas proced\u016bras. &#8220;Ham\u0101s&#8221; grup\u0113jums, kas ir atbild\u012bgs par \u0137\u012blnieku sagr\u0101b\u0161anu 7. oktobr\u012b, ir nodevis Izra\u0113lai gan dz\u012bvos, gan miru\u0161os \u0137\u012blniekus k\u0101 da\u013cu no pamiera vieno\u0161an\u0101s, ko veicin\u0101ju\u0161as starptautisk\u0101s p\u016bles, tostarp ASV prezidenta Donalda Trampa iesaiste. S\u0101kotn\u0113j\u0101 vieno\u0161an\u0101s paredz\u0113ja 20 dz\u012bvo \u0137\u012blnieku atbr\u012bvo\u0161anu pret 1968 palest\u012bnie\u0161u ieslodz\u012btajiem, ta\u010du &#8220;Ham\u0101s&#8221; v\u0113l nav piln\u012bb\u0101 izpild\u012bjis savas saist\u012bbas attiec\u012bb\u0101 uz miru\u0161o \u0137\u012blnieku nodo\u0161anu. Izra\u0113las amatpersonas uzsv\u0113ru\u0161as nepiecie\u0161am\u012bbu p\u0113c piln\u012bgas vieno\u0161an\u0101s izpildes, br\u012bdinot par iesp\u0113jamu kauju ats\u0101k\u0161anos, ja miru\u0161o \u0137\u012blnieku atgrie\u0161ana netiks nodro\u0161in\u0101ta. Tom\u0113r &#8220;Ham\u0101s&#8221; p\u0101rst\u0101vji nor\u0101d\u012bju\u0161i, ka miru\u0161o \u0137\u012blnieku nodo\u0161ana ir sare\u017e\u0123\u012bts process, kas prasa laiku un var tikt kav\u0113ts, piem\u0113ram, d\u0113\u013c posta Gazas josl\u0101. K\u0101 piem\u0113ru var min\u0113t \u0160iri Bibasu un vi\u0146as divus d\u0113lus, kuru boj\u0101eju &#8220;Ham\u0101s&#8221; skaidrojis ar Izra\u0113las gaisa uzlidojumiem, bet Izra\u0113la savuk\u0101rt apgalvo, ka vi\u0146i tika nogalin\u0101ti &#8220;Ham\u0101s&#8221; kaujinieku rok\u0101s.<\/p>\n<p>Humanit\u0101r\u0101s kr\u012bzes dzi\u013cums un starptautisk\u0101 reakcija<\/p>\n<p>\u0160\u012b situ\u0101cija notiek uz dr\u016bm\u0101 fona, kur Gazas josl\u0101 turpin\u0101s smaga humanit\u0101r\u0101 kr\u012bze. Pilso\u0146i saskaras ar kritisku pirm\u0101s nepiecie\u0161am\u012bbas pre\u010du, p\u0101rtikas, \u016bdens un medic\u012bnas l\u012bdzek\u013cu tr\u016bkumu. Cilv\u0113kties\u012bbu organiz\u0101cijas un ANO ir paudu\u0161as nopietnas ba\u017eas par bada izplat\u012b\u0161anos un slim\u012bbu pieaugumu, nor\u0101dot, ka situ\u0101cija ir sasniegusi kritisku l\u012bmeni. Izra\u0113la ir sol\u012bjusi palielin\u0101t hum\u0101n\u0101s pal\u012bdz\u012bbas pieg\u0101des un nesen atv\u0113ra Rafahas robe\u017epunktu, kas savieno Gazu ar \u0112\u0123ipti, lai atvieglotu pal\u012bdz\u012bbas pl\u016bsmu. \u0160is solis, kas tika veikts p\u0113c intens\u012bv\u0101m sarun\u0101m un starptautisk\u0101 spiediena, ir cer\u012bbas stars, ta\u010du tas prasa r\u016bp\u012bgu koordin\u0101ciju starp vis\u0101m iesaist\u012btaj\u0101m pus\u0113m, lai nodro\u0161in\u0101tu, ka pal\u012bdz\u012bba sasniedz tos, kam t\u0101 visvair\u0101k nepiecie\u0161ama. Starptautisk\u0101 sabiedr\u012bba ir nosod\u012bjusi \u0137\u012blnieku sagr\u0101b\u0161anu, uzsverot, ka jebkura konflikta laik\u0101 cilv\u0113kties\u012bbu iev\u0113ro\u0161anai j\u0101paliek priorit\u0101tei. ANO izmekl\u0113\u0161anas komisija pat ir non\u0101kusi pie secin\u0101juma, ka Izra\u0113la pret palest\u012bnie\u0161iem Gaz\u0101 ir pastr\u0101d\u0101jusi genoc\u012bdu, nor\u0101dot uz m\u0113\u0123in\u0101jumu sistem\u0101tiski izn\u012bcin\u0101t noteiktas grupas. Tom\u0113r \u0161\u0101di apgalvojumi ir pretrun\u012bgi, jo da\u017eas valstis vaino Izra\u0113lu konflikta eskal\u0101cij\u0101, kam\u0113r citas nosoda &#8220;Ham\u0101s&#8221; par vardarb\u012bbu. Latvijas \u0101rlietu ministre Baiba Bra\u017ee un Valsts prezidents Edgars Rink\u0113vi\u010ds ir paudu\u0161i stingru atbalstu pirmajam posmam Trampa miera pl\u0101n\u0101, uzsverot nekav\u0113jo\u0161u visu \u0137\u012blnieku atbr\u012bvo\u0161anas nepiecie\u0161am\u012bbu.<\/p>\n<p>N\u0101kotnes perspekt\u012bvas un sare\u017e\u0123\u012btie ce\u013ci uz mieru<\/p>\n<p>Situ\u0101cija Gazas josl\u0101 ir \u0101rk\u0101rt\u012bgi sare\u017e\u0123\u012bta un daudzsl\u0101\u0146aina. Lai gan notiek diplom\u0101tiskas sarunas un tiek pan\u0101ktas vieno\u0161an\u0101s par pamieru un pal\u012bdz\u012bbas pieg\u0101d\u0113m, ilgsto\u0161s miers joproj\u0101m \u0161\u0137iet t\u0101ls. Eksperti uzsver, ka pa\u0161reiz\u0113jo situ\u0101ciju nevar d\u0113v\u0113t par ilgsto\u0161u mieru, dr\u012bz\u0101k par uguns p\u0101rtrauk\u0161anu vai pamieru. Izra\u0113las r\u012bc\u012bba, rea\u0123\u0113jot uz 7. oktobra notikumiem, ir izrais\u012bjusi iev\u0113rojamas p\u0101rmai\u0146as Tuvajos Austrumos, ietekm\u0113jot gan re\u0123ion\u0101l\u0101s alianses, gan milit\u0101ros sp\u0113kus. Lai gan ir pan\u0101kts progress attiec\u012bb\u0101 uz \u0137\u012blnieku atbr\u012bvo\u0161anu un hum\u0101n\u0101s pal\u012bdz\u012bbas pieg\u0101d\u0113m, katrs solis uz priek\u0161u ir saist\u012bts ar jauniem izaicin\u0101jumiem un sare\u017e\u0123\u012bjumiem. Cilv\u0113kties\u012bbu organiz\u0101cijas turpina celt trauksmi par nep\u0101rtraukto karadarb\u012bbu un t\u0101s posto\u0161aj\u0101m sek\u0101m civiliedz\u012bvot\u0101jiem, mudinot starptautisko sabiedr\u012bbu mekl\u0113t ilgtsp\u0113j\u012bgus risin\u0101jumus, kas nodro\u0161in\u0101tu mieru un dro\u0161\u012bbu vis\u0101m pus\u0113m. Ir nepiecie\u0161ama turpin\u0101ta diplom\u0101tisk\u0101 darb\u012bba un hum\u0101n\u0101s pal\u012bdz\u012bbas snieg\u0161ana, lai mazin\u0101tu cie\u0161anas un veicin\u0101tu stabilit\u0101ti re\u0123ion\u0101, ta\u010du ce\u013c\u0161 uz patiesu mieru \u0161\u0137iet izlikts ar smag\u0101m p\u0101rbaud\u012bjumiem.<\/p>\n","protected":false},"excerpt":{"rendered":"Notikumu smagais mantojums: \u010detri \u0137\u012blnieki nog\u0101d\u0101ti Izra\u0113l\u0101 Pag\u0101ju\u0161\u0101s ned\u0113\u013cas nogal\u0113 Izra\u0113l\u0101 tika nog\u0101d\u0101ti \u010detru \u0137\u012blnieku l\u012b\u0137i, kas tika&hellip;\n","protected":false},"author":2,"featured_media":25094,"comment_status":"","ping_status":"","sticky":false,"template":"","format":"standard","meta":{"footnotes":""},"categories":[5],"tags":[23,28,29,32,33,1274,1272,22,7846,493,1273,30,31,35,39,38,36,37,34,40,20,26,27,24,25,21],"class_list":{"0":"post-25093","1":"post","2":"type-post","3":"status-publish","4":"format-standard","5":"has-post-thumbnail","7":"category-aktualitates","8":"tag-aktualitates","9":"tag-breaking-news","10":"tag-breakingnews","11":"tag-featured-news","12":"tag-featurednews","13":"tag-gazas-josla","14":"tag-hamas","15":"tag-headlines","16":"tag-humanitara-krize","17":"tag-izraela","18":"tag-kilnieki","19":"tag-latest-news","20":"tag-latestnews","21":"tag-latvia","22":"tag-latvian","23":"tag-latviesu","24":"tag-latviesu-valoda","25":"tag-latviesuvaloda","26":"tag-latvija","27":"tag-lv","28":"tag-news","29":"tag-popularakas-zinas","30":"tag-popularakaszinas","31":"tag-top-stories","32":"tag-topstories","33":"tag-zinas"},"share_on_mastodon":{"url":"","error":""},"_links":{"self":[{"href":"https:\/\/www.europesays.com\/lv\/wp-json\/wp\/v2\/posts\/25093","targetHints":{"allow":["GET"]}}],"collection":[{"href":"https:\/\/www.europesays.com\/lv\/wp-json\/wp\/v2\/posts"}],"about":[{"href":"https:\/\/www.europesays.com\/lv\/wp-json\/wp\/v2\/types\/post"}],"author":[{"embeddable":true,"href":"https:\/\/www.europesays.com\/lv\/wp-json\/wp\/v2\/users\/2"}],"replies":[{"embeddable":true,"href":"https:\/\/www.europesays.com\/lv\/wp-json\/wp\/v2\/comments?post=25093"}],"version-history":[{"count":0,"href":"https:\/\/www.europesays.com\/lv\/wp-json\/wp\/v2\/posts\/25093\/revisions"}],"wp:featuredmedia":[{"embeddable":true,"href":"https:\/\/www.europesays.com\/lv\/wp-json\/wp\/v2\/media\/25094"}],"wp:attachment":[{"href":"https:\/\/www.europesays.com\/lv\/wp-json\/wp\/v2\/media?parent=25093"}],"wp:term":[{"taxonomy":"category","embeddable":true,"href":"https:\/\/www.europesays.com\/lv\/wp-json\/wp\/v2\/categories?post=25093"},{"taxonomy":"post_tag","embeddable":true,"href":"https:\/\/www.europesays.com\/lv\/wp-json\/wp\/v2\/tags?post=25093"}],"curies":[{"name":"wp","href":"https:\/\/api.w.org\/{rel}","templated":true}]}}