{"id":2511,"date":"2025-09-23T04:33:06","date_gmt":"2025-09-23T04:33:06","guid":{"rendered":"https:\/\/www.europesays.com\/lv\/2511\/"},"modified":"2025-09-23T04:33:06","modified_gmt":"2025-09-23T04:33:06","slug":"liepajas-simfoniskais-orkestris-atklaj-145-sezonu-ar-pasaules-zvaigzni-ivetu-apkalnu-lente-lv","status":"publish","type":"post","link":"https:\/\/www.europesays.com\/lv\/2511\/","title":{"rendered":"Liep\u0101jas Simfoniskais or\u0137estris atkl\u0101j 145. sezonu ar pasaules zvaigzni Ivetu Apkalnu\u00a0\u2014\u00a0Lente.lv"},"content":{"rendered":"<p>Liep\u0101jas Simfoniskais or\u0137estris atkl\u0101j 145. sezonu ar pasaulslaveno \u0113r\u0123elnieci Ivetu Apkalnu<\/p>\n<p>Sestdien, 20. septembr\u012b, greznaj\u0101 koncertz\u0101l\u0113 \u201cLielais dzintars\u201d ar kr\u0101\u0161\u0146u koncertu tika atkl\u0101ta Liep\u0101jas Simfonisk\u0101 or\u0137estra 145. koncertsezona. Vec\u0101kais or\u0137estris Baltijas valst\u012bs savu jubilejas sezonu ies\u0101ka ar \u012bpa\u0161u viesi \u2013 pasaul\u0113 atz\u012bto \u0113r\u0123elnieci Ivetu Apkalnu, kura pirmo reizi iepaz\u012bstin\u0101ja klaus\u012bt\u0101jus ar jaunieg\u016bto digit\u0101lo \u0113r\u0123e\u013cu \u201cAhlborn Praeludium V\u201d skan\u0113jumu.<\/p>\n<p>Jaunas ska\u0146as un jauniestud\u0113jumi<\/p>\n<p>Koncerta centr\u0101lais notikums bija J\u0113kaba Jan\u010devska jaun\u0101s \u0112r\u0123e\u013csimfonijas pirmatska\u0146ojums. \u0160is v\u0113rien\u012bgais ska\u0146darbs, kas tapis \u012bpa\u0161i \u0161im notikumam, demonstr\u0113 jaun\u0101s paaudzes latvie\u0161u komponista sp\u0113ju savienot dzi\u013ci personiskus p\u0101rdz\u012bvojumus ar laikmet\u012bgu muzik\u0101lo valodu. Iveta Apkalna, kuras izcil\u0101 meistar\u012bba un j\u016bt\u012bgums sp\u0113j atkl\u0101t pat vissmalk\u0101k\u0101s muzik\u0101l\u0101s nianses, sniedza izcilu interpret\u0101ciju. Vi\u0146as interpret\u0101cij\u0101 komponista m\u016bzika atdz\u012bvoj\u0101s ar emocion\u0101lu intensit\u0101ti un dramatisku dzi\u013cumu. K\u0101 uzsv\u0113ra pats komponists, \u0161is darbs ir k\u0101 logs uz vi\u0146a iek\u0161\u0113jo pasauli, balst\u012bts uz D\u017eeimsa Holisa filozofiskajiem mekl\u0113jumiem.<\/p>\n<p>V\u0113sturiskie un laikmet\u012bgie skan\u0113jumi<\/p>\n<p>Koncerta otraj\u0101 da\u013c\u0101 skan\u0113ja Hektora Berlioza monument\u0101l\u0101 \u201cFantastisk\u0101 simfonija\u201d, kas dat\u0113ta ar 1830. gadu. \u0160is agr\u012bn\u0101 romantisma paraugs p\u0101rsteidz ar savu drosm\u012bgo or\u0137estr\u0101ciju un form\u0101lo br\u012bv\u012bbu, atkl\u0101jot nebiju\u0161u muzik\u0101l\u0101s domas pla\u0161umu. Berlioza rad\u012bt\u0101 muzik\u0101l\u0101 psihodr\u0101ma, kas atspogu\u013co m\u0101kslinieka nepiepild\u012bt\u0101s m\u012blest\u012bbas un izmisuma st\u0101stu, ir apliecin\u0101jums romantisma laikmeta izcil\u012bbai. Koncerta programma, kas apvieno gan latvie\u0161u m\u016bsdienu ori\u0123in\u0101lm\u016bziku, gan pasaules klasikas \u0161edevrus, atspogu\u013co Liep\u0101jas Simfonisk\u0101 or\u0137estra daudzpus\u012bgo virz\u012bbu un amb\u012bcijas jaunaj\u0101 sezon\u0101.<\/p>\n<p>Or\u0137estra bag\u0101t\u0101 v\u0113sture un n\u0101kotnes perspekt\u012bvas<\/p>\n<p>Liep\u0101jas Simfoniskais or\u0137estris, dibin\u0101ts 1881. gad\u0101, ir vec\u0101kais simfoniskais or\u0137estris Baltijas valst\u012bs un vien\u012bgais profesion\u0101lais or\u0137estris Latvij\u0101 \u0101rpus galvaspils\u0113tas. Or\u0137estra v\u0113sture ir bag\u0101ta un daudzsl\u0101\u0146aina, ar izcil\u0101m person\u012bb\u0101m un noz\u012bm\u012bgiem sasniegumiem. M\u016bsdien\u0101s, turpinot trad\u012bcijas un mekl\u0113jot jaunus muzik\u0101lus ce\u013cus, or\u0137estris apliecina savu noz\u012bmi Latvijas kult\u016bras ainav\u0101. N\u0101kamie pas\u0101kumi paredz\u0113ti jau septembra izska\u0146\u0101 ar Latvijas koncertt\u016bri kop\u0101 ar pianistu Daniilu Mickevi\u010du, k\u0101 ar\u012b citus v\u0113rien\u012bgus projektus visa sezonas garum\u0101, tostarp Liep\u0101jas Starptautisko zvaig\u017e\u0146u festiv\u0101lu.<\/p>\n","protected":false},"excerpt":{"rendered":"Liep\u0101jas Simfoniskais or\u0137estris atkl\u0101j 145. sezonu ar pasaulslaveno \u0113r\u0123elnieci Ivetu Apkalnu Sestdien, 20. septembr\u012b, greznaj\u0101 koncertz\u0101l\u0113 \u201cLielais dzintars\u201d&hellip;\n","protected":false},"author":2,"featured_media":2512,"comment_status":"","ping_status":"","sticky":false,"template":"","format":"standard","meta":{"footnotes":""},"categories":[5],"tags":[677,1393,23,28,29,32,33,22,678,1394,30,31,35,39,38,36,37,34,1392,40,20,26,27,24,25,21],"class_list":{"0":"post-2511","1":"post","2":"type-post","3":"status-publish","4":"format-standard","5":"has-post-thumbnail","7":"category-aktualitates","8":"tag-lielais-dzintars","9":"tag-145-sezonas-atklasana","10":"tag-aktualitates","11":"tag-breaking-news","12":"tag-breakingnews","13":"tag-featured-news","14":"tag-featurednews","15":"tag-headlines","16":"tag-iveta-apkalna","17":"tag-jekaba-jancevska-ergelsimfonija","18":"tag-latest-news","19":"tag-latestnews","20":"tag-latvia","21":"tag-latvian","22":"tag-latviesu","23":"tag-latviesu-valoda","24":"tag-latviesuvaloda","25":"tag-latvija","26":"tag-liepajas-simfoniskais-orkestris","27":"tag-lv","28":"tag-news","29":"tag-popularakas-zinas","30":"tag-popularakaszinas","31":"tag-top-stories","32":"tag-topstories","33":"tag-zinas"},"share_on_mastodon":{"url":"","error":""},"_links":{"self":[{"href":"https:\/\/www.europesays.com\/lv\/wp-json\/wp\/v2\/posts\/2511","targetHints":{"allow":["GET"]}}],"collection":[{"href":"https:\/\/www.europesays.com\/lv\/wp-json\/wp\/v2\/posts"}],"about":[{"href":"https:\/\/www.europesays.com\/lv\/wp-json\/wp\/v2\/types\/post"}],"author":[{"embeddable":true,"href":"https:\/\/www.europesays.com\/lv\/wp-json\/wp\/v2\/users\/2"}],"replies":[{"embeddable":true,"href":"https:\/\/www.europesays.com\/lv\/wp-json\/wp\/v2\/comments?post=2511"}],"version-history":[{"count":0,"href":"https:\/\/www.europesays.com\/lv\/wp-json\/wp\/v2\/posts\/2511\/revisions"}],"wp:featuredmedia":[{"embeddable":true,"href":"https:\/\/www.europesays.com\/lv\/wp-json\/wp\/v2\/media\/2512"}],"wp:attachment":[{"href":"https:\/\/www.europesays.com\/lv\/wp-json\/wp\/v2\/media?parent=2511"}],"wp:term":[{"taxonomy":"category","embeddable":true,"href":"https:\/\/www.europesays.com\/lv\/wp-json\/wp\/v2\/categories?post=2511"},{"taxonomy":"post_tag","embeddable":true,"href":"https:\/\/www.europesays.com\/lv\/wp-json\/wp\/v2\/tags?post=2511"}],"curies":[{"name":"wp","href":"https:\/\/api.w.org\/{rel}","templated":true}]}}