{"id":25124,"date":"2025-10-19T12:06:08","date_gmt":"2025-10-19T12:06:08","guid":{"rendered":"https:\/\/www.europesays.com\/lv\/25124\/"},"modified":"2025-10-19T12:06:08","modified_gmt":"2025-10-19T12:06:08","slug":"vai-reperis-satiekas-ar-savu-ilggadejo-stilisti-katrinu-malotu-lente-lv-2","status":"publish","type":"post","link":"https:\/\/www.europesays.com\/lv\/25124\/","title":{"rendered":"vai reperis satiekas ar savu ilggad\u0113jo stilisti Katr\u012bnu Malotu?\u00a0\u2014\u00a0Lente.lv"},"content":{"rendered":"<p>Eminems un vi\u0146a ilggad\u0113j\u0101 stiliste \u2013 jaunas attiec\u012bbas baumu dzirnav\u0101s<\/p>\n<p>\u0160obr\u012bd interneta izklaides medijos valda neliela a\u017eiot\u0101\u017ea par repera Eminema, kura \u012bstais v\u0101rds ir M\u0101r\u0161als Materss, person\u012bgo dz\u012bvi. Baumas liecina, ka slavenais m\u016bzi\u0137is, kur\u0161 alla\u017e r\u016bp\u012bgi sarg\u0101jis savu priv\u0101to dz\u012bvi, var\u0113tu b\u016bt uzs\u0101cis romantisks attiec\u012bbas ar savu ilggad\u0113jo stilisti Katr\u012bnu Malotu. Lai gan ofici\u0101lu apstiprin\u0101jumu no repera vai vi\u0146a p\u0101rst\u0101vjiem nav sa\u0146emts, \u0161\u012b inform\u0101cija strauji izplat\u012bjusies, radot interesi gan fanu, gan mediju vid\u016b.<\/p>\n<p>Profesion\u0101l\u0101 sadarb\u012bba, kas var\u0113tu p\u0101raugt m\u012blest\u012bb\u0101<\/p>\n<p>Katr\u012bna Malota nav sve\u0161a Eminema rado\u0161ajam procesam. Vi\u0146a gadiem ilgi r\u016bp\u0113jusies par repera vizu\u0101lo t\u0113lu, veidojot vi\u0146a stilu m\u016bzikas videoklipiem, fotosesij\u0101m un citiem publiskiem pas\u0101kumiem. K\u0101 zi\u0146o izklaides port\u0101ls TMZ, abi paz\u012bstami jau vair\u0101kus gadus, un Malota ir ar\u012b stiliste citiem iev\u0113rojamiem m\u016bzi\u0137iem, piem\u0113ram, 50 Cent, Snoop Dogg un Robinam T\u012bkam. Malota sav\u0101 profesion\u0101laj\u0101 m\u0101jaslap\u0101 Eminemu d\u0113v\u0113 par \u201csavu viet\u0113jo \u0123\u0113niju\u201d un publiski slav\u0113jusi vi\u0146u, \u012bpa\u0161i atceroties vi\u0146a p\u0101rsteiguma uzst\u0101\u0161anos 2020. gada \u201cOskara\u201d ceremonij\u0101, ko vi\u0146a nod\u0113v\u0113ja par \u201c\u0161ok\u0113jo\u0161u\u201d.<\/p>\n<p>Eminema priv\u0101tuma siena un pag\u0101tnes attiec\u012bbas<\/p>\n<p>Reperis Eminem paz\u012bstams ar savu attur\u012bbu attiec\u012bb\u0101 uz person\u012bgo dz\u012bvi. Pat p\u0113c ilg\u0101s laul\u012bbas un \u0161\u0137ir\u0161an\u0101s no Kima Skota Matersas, ar kuru vi\u0146am ir sare\u017e\u0123\u012btas attiec\u012bbas un kop\u012bgi b\u0113rni, Eminem ir izvair\u012bjies publiski run\u0101t par saviem romantiskajiem partneriem. Vi\u0146\u0161 pat ir publiski izteicies, ka iepaz\u012b\u0161an\u0101s p\u0113c \u0161\u0137ir\u0161an\u0101s bijusi sare\u017e\u0123\u012bta, un vi\u0146a slaven\u0101 dz\u012bvesstila d\u0113\u013c tas neesot viegli. Lai gan pag\u0101tn\u0113 vi\u0146\u0161 ticis saist\u012bts ar da\u017e\u0101d\u0101m person\u0101m, piem\u0113ram, Mariah Carey un Nicki Minaj, \u0161\u012bs saiknes nekad nav guvu\u0161as ofici\u0101lu apstiprin\u0101jumu. Eminem nesen ir k\u013cuvis ar\u012b par vect\u0113vu, jo vi\u0146a meita Heilija D\u017eeida dzemd\u0113ja d\u0113lu, bet adopt\u0113t\u0101 meita Alaina gaida savu pirmo b\u0113rni\u0146u, kas noz\u012bm\u0113, ka reperis dr\u012bzum\u0101 k\u013c\u016bs par vect\u0113vu jau otro reizi. \u0160\u012bs jaun\u0101s zi\u0146as par iesp\u0113jam\u0101m attiec\u012bb\u0101m ar stilisti Malotu rada intrigu, jo t\u0101s var\u0113tu b\u016bt pirm\u0101s publiski saist\u012bt\u0101s romantisk\u0101s attiec\u012bbas p\u0113d\u0113jo gadu laik\u0101.<\/p>\n<p>Neapstiprin\u0101tas baumas un turpm\u0101k\u0101 priv\u0101tuma saglab\u0101\u0161ana<\/p>\n<p>\u0160obr\u012bd ne Eminems, ne Katr\u012bna Malota nav publiski koment\u0113ju\u0161i \u0161\u012bs baumas. Ar\u012b repera p\u0101rst\u0101vji nav sniegu\u0161i nek\u0101dus pazi\u0146ojumus. \u0160\u0101da klus\u0113\u0161ana ir rakstur\u012bga Eminema uzved\u012bbai, kur\u0161 vienm\u0113r ir stingri sarg\u0101jis savu priv\u0101tumu. Lai gan da\u017ei fani ir \u0101tri spekul\u0113ju\u0161i par attiec\u012bbu statusu, citi atg\u0101dina, ka Malota ir profesion\u0101le, kas str\u0101d\u0101jusi ar reperi jau ilgu laiku. Ir skaidrs, ka, neatkar\u012bgi no baumu patiesuma, Eminem turpina saglab\u0101t savu priv\u0101tumu, it \u012bpa\u0161i attiec\u012bb\u0101 uz m\u012blest\u012bbas liet\u0101m. \u0160\u012b situ\u0101cija ir interesants piem\u0113rs tam, k\u0101 slaven\u012bbu person\u012bg\u0101 dz\u012bve sp\u0113j piesaist\u012bt pla\u0161u uzman\u012bbu, pat ja netiek sniegti nek\u0101di ofici\u0101li apstiprin\u0101jumi. Tas par\u0101da, cik svar\u012bga reperim ir vi\u0146a priv\u0101t\u0101s telpas saglab\u0101\u0161ana, pat visliel\u0101k\u0101s slavas zen\u012bt\u0101.<\/p>\n","protected":false},"excerpt":{"rendered":"Eminems un vi\u0146a ilggad\u0113j\u0101 stiliste \u2013 jaunas attiec\u012bbas baumu dzirnav\u0101s \u0160obr\u012bd interneta izklaides medijos valda neliela a\u017eiot\u0101\u017ea par&hellip;\n","protected":false},"author":2,"featured_media":25125,"comment_status":"","ping_status":"","sticky":false,"template":"","format":"standard","meta":{"footnotes":""},"categories":[19],"tags":[7560,89,90,6623,7848,35,39,38,36,37,34,40,7849,1647],"class_list":{"0":"post-25124","1":"post","2":"type-post","3":"status-publish","4":"format-standard","5":"has-post-thumbnail","7":"category-izklaide","8":"tag-eminems","9":"tag-entertainment","10":"tag-izklaide","11":"tag-jaunas-attiecibas","12":"tag-katrina-malota","13":"tag-latvia","14":"tag-latvian","15":"tag-latviesu","16":"tag-latviesu-valoda","17":"tag-latviesuvaloda","18":"tag-latvija","19":"tag-lv","20":"tag-reperis","21":"tag-slavenibu-dzive"},"share_on_mastodon":{"url":"","error":""},"_links":{"self":[{"href":"https:\/\/www.europesays.com\/lv\/wp-json\/wp\/v2\/posts\/25124","targetHints":{"allow":["GET"]}}],"collection":[{"href":"https:\/\/www.europesays.com\/lv\/wp-json\/wp\/v2\/posts"}],"about":[{"href":"https:\/\/www.europesays.com\/lv\/wp-json\/wp\/v2\/types\/post"}],"author":[{"embeddable":true,"href":"https:\/\/www.europesays.com\/lv\/wp-json\/wp\/v2\/users\/2"}],"replies":[{"embeddable":true,"href":"https:\/\/www.europesays.com\/lv\/wp-json\/wp\/v2\/comments?post=25124"}],"version-history":[{"count":0,"href":"https:\/\/www.europesays.com\/lv\/wp-json\/wp\/v2\/posts\/25124\/revisions"}],"wp:featuredmedia":[{"embeddable":true,"href":"https:\/\/www.europesays.com\/lv\/wp-json\/wp\/v2\/media\/25125"}],"wp:attachment":[{"href":"https:\/\/www.europesays.com\/lv\/wp-json\/wp\/v2\/media?parent=25124"}],"wp:term":[{"taxonomy":"category","embeddable":true,"href":"https:\/\/www.europesays.com\/lv\/wp-json\/wp\/v2\/categories?post=25124"},{"taxonomy":"post_tag","embeddable":true,"href":"https:\/\/www.europesays.com\/lv\/wp-json\/wp\/v2\/tags?post=25124"}],"curies":[{"name":"wp","href":"https:\/\/api.w.org\/{rel}","templated":true}]}}