{"id":25143,"date":"2025-10-19T12:29:15","date_gmt":"2025-10-19T12:29:15","guid":{"rendered":"https:\/\/www.europesays.com\/lv\/25143\/"},"modified":"2025-10-19T12:29:15","modified_gmt":"2025-10-19T12:29:15","slug":"lusis-komente-%e2%9f%a9-launie-mednieki-tapat-vien-slepkavo-sunisus-tvnet","status":"publish","type":"post","link":"https:\/\/www.europesays.com\/lv\/25143\/","title":{"rendered":"L\u016aSIS KOMENT\u0112 \u27e9 \u013baunie mednieki t\u0101pat vien slepkavo sun\u012b\u0161us! &#8211; TVNET"},"content":{"rendered":"<ol>\n<li><a href=\"https:\/\/news.google.com\/rss\/articles\/CBMijwFBVV95cUxNcWVUMGFCWU5YSzRpUzRHQ0hCRHhwVTlzdHhtVmx3emtWTFdfMHVUWDdyMENiVFdnbnhjekdQQzRoM1ZrbmYxYmUxY1BEZGhvM2R2MzQ5ZWlRNEVFdDN5NFIwQ1NzUDBkeXN1SVFVQVlydExsN3poLTV3SGY0bWdHMTJrVFJZTEF4bk0xdXo1UQ?oc=5\" target=\"_blank\" rel=\"nofollow noopener\">L\u016aSIS KOMENT\u0112 \u27e9 \u013baunie mednieki t\u0101pat vien slepkavo sun\u012b\u0161us!<\/a>&nbsp;&nbsp;TVNET<\/li>\n<li><a href=\"https:\/\/news.google.com\/rss\/articles\/CBMi4wFBVV95cUxOemF1S1EwZ1NXRFBkWHBDeHpJVmVKcW5fZWtoQXBGNUtGcVVYTF9uRDllUW9xSDlZTUtRZzBPN0lFTkNOQnZXcllIZVhwSTFGcm5LR2NvMXg0cm5wM3VFWmpXNHBXMVFJN0hUcWF0RnhicmY2WnYtY3VmS1JpeXY4Zm9xZ3BOSkV3Ym5CSjdVamRJZVFBdjdzSUtDLUdyb2h5RUNzTW0xZXN1Ylk2N2JYV3A1MUhENEVsXzhpWld6aWk1UnB3TU14SjJGR24weWZhOUszQlRFNDNfUDB5UDRxZDVLWQ?oc=5\" target=\"_blank\" rel=\"nofollow noopener\">&#8220;Ir pamats uzskat\u012bt, ka tiks noskaidrota paties\u012bba&#8221;. &#8220;Modra olu&#8221; \u012bpa\u0161nieka su\u0146u no\u0161au\u0161anas izmekl\u0113\u0161ana turpin\u0101s<\/a>&nbsp;&nbsp;Delfi<\/li>\n<li><a href=\"https:\/\/news.google.com\/rss\/articles\/CBMilAFBVV95cUxObU12cTY0RmdiMFFpVW5BQmsyRXVfbVBIVkFucHFHZkxQc2tOcFdhYWNaUzY3bmZXa0w5WjFldE9kWEF1V3JDLTBwekRJUm5CRjFCbXVBUnprUzViRy1Ya2hrMkR5VmZVSjZ5aU5LX3RRbU81d2RrbGxLSVk2SVVzS21FZGtGYUI5Yjh6YlBFLUxobkVM?oc=5\" target=\"_blank\" rel=\"nofollow noopener\">FOTO un VIDEO: Piket\u0101 izskan apliecin\u0101jums: &#8220;Modri \u2013 m\u0113s ar tevi!&#8221;<\/a>&nbsp;&nbsp;BauskasDzive.lv<\/li>\n<li><a href=\"https:\/\/news.google.com\/rss\/articles\/CBMi1AFBVV95cUxOaEprMGRBUWRpTzEtMks1MlFWNjVYU0JITU0zaEF6djZCSjQ4dW1aMWtCQmgxNHp6c1c3VFlXVkdPWGR2Y2JvaXRXd2NnWF9XRmJLN3B6UC15TzJRd0pPLWxJdlVhaWV6TnRwSmVGQ2ZzcEgtN21zOE5PZXZqRUxKQVU5VXhjVDEtTXVnVFY1dUxGNGkxZ25PQzlWbmNEVGlCdnMyUzdrN0ZUajdmVzFYMFk0UUJTZDRUdGxvSWNJLXhSQnZ0b1NZY3lqMnR1OG1IeWtrYQ?oc=5\" target=\"_blank\" rel=\"nofollow noopener\">Brunavas no\u0161auto su\u0146u lieta. Vai likums neparedz vienpersoniski sod\u012bt suni par stirnas saplos\u012b\u0161anu?<\/a>&nbsp;&nbsp;tv3.lv<\/li>\n<li><a href=\"https:\/\/news.google.com\/rss\/articles\/CBMi0wFBVV95cUxNZEUyZERjdU1BWm9IVmxHdEtMVU10V09scHVoSWltYlpsMzBfWVUtTExzcGdxYl9jSmlLSXRqR1V6ZmdlX0YxeFlJN3Vsb0k5YUR3cDhhY3N4TWdjbTFPaWVZTFF2S3dpSEJmTFVCaWlELVZoMkdOSmg4WHUtb0Q0N2JiNWZSb1RsUDQ3dnFza2tyOXhuTmZGc2xBZ1l2aVMtbV9FUnYtN1ZXRm1waVloZTgtMTg5RTBMb01JaElyMEtsTk9jeWQ5VUkyN0JKbEtXckNr?oc=5\" target=\"_blank\" rel=\"nofollow noopener\">FOTO: Piket\u0101 saist\u012bb\u0101 ar su\u0146u no\u0161au\u0161anu Bauskas novad\u0101 gulst ziedi un svec\u012btes \/ Raksts<\/a>&nbsp;&nbsp;LSM<\/li>\n<\/ol>\n","protected":false},"excerpt":{"rendered":"L\u016aSIS KOMENT\u0112 \u27e9 \u013baunie mednieki t\u0101pat vien slepkavo sun\u012b\u0161us!&nbsp;&nbsp;TVNET &#8220;Ir pamats uzskat\u012bt, ka tiks noskaidrota paties\u012bba&#8221;. &#8220;Modra olu&#8221;&hellip;\n","protected":false},"author":2,"featured_media":24693,"comment_status":"","ping_status":"","sticky":false,"template":"","format":"standard","meta":{"footnotes":""},"categories":[5],"tags":[23,28,29,7697,7696,5807,32,33,22,30,31,35,39,38,36,37,34,239,40,5943,7695,20,26,27,5942,238,24,25,240,21],"class_list":{"0":"post-25143","1":"post","2":"type-post","3":"status-publish","4":"format-standard","5":"has-post-thumbnail","7":"category-aktualitates","8":"tag-aktualitates","9":"tag-breaking-news","10":"tag-breakingnews","11":"tag-divana-eksperti","12":"tag-divans","13":"tag-dzivnieki","14":"tag-featured-news","15":"tag-featurednews","16":"tag-headlines","17":"tag-latest-news","18":"tag-latestnews","19":"tag-latvia","20":"tag-latvian","21":"tag-latviesu","22":"tag-latviesu-valoda","23":"tag-latviesuvaloda","24":"tag-latvija","25":"tag-lusis-komente","26":"tag-lv","27":"tag-majdzivnieki","28":"tag-mednieks","29":"tag-news","30":"tag-popularakas-zinas","31":"tag-popularakaszinas","32":"tag-suni","33":"tag-toms-lusis","34":"tag-top-stories","35":"tag-topstories","36":"tag-tvnet-viedokli","37":"tag-zinas"},"share_on_mastodon":{"url":"","error":""},"_links":{"self":[{"href":"https:\/\/www.europesays.com\/lv\/wp-json\/wp\/v2\/posts\/25143","targetHints":{"allow":["GET"]}}],"collection":[{"href":"https:\/\/www.europesays.com\/lv\/wp-json\/wp\/v2\/posts"}],"about":[{"href":"https:\/\/www.europesays.com\/lv\/wp-json\/wp\/v2\/types\/post"}],"author":[{"embeddable":true,"href":"https:\/\/www.europesays.com\/lv\/wp-json\/wp\/v2\/users\/2"}],"replies":[{"embeddable":true,"href":"https:\/\/www.europesays.com\/lv\/wp-json\/wp\/v2\/comments?post=25143"}],"version-history":[{"count":0,"href":"https:\/\/www.europesays.com\/lv\/wp-json\/wp\/v2\/posts\/25143\/revisions"}],"wp:featuredmedia":[{"embeddable":true,"href":"https:\/\/www.europesays.com\/lv\/wp-json\/wp\/v2\/media\/24693"}],"wp:attachment":[{"href":"https:\/\/www.europesays.com\/lv\/wp-json\/wp\/v2\/media?parent=25143"}],"wp:term":[{"taxonomy":"category","embeddable":true,"href":"https:\/\/www.europesays.com\/lv\/wp-json\/wp\/v2\/categories?post=25143"},{"taxonomy":"post_tag","embeddable":true,"href":"https:\/\/www.europesays.com\/lv\/wp-json\/wp\/v2\/tags?post=25143"}],"curies":[{"name":"wp","href":"https:\/\/api.w.org\/{rel}","templated":true}]}}