{"id":25164,"date":"2025-10-19T12:52:18","date_gmt":"2025-10-19T12:52:18","guid":{"rendered":"https:\/\/www.europesays.com\/lv\/25164\/"},"modified":"2025-10-19T12:52:18","modified_gmt":"2025-10-19T12:52:18","slug":"video-%e2%9f%a9-vinam-bija-21-bet-vinai","status":"publish","type":"post","link":"https:\/\/www.europesays.com\/lv\/25164\/","title":{"rendered":"VIDEO \u27e9 Vi\u0146am bija 21, bet vi\u0146ai"},"content":{"rendered":"<p>Aizvad\u012bt\u0101 gada j\u016bnija beig\u0101s <a href=\"https:\/\/www.apollo.lv\/term\/555407\/valsts-policija\" class=\"topicLink\" target=\"_blank\" rel=\"nofollow noopener\">Valsts policija<\/a> mekl\u0113\u0161an\u0101 izsludin\u0101ja k\u0101du v\u012brieti, kur\u0161 bija nodar\u012bjis sevi\u0161\u0137i smagu noziegumu. Toreiz likumsargu ekip\u0101\u017eas p\u0101rbaud\u012bja \u0136engaraga iedz\u012bvot\u0101jus Festiv\u0101la, Ik\u0161\u0137iles, Pr\u016b\u0161u un Vi\u0161\u0137u ielas apk\u0101rtn\u0113.<\/p>\n<p>Uz k\u0101du br\u012bdi \u0161aj\u0101 nam\u0101 tika sl\u0113gtas vair\u0101kas k\u0101p\u0146u telpas. Iek\u0161\u0101 eso\u0161os v\u012brie\u0161us fotograf\u0113ja, k\u0101 ar\u012b p\u0101rbaud\u012bja vi\u0146u dokumentus. \u0160\u0101d\u0101 veid\u0101 policisti cent\u0101s noskaidrot, vai noziedznieks nav pasl\u0113pies k\u0101d\u0101 no tuv\u0113j\u0101m \u0113k\u0101m.<\/p>\n<p>Video nov\u0113ro\u0161anas kameras Pr\u016b\u0161u iel\u0101 7 \u013c\u0101va likumsargiem atkl\u0101t, k\u0101 izskat\u0101s iesp\u0113jamais varm\u0101ka. Tur uz\u0146emtos att\u0113lus p\u0113c tam public\u0113ja medijos un jau p\u0113c neilga br\u012b\u017ea policijas darbinieki v\u012brieti identific\u0113ja un atrada.<\/p>\n<p>Mekl\u0113\u0161an\u0101 izsludin\u0101tais v\u012brietis savu upuri noskat\u012bja uz k\u0101das ielas \u0136engarag\u0101. Meitene, kurai taj\u0101 br\u012bd\u012b bija vien devi\u0146i gadi, ieg\u0101ja daudzdz\u012bvok\u013cu m\u0101jas k\u0101p\u0146utelp\u0101, bet v\u012brietis vi\u0146ai sekoja. P\u0113c tam vi\u0146\u0161 aizlika roku aiz cietu\u0161\u0101s ap\u0123\u0113rba un aptaust\u012bja vi\u0146as dzimumorg\u0101nus.<\/p>\n<p>Aps\u016bdz\u0113tais jau vair\u0101kas reizes bijis ties\u0101ts, ar\u012b laik\u0101, kad v\u0113l nebija sasniedzis pilngad\u012bbu. Nozieguma veik\u0161anas br\u012bd\u012b vi\u0146am bija 21 gads. Prokurat\u016brai izdev\u0101s pan\u0101kt, ka varm\u0101ka sa\u0146ems atbilsto\u0161u sodu.<\/p>\n<p>Vair\u0101k skaties raid\u012bjuma &#8220;Degpunkt\u0101&#8221; si\u017eet\u0101:<\/p>\n","protected":false},"excerpt":{"rendered":"Aizvad\u012bt\u0101 gada j\u016bnija beig\u0101s Valsts policija mekl\u0113\u0161an\u0101 izsludin\u0101ja k\u0101du v\u012brieti, kur\u0161 bija nodar\u012bjis sevi\u0161\u0137i smagu noziegumu. Toreiz likumsargu&hellip;\n","protected":false},"author":2,"featured_media":25165,"comment_status":"","ping_status":"","sticky":false,"template":"","format":"standard","meta":{"footnotes":""},"categories":[12],"tags":[23,28,29,3368,32,33,22,1897,30,31,35,39,38,36,37,34,40,20,26,27,24,25,138,21],"class_list":{"0":"post-25164","1":"post","2":"type-post","3":"status-publish","4":"format-standard","5":"has-post-thumbnail","7":"category-latvija","8":"tag-aktualitates","9":"tag-breaking-news","10":"tag-breakingnews","11":"tag-cietumsods","12":"tag-featured-news","13":"tag-featurednews","14":"tag-headlines","15":"tag-kriminalzinas","16":"tag-latest-news","17":"tag-latestnews","18":"tag-latvia","19":"tag-latvian","20":"tag-latviesu","21":"tag-latviesu-valoda","22":"tag-latviesuvaloda","23":"tag-latvija","24":"tag-lv","25":"tag-news","26":"tag-popularakas-zinas","27":"tag-popularakaszinas","28":"tag-top-stories","29":"tag-topstories","30":"tag-valsts-policija","31":"tag-zinas"},"share_on_mastodon":{"url":"","error":""},"_links":{"self":[{"href":"https:\/\/www.europesays.com\/lv\/wp-json\/wp\/v2\/posts\/25164","targetHints":{"allow":["GET"]}}],"collection":[{"href":"https:\/\/www.europesays.com\/lv\/wp-json\/wp\/v2\/posts"}],"about":[{"href":"https:\/\/www.europesays.com\/lv\/wp-json\/wp\/v2\/types\/post"}],"author":[{"embeddable":true,"href":"https:\/\/www.europesays.com\/lv\/wp-json\/wp\/v2\/users\/2"}],"replies":[{"embeddable":true,"href":"https:\/\/www.europesays.com\/lv\/wp-json\/wp\/v2\/comments?post=25164"}],"version-history":[{"count":0,"href":"https:\/\/www.europesays.com\/lv\/wp-json\/wp\/v2\/posts\/25164\/revisions"}],"wp:featuredmedia":[{"embeddable":true,"href":"https:\/\/www.europesays.com\/lv\/wp-json\/wp\/v2\/media\/25165"}],"wp:attachment":[{"href":"https:\/\/www.europesays.com\/lv\/wp-json\/wp\/v2\/media?parent=25164"}],"wp:term":[{"taxonomy":"category","embeddable":true,"href":"https:\/\/www.europesays.com\/lv\/wp-json\/wp\/v2\/categories?post=25164"},{"taxonomy":"post_tag","embeddable":true,"href":"https:\/\/www.europesays.com\/lv\/wp-json\/wp\/v2\/tags?post=25164"}],"curies":[{"name":"wp","href":"https:\/\/api.w.org\/{rel}","templated":true}]}}