{"id":25176,"date":"2025-10-19T13:05:21","date_gmt":"2025-10-19T13:05:21","guid":{"rendered":"https:\/\/www.europesays.com\/lv\/25176\/"},"modified":"2025-10-19T13:05:21","modified_gmt":"2025-10-19T13:05:21","slug":"tukuma-dzelzcela-linijas-remontdarbu-laika-atklas-jaunu-autobusu-marsrutu-dubulti-tukums","status":"publish","type":"post","link":"https:\/\/www.europesays.com\/lv\/25176\/","title":{"rendered":"Tukuma dzelzce\u013ca l\u012bnijas remontdarbu laik\u0101 atkl\u0101s jaunu autobusu mar\u0161rutu Dubulti-Tukums"},"content":{"rendered":"<p>Tukuma dzelzce\u013ca l\u012bnijas remontdarbu laik\u0101 pirmdien, 20. oktobr\u012b, tiks atkl\u0101ts jauns autobusu mar\u0161ruts Dubulti-Tukums, inform\u0113ja Autotransporta direkcij\u0101 (ATD).<\/p>\n<p>Paredz\u0113ts, ka autobusi no pieturas &#8220;Autoosta&#8221; pie Tukuma autoostas darba dien\u0101s izbrauks plkst. 16.40 un 17.10 un brauks l\u012bdz Dubultu dzelzce\u013ca stacijai.<\/p>\n<p>Savuk\u0101rt autobusi no Dubultu dzelzce\u013ca stacijas darba dien\u0101s izbrauks plkst. 17.45 un 18.15 un brauks l\u012bdz Tukumam.<\/p>\n<p>Min\u0113tie autobusu reisi ir pieska\u0146oti vilcienu kust\u012bbas sarakstam.<\/p>\n<p>Reisus izpild\u012bs SIA &#8220;Tukuma auto&#8221;.<\/p>\n<p>T\u0101pat paredz\u0113tas izmai\u0146as atsevi\u0161\u0137os autobusu reisos, iebraucot pietur\u0101 &#8220;Autoosta&#8221; pie Tukuma autoostas.<\/p>\n<p>Tukuma l\u012bnij\u0101 dzelzce\u013ca kontaktt\u012bkla p\u0101rb\u016bves darbu d\u0113\u013c l\u012bdz 5. novembrim ir piln\u012bb\u0101 sl\u0113gta vilcienu kust\u012bbu posm\u0101 Asari-\u0136emeri.<\/p>\n<p>T\u0101d\u0113j\u0101di \u0161aj\u0101 dzelzce\u013ca posm\u0101 pasa\u017eieru p\u0101rvad\u0101jumi tiks organiz\u0113ti ar autobusiem, k\u0101 ar\u012b \u0161aj\u0101 laika period\u0101 vilcieni kurs\u0113s ret\u0101k.<\/p>\n<p>LDz inform\u0113, ka, turpinot elektrific\u0113t\u0101 t\u012bkla moderniz\u0101cijas darbus, no piektdienas s\u0101kusies otr\u0101 b\u016bvniec\u012bbas k\u0101rta, un l\u012bdz 2026. gada apr\u012b\u013ca beig\u0101m b\u016bvdarbiem tiks periodiski sl\u0113gti atsevi\u0161\u0137i slie\u017eu ce\u013cu posmi un ierobe\u017eota vilcienu satiksme.<\/p>\n<p>Vilcienu kust\u012bba mar\u0161rut\u0101 R\u012bga-Dubulti un Dubulti-R\u012bga remontdarbu laik\u0101 saglab\u0101sies ierastaj\u0101 intensit\u0101t\u0113 &#8211; maksimuma stund\u0101s, kad ir liel\u0101k\u0101 pasa\u017eieru pl\u016bsma, vilcieni kurs\u0113s aptuveni ik p\u0113c 15 min\u016bt\u0113m, bet p\u0101r\u0113j\u0101 laik\u0101 &#8211; reizi 30 min\u016bt\u0113s.<\/p>\n<p>Vilcienu kust\u012bbas intensit\u0101te b\u016bs samazin\u0101ta posm\u0101 no Dubultiem l\u012bdz Slokai abos virzienos &#8211; no aptuveni diviem reisiem stund\u0101 l\u012bdz vienam reisam stund\u0101. Savuk\u0101rt kust\u012bbas intensit\u0101te l\u012bdz Tukumam saglab\u0101sies l\u012bdz\u012bg\u0101 apjom\u0101 k\u0101 l\u012bdz \u0161im.<\/p>\n<p>Jau zi\u0146ots, ka LDz ir s\u0101cis darbu pie elektrific\u0113t\u0101 t\u012bkla moderniz\u0101cijas, \u0146emot v\u0113r\u0101, ka patlaban liel\u0101k\u0101 da\u013ca dzelzce\u013ca kontaktt\u012bkla kop\u0113j\u0101 apm\u0113ra p\u0101rsniedz t\u0101 tehnisk\u0101s ekspluat\u0101cijas kalpo\u0161anas ilgumu.<\/p>\n<p>Projekt\u0101 par dzelzce\u013ca elektrific\u0113t\u0101 t\u012bkla moderniz\u0101ciju un att\u012bst\u012bbu ir paredz\u0113ts veikt kontaktt\u012bkla p\u0101rb\u016bves un signaliz\u0101cijas apak\u0161sist\u0113mu p\u0101rb\u016bves darbus posm\u0101 R\u012bga-Zemit\u0101ni, veikt kontaktt\u012bkla izb\u016bves un p\u0101rb\u016bves un signaliz\u0101cijas apak\u0161sist\u0113mu p\u0101rb\u016bves darbus posm\u0101 Zasulauks-Bolder\u0101ja, k\u0101 ar\u012b veikt kontaktt\u012bkla p\u0101rb\u016bves un signaliz\u0101cijas apak\u0161sist\u0113mu p\u0101rb\u016bves darbus posm\u0101 Imanta-Sloka.<\/p>\n<p>Darbi tiks organiz\u0113ti pa etapiem, veicot tos ar\u012b vakara un nakts stund\u0101s, k\u0101 ar\u012b noteiktos periodos b\u016bs ietekm\u0113ts pasa\u017eieru vilcienu kust\u012bbas grafiks.<\/p>\n<p>Realiz\u0113jot projektu, pasa\u017eieru p\u0101rvad\u0101jumiem tiks elektrific\u0113tas un moderniz\u0113tas dzelzce\u013ca l\u012bnijas kopum\u0101 aptuveni 100 kilometru garum\u0101.<\/p>\n","protected":false},"excerpt":{"rendered":"Tukuma dzelzce\u013ca l\u012bnijas remontdarbu laik\u0101 pirmdien, 20. oktobr\u012b, tiks atkl\u0101ts jauns autobusu mar\u0161ruts Dubulti-Tukums, inform\u0113ja Autotransporta direkcij\u0101 (ATD).&hellip;\n","protected":false},"author":2,"featured_media":25177,"comment_status":"","ping_status":"","sticky":false,"template":"","format":"standard","meta":{"footnotes":""},"categories":[12],"tags":[23,28,29,47,32,33,22,381,64,30,31,35,39,38,36,37,34,40,20,385,26,27,172,382,384,383,24,25,21],"class_list":{"0":"post-25176","1":"post","2":"type-post","3":"status-publish","4":"format-standard","5":"has-post-thumbnail","7":"category-latvija","8":"tag-aktualitates","9":"tag-breaking-news","10":"tag-breakingnews","11":"tag-ekonomika","12":"tag-featured-news","13":"tag-featurednews","14":"tag-headlines","15":"tag-jaunumi","16":"tag-kultura","17":"tag-latest-news","18":"tag-latestnews","19":"tag-latvia","20":"tag-latvian","21":"tag-latviesu","22":"tag-latviesu-valoda","23":"tag-latviesuvaloda","24":"tag-latvija","25":"tag-lv","26":"tag-news","27":"tag-pieriga","28":"tag-popularakas-zinas","29":"tag-popularakaszinas","30":"tag-riga","31":"tag-sabiedriba","32":"tag-sludinajumi","33":"tag-sports-afisa","34":"tag-top-stories","35":"tag-topstories","36":"tag-zinas"},"share_on_mastodon":{"url":"","error":""},"_links":{"self":[{"href":"https:\/\/www.europesays.com\/lv\/wp-json\/wp\/v2\/posts\/25176","targetHints":{"allow":["GET"]}}],"collection":[{"href":"https:\/\/www.europesays.com\/lv\/wp-json\/wp\/v2\/posts"}],"about":[{"href":"https:\/\/www.europesays.com\/lv\/wp-json\/wp\/v2\/types\/post"}],"author":[{"embeddable":true,"href":"https:\/\/www.europesays.com\/lv\/wp-json\/wp\/v2\/users\/2"}],"replies":[{"embeddable":true,"href":"https:\/\/www.europesays.com\/lv\/wp-json\/wp\/v2\/comments?post=25176"}],"version-history":[{"count":0,"href":"https:\/\/www.europesays.com\/lv\/wp-json\/wp\/v2\/posts\/25176\/revisions"}],"wp:featuredmedia":[{"embeddable":true,"href":"https:\/\/www.europesays.com\/lv\/wp-json\/wp\/v2\/media\/25177"}],"wp:attachment":[{"href":"https:\/\/www.europesays.com\/lv\/wp-json\/wp\/v2\/media?parent=25176"}],"wp:term":[{"taxonomy":"category","embeddable":true,"href":"https:\/\/www.europesays.com\/lv\/wp-json\/wp\/v2\/categories?post=25176"},{"taxonomy":"post_tag","embeddable":true,"href":"https:\/\/www.europesays.com\/lv\/wp-json\/wp\/v2\/tags?post=25176"}],"curies":[{"name":"wp","href":"https:\/\/api.w.org\/{rel}","templated":true}]}}