{"id":25185,"date":"2025-10-19T13:24:15","date_gmt":"2025-10-19T13:24:15","guid":{"rendered":"https:\/\/www.europesays.com\/lv\/25185\/"},"modified":"2025-10-19T13:24:15","modified_gmt":"2025-10-19T13:24:15","slug":"policija-atsakas-sakt-kriminalprocesu-pec-teva-sudzibas-par-kebabnicas-darbinieku-liepaja","status":"publish","type":"post","link":"https:\/\/www.europesays.com\/lv\/25185\/","title":{"rendered":"Policija atsak\u0101s s\u0101kt krimin\u0101lprocesu p\u0113c t\u0113va s\u016bdz\u012bbas par kebabn\u012bcas darbinieku Liep\u0101j\u0101"},"content":{"rendered":"<p>Par notiku\u0161o policija bija sa\u0146\u0113musi meitenes t\u0113va iesniegumu. Vi\u0146\u0161 ar\u012b publiskoja soci\u0101lajos t\u012bklos kebabn\u012bcas darbinieka (Indijas pilso\u0146a) fotogr\u0101fiju.<\/p>\n<p>Pats kebabn\u012bcas darbinieks visus apvainojumus noliedza, ta\u010du vi\u0146\u0161 vair\u0101kk\u0101rt esot sa\u0146\u0113mis draudus par fizisku izr\u0113\u0137in\u0101\u0161anos. Soci\u0101lo t\u012bklu skand\u0101la d\u0113\u013c v\u012brieti atlaida no darba, un vi\u0146\u0161 dev\u0101s prom no Liep\u0101jas, un iesp\u0113jams, ar\u012b no Latvijas.<\/p>\n<p>Tagad policija secin\u0101jusi, ka noziedz\u012bga nodar\u012bjuma nav. 360TV Zi\u0146as sa\u0146\u0113ma rakstisku atbildi no Valsts policijas Kurzemes re\u0123iona p\u0101rvaldes p\u0101rst\u0101ves Madaras \u0160er\u0161\u0146ovas: \u201cValsts policij\u0101 tika pie\u0146emts l\u0113mums par atteik\u0161anos uzs\u0101kt krimin\u0101lprocesu, pamatojoties uz to, ka nav noticis noziedz\u012bgs nodar\u012bjums. \u0160aj\u0101 gad\u012bjum\u0101 jau s\u0101kotn\u0113ji netika g\u016bts apstiprin\u0101jums publiski paustajai inform\u0101cijai un, ieg\u016bstot videomateri\u0101lu un skaidrojot notiku\u0161o, nav g\u016bti pier\u0101d\u012bjumi tam, ka \u0161aj\u0101 gad\u012bjum\u0101 b\u016btu noticis noziedz\u012bgs nodar\u012bjums.\u201d<\/p>\n<p>360TV Zi\u0146as atg\u0101dina, ka policija ar\u012b aicin\u0101ja meitenes t\u0113vu iz\u0146emt kebabn\u012bcas darbinieka fotogr\u0101fiju no sava soci\u0101lo t\u012bklu konta, lai izvair\u012btos no rasistisk\u0101m izpausm\u0113m, ta\u010du tas netika izdar\u012bts.<\/p>\n","protected":false},"excerpt":{"rendered":"Par notiku\u0161o policija bija sa\u0146\u0113musi meitenes t\u0113va iesniegumu. Vi\u0146\u0161 ar\u012b publiskoja soci\u0101lajos t\u012bklos kebabn\u012bcas darbinieka (Indijas pilso\u0146a) fotogr\u0101fiju.&hellip;\n","protected":false},"author":2,"featured_media":25186,"comment_status":"","ping_status":"","sticky":false,"template":"","format":"standard","meta":{"footnotes":""},"categories":[12],"tags":[23,28,29,32,33,22,30,31,35,39,38,36,37,34,444,40,20,26,27,24,25,138,21],"class_list":{"0":"post-25185","1":"post","2":"type-post","3":"status-publish","4":"format-standard","5":"has-post-thumbnail","7":"category-latvija","8":"tag-aktualitates","9":"tag-breaking-news","10":"tag-breakingnews","11":"tag-featured-news","12":"tag-featurednews","13":"tag-headlines","14":"tag-latest-news","15":"tag-latestnews","16":"tag-latvia","17":"tag-latvian","18":"tag-latviesu","19":"tag-latviesu-valoda","20":"tag-latviesuvaloda","21":"tag-latvija","22":"tag-liepaja","23":"tag-lv","24":"tag-news","25":"tag-popularakas-zinas","26":"tag-popularakaszinas","27":"tag-top-stories","28":"tag-topstories","29":"tag-valsts-policija","30":"tag-zinas"},"share_on_mastodon":{"url":"","error":""},"_links":{"self":[{"href":"https:\/\/www.europesays.com\/lv\/wp-json\/wp\/v2\/posts\/25185","targetHints":{"allow":["GET"]}}],"collection":[{"href":"https:\/\/www.europesays.com\/lv\/wp-json\/wp\/v2\/posts"}],"about":[{"href":"https:\/\/www.europesays.com\/lv\/wp-json\/wp\/v2\/types\/post"}],"author":[{"embeddable":true,"href":"https:\/\/www.europesays.com\/lv\/wp-json\/wp\/v2\/users\/2"}],"replies":[{"embeddable":true,"href":"https:\/\/www.europesays.com\/lv\/wp-json\/wp\/v2\/comments?post=25185"}],"version-history":[{"count":0,"href":"https:\/\/www.europesays.com\/lv\/wp-json\/wp\/v2\/posts\/25185\/revisions"}],"wp:featuredmedia":[{"embeddable":true,"href":"https:\/\/www.europesays.com\/lv\/wp-json\/wp\/v2\/media\/25186"}],"wp:attachment":[{"href":"https:\/\/www.europesays.com\/lv\/wp-json\/wp\/v2\/media?parent=25185"}],"wp:term":[{"taxonomy":"category","embeddable":true,"href":"https:\/\/www.europesays.com\/lv\/wp-json\/wp\/v2\/categories?post=25185"},{"taxonomy":"post_tag","embeddable":true,"href":"https:\/\/www.europesays.com\/lv\/wp-json\/wp\/v2\/tags?post=25185"}],"curies":[{"name":"wp","href":"https:\/\/api.w.org\/{rel}","templated":true}]}}