{"id":25200,"date":"2025-10-19T13:39:08","date_gmt":"2025-10-19T13:39:08","guid":{"rendered":"https:\/\/www.europesays.com\/lv\/25200\/"},"modified":"2025-10-19T13:39:08","modified_gmt":"2025-10-19T13:39:08","slug":"berzinam-pasaules-sorttreka-ture-piekta-vieta-b-finala-ziemas-sports-sportacentrs-com","status":"publish","type":"post","link":"https:\/\/www.europesays.com\/lv\/25200\/","title":{"rendered":"B\u0113rzi\u0146am Pasaules \u0161orttreka t\u016br\u0113 piekt\u0101 vieta B fin\u0101l\u0101 \u2013 Ziemas sports \u2013 Sportacentrs.com"},"content":{"rendered":"<p>B\u0113rzi\u0146\u0161 pusfin\u0101l\u0101 sav\u0101 slidojum\u0101 ie\u0146\u0113ma piekto vietu septi\u0146u sportistu vid\u016b un izc\u012bn\u012bja vietu B fin\u0101l\u0101, kur ierindoj\u0101s piektaj\u0101 viet\u0101, distanci veicot div\u0101s min\u016bt\u0113s un 23,774 sekund\u0113s. slidojuma uzvar\u0113t\u0101jam \u0137\u012bnietim Su\u0146am Lonam vi\u0146\u0161 zaud\u0113ja 1,169 sekundes.<\/p>\n<p>M\u0101ris J\u0101nis \u0160ternmanis \u0161aj\u0101 distanc\u0113 gandar\u012bjuma sacens\u012bbu pirmaj\u0101 k\u0101rt\u0101 ie\u0146\u0113ma ceturto vietu septi\u0146u sportistu vid\u016b un sacens\u012bbas beidza.<\/p>\n<p>500 metru distances gandar\u012bjuma sacens\u012bbu otraj\u0101 k\u0101rt\u0101 Roberts Kr\u016bzbergs uzvar\u0113ja, iek\u013c\u016bstot n\u0101kamaj\u0101 k\u0101rt\u0101, bet B\u0113rzi\u0146\u0161 bija tre\u0161ais, n\u0101kamaj\u0101 k\u0101rt\u0101 neiek\u013c\u016bstot.<\/p>\n<p>Kr\u016bzbergs uzvar\u0113ja ar\u012b gandar\u012bjuma sacens\u012bbu tre\u0161aj\u0101 k\u0101rt\u0101, bet ceturtda\u013cfin\u0101l\u0101, kur pusfin\u0101l\u0101 iek\u013cuva divi lab\u0101kie, fini\u0161\u0113ja tre\u0161ais, pusfin\u0101l\u0101 neiek\u013c\u016bstot.<\/p>\n<p>1000 metru distances gandar\u012bjuma sacens\u012bbu pirmaj\u0101 k\u0101rt\u0101 Anna Jansone ie\u0146\u0113ma tre\u0161o vietu se\u0161u sportistu vid\u016b, n\u0101kamajai k\u0101rtai nekvalific\u0113joties.<\/p>\n<p>Pirmaj\u0101 Pasaules t\u016bres posm\u0101 Monre\u0101l\u0101 lab\u0101ko rezult\u0101tu sasniedza Kr\u016bzbergs, kur\u0161 izc\u012bn\u012bja piekto vietu 1000 metru distanc\u0113.<\/p>\n<p>Pasaules t\u016br\u0113 \u0161osezon notiek \u010detri posmi, tre\u0161ajam un ceturtajam notiekot novembr\u012b Gda\u0146sk\u0101 un N\u012bderlandes pils\u0113t\u0101 Dordreht\u0101. Posmos \u0161orttrekisti c\u012bn\u0101s par ce\u013caz\u012bm\u0113m uz n\u0101kam\u0101 gada ziemas olimpiskaj\u0101m sp\u0113l\u0113m. 500 un 1000 metros tiek sadal\u012btas 32 kvotas, 1500 metros &#8211; 36 kvotas, stafet\u0113s &#8211; pa asto\u0146\u0101m kvot\u0101m, bet jauktaj\u0101 stafet\u0113 &#8211; 12 kvotas.<\/p>\n","protected":false},"excerpt":{"rendered":"B\u0113rzi\u0146\u0161 pusfin\u0101l\u0101 sav\u0101 slidojum\u0101 ie\u0146\u0113ma piekto vietu septi\u0146u sportistu vid\u016b un izc\u012bn\u012bja vietu B fin\u0101l\u0101, kur ierindoj\u0101s piektaj\u0101&hellip;\n","protected":false},"author":2,"featured_media":25201,"comment_status":"","ping_status":"","sticky":false,"template":"","format":"standard","meta":{"footnotes":""},"categories":[17],"tags":[35,39,38,36,37,34,40,67,620],"class_list":{"0":"post-25200","1":"post","2":"type-post","3":"status-publish","4":"format-standard","5":"has-post-thumbnail","7":"category-sports","8":"tag-latvia","9":"tag-latvian","10":"tag-latviesu","11":"tag-latviesu-valoda","12":"tag-latviesuvaloda","13":"tag-latvija","14":"tag-lv","15":"tag-sports","16":"tag-ziemas-sports"},"share_on_mastodon":{"url":"","error":""},"_links":{"self":[{"href":"https:\/\/www.europesays.com\/lv\/wp-json\/wp\/v2\/posts\/25200","targetHints":{"allow":["GET"]}}],"collection":[{"href":"https:\/\/www.europesays.com\/lv\/wp-json\/wp\/v2\/posts"}],"about":[{"href":"https:\/\/www.europesays.com\/lv\/wp-json\/wp\/v2\/types\/post"}],"author":[{"embeddable":true,"href":"https:\/\/www.europesays.com\/lv\/wp-json\/wp\/v2\/users\/2"}],"replies":[{"embeddable":true,"href":"https:\/\/www.europesays.com\/lv\/wp-json\/wp\/v2\/comments?post=25200"}],"version-history":[{"count":0,"href":"https:\/\/www.europesays.com\/lv\/wp-json\/wp\/v2\/posts\/25200\/revisions"}],"wp:featuredmedia":[{"embeddable":true,"href":"https:\/\/www.europesays.com\/lv\/wp-json\/wp\/v2\/media\/25201"}],"wp:attachment":[{"href":"https:\/\/www.europesays.com\/lv\/wp-json\/wp\/v2\/media?parent=25200"}],"wp:term":[{"taxonomy":"category","embeddable":true,"href":"https:\/\/www.europesays.com\/lv\/wp-json\/wp\/v2\/categories?post=25200"},{"taxonomy":"post_tag","embeddable":true,"href":"https:\/\/www.europesays.com\/lv\/wp-json\/wp\/v2\/tags?post=25200"}],"curies":[{"name":"wp","href":"https:\/\/api.w.org\/{rel}","templated":true}]}}