{"id":25202,"date":"2025-10-19T13:44:15","date_gmt":"2025-10-19T13:44:15","guid":{"rendered":"https:\/\/www.europesays.com\/lv\/25202\/"},"modified":"2025-10-19T13:44:15","modified_gmt":"2025-10-19T13:44:15","slug":"jauns-latviesu-animacijas-filmu-cikls-urga-jo-un-po-gaidams-latvijas-kinoteatros-no-23-novembra-lente-lv","status":"publish","type":"post","link":"https:\/\/www.europesays.com\/lv\/25202\/","title":{"rendered":"Jauns latvie\u0161u anim\u0101cijas filmu cikls &#8220;Urga, Jo un Po&#8221; gaid\u0101ms Latvijas kinote\u0101tros no 23. novembra\u00a0\u2014\u00a0Lente.lv"},"content":{"rendered":"<p>Jauns latvie\u0161u anim\u0101cijas filmu cikls priec\u0113s mazos skat\u012bt\u0101jus Latvijas kinote\u0101tros<\/p>\n<p>No 2025. gada 23. novembra Latvijas kinote\u0101tru ekr\u0101nos par\u0101d\u012bsies jauns un aizraujo\u0161s pa\u0161m\u0101ju anim\u0101cijas \u012bsfilmu cikls ar nosaukumu &#8220;Urga, Jo un Po&#8221;. \u0160is projekts, kas rad\u012bts \u012bpa\u0161i pirmsskolas un s\u0101kumskolas vecuma b\u0113rniem, sol\u0101s k\u013c\u016bt par ko vair\u0101k nek\u0101 tikai izklaidi \u2013 tas ir aicin\u0101jums kop\u012bgiem atkl\u0101jumiem, izaugsmei un izzi\u0146ai.<\/p>\n<p>Iepaz\u012b\u0161an\u0101s ar &#8220;Urga, Jo un Po&#8221; pasauli<\/p>\n<p>&#8220;Urga, Jo un Po&#8221; ir asto\u0146u s\u0113riju anim\u0101cijas cikls, kas turpina iepriek\u0161\u0113jo projektu &#8220;Pa straumei&#8221; un &#8220;Urga Urda&#8221; ies\u0101kto darbu, godinot Latvijas dabu, piedz\u012bvojumus un dz\u012bves negaid\u012btos pav\u0113rsienus. Galven\u0101 varone \u0161aj\u0101 burv\u012bgaj\u0101 st\u0101st\u0101 ir Urga \u2013 supersuns ar neparast\u0101m sp\u0113j\u0101m, kura kop\u0101 ar saviem draugiem, tot\u0113mdz\u012bvnieci\u0146iem Jo un Po, dodas misij\u0101 pal\u012bdz\u0113t da\u017e\u0101diem nelaim\u0113 non\u0101ku\u0161iem dz\u012bvnieku mazu\u013ciem.<\/p>\n<p>Katr\u0101 s\u0113rij\u0101 b\u0113rni var\u0113s iepaz\u012bt k\u0101da dz\u012bvnieka unik\u0101l\u0101s \u012bpa\u0161\u012bbas, uzved\u012bbu un piel\u0101go\u0161an\u0101s sp\u0113jas, t\u0101d\u0113j\u0101di rosinot sev\u012b drosmi, laipn\u012bbu un zin\u0101tk\u0101ri. St\u0101sti ir r\u016bp\u012bgi balst\u012bti dabas faktos, ko konsult\u0113ju\u0161i speci\u0101listi, ta\u010du tie vienm\u0113r pasniegti ar vieglu fantastikas un ironijas piesk\u0101rienu, radot unik\u0101lu &#8220;faktos balst\u012btu zin\u0101tnisko fantastiku&#8221;. \u0160is pieg\u0101jiens padara saturu ne tikai izgl\u012btojo\u0161u, bet ar\u012b \u013coti aizraujo\u0161u un viegli uztveramu jaunajiem skat\u012bt\u0101jiem.<\/p>\n<p>Sirsn\u012bba un talants anim\u0101cijas balss aktieru izpild\u012bjum\u0101<\/p>\n<p>\u012apa\u0161u \u0161armu anim\u0101cijas ciklam pie\u0161\u0137ir talant\u012bgo Latvijas m\u0101kslinieku un person\u012bbu balsis, kas iedz\u012bvina filmas varo\u0146us. Supersuni Urgu ierun\u0101jusi Hel\u0113na Krista Kalni\u0146a, kura paz\u012bstama ar\u012b no iepriek\u0161\u0113jiem &#8220;Urga&#8221; projektiem, pie\u0161\u0137irot varonei dzirksti, kas priec\u0113 gan b\u0113rnus, gan pieaugu\u0161os. Tot\u0113mdz\u012bvnieci\u0146u Jo un Po balsis ierun\u0101jis filmas m\u0101kslinieks, animators un viens no re\u017eisoriem Raitis Kalni\u0146\u0161. Savuk\u0101rt viedajam kaktusam Spicajam ir m\u016bzi\u0137a un scen\u0101rista Edgara \u0160ubrovska balss.<\/p>\n<p>T\u0101pat katr\u0101 s\u0113rij\u0101 dzirdami ar\u012b citi Latvij\u0101 popul\u0101ri cilv\u0113ki, tostarp m\u016bzi\u0137i Fi\u0146\u0137is, Linda Leen, Patrisha, k\u0101 ar\u012b Sniedze Prauli\u0146a, kura ir ar\u012b cikla m\u016bzikas autore, kop\u0101 ar savu meitu Tingu Prauli\u0146u. \u0160\u0101ds aktieru ansamblis sola gan dzirdes, gan vizu\u0101lo baud\u012bjumu mazajiem skat\u012bt\u0101jiem, padarot filmu pieredzi v\u0113l bag\u0101t\u0101ku.<\/p>\n<p>V\u0113rt\u012bgas zin\u0101\u0161anas un iedvesma ikvienam<\/p>\n<p>&#8220;Urga, Jo un Po&#8221; m\u0113r\u0137is ir ne tikai izklaid\u0113t, bet ar\u012b audzin\u0101t un iedvesmot. Caur aizraujo\u0161iem st\u0101stiem un jautriem piedz\u012bvojumiem b\u0113rni tiek aicin\u0101ti iepaz\u012bt dabas pasauli un t\u0101s iem\u012btniekus, vienlaikus g\u016bstot v\u0113rt\u012bgas zin\u0101\u0161anas par dz\u012bvniekiem, dabu un savstarp\u0113j\u0101m attiec\u012bb\u0101m. \u0160is anim\u0101cijas \u012bsfilmu cikls ir pirmais \u0161\u0101da veida projekts Latvij\u0101, kas rad\u012bts speci\u0101li pirmsskolas un s\u0101kumskolas vecuma b\u0113rniem, un tas sola ieviest jaunu standartu b\u0113rnu anim\u0101cijas satur\u0101.<\/p>\n<p>Filmas, kas s\u0101kas ar rota\u013cu, p\u0101rtop par \u012bstiem atkl\u0101jumiem, sniedzot b\u0113rniem iesp\u0113ju augt gudr\u0101kiem, dro\u0161\u0101kiem un emp\u0101tisk\u0101kiem. &#8220;Urga, Jo un Po&#8221; ir aicin\u0101jums vec\u0101kiem un b\u0113rniem kop\u0101 izdz\u012bvot \u0161os piedz\u012bvojumus, mudinot uz kust\u012bbu, dom\u0101\u0161anu un sarun\u0101\u0161anos, t\u0101d\u0113j\u0101di stiprinot \u0123imenes saikni un kop\u012bg\u0101s atmi\u0146as.<\/p>\n","protected":false},"excerpt":{"rendered":"Jauns latvie\u0161u anim\u0101cijas filmu cikls priec\u0113s mazos skat\u012bt\u0101jus Latvijas kinote\u0101tros No 2025. gada 23. novembra Latvijas kinote\u0101tru ekr\u0101nos&hellip;\n","protected":false},"author":2,"featured_media":25203,"comment_status":"","ping_status":"","sticky":false,"template":"","format":"standard","meta":{"footnotes":""},"categories":[19],"tags":[1919,89,7740,90,7738,7739,35,39,38,4192,36,37,34,40,7737],"class_list":{"0":"post-25202","1":"post","2":"type-post","3":"status-publish","4":"format-standard","5":"has-post-thumbnail","7":"category-izklaide","8":"tag-animacijas-filmas-berniem","9":"tag-entertainment","10":"tag-izglitojosas-filmas","11":"tag-izklaide","12":"tag-jo-un-po","13":"tag-kino-latvija","14":"tag-latvia","15":"tag-latvian","16":"tag-latviesu","17":"tag-latviesu-animacija","18":"tag-latviesu-valoda","19":"tag-latviesuvaloda","20":"tag-latvija","21":"tag-lv","22":"tag-urga"},"share_on_mastodon":{"url":"","error":""},"_links":{"self":[{"href":"https:\/\/www.europesays.com\/lv\/wp-json\/wp\/v2\/posts\/25202","targetHints":{"allow":["GET"]}}],"collection":[{"href":"https:\/\/www.europesays.com\/lv\/wp-json\/wp\/v2\/posts"}],"about":[{"href":"https:\/\/www.europesays.com\/lv\/wp-json\/wp\/v2\/types\/post"}],"author":[{"embeddable":true,"href":"https:\/\/www.europesays.com\/lv\/wp-json\/wp\/v2\/users\/2"}],"replies":[{"embeddable":true,"href":"https:\/\/www.europesays.com\/lv\/wp-json\/wp\/v2\/comments?post=25202"}],"version-history":[{"count":0,"href":"https:\/\/www.europesays.com\/lv\/wp-json\/wp\/v2\/posts\/25202\/revisions"}],"wp:featuredmedia":[{"embeddable":true,"href":"https:\/\/www.europesays.com\/lv\/wp-json\/wp\/v2\/media\/25203"}],"wp:attachment":[{"href":"https:\/\/www.europesays.com\/lv\/wp-json\/wp\/v2\/media?parent=25202"}],"wp:term":[{"taxonomy":"category","embeddable":true,"href":"https:\/\/www.europesays.com\/lv\/wp-json\/wp\/v2\/categories?post=25202"},{"taxonomy":"post_tag","embeddable":true,"href":"https:\/\/www.europesays.com\/lv\/wp-json\/wp\/v2\/tags?post=25202"}],"curies":[{"name":"wp","href":"https:\/\/api.w.org\/{rel}","templated":true}]}}