{"id":25228,"date":"2025-10-19T14:12:08","date_gmt":"2025-10-19T14:12:08","guid":{"rendered":"https:\/\/www.europesays.com\/lv\/25228\/"},"modified":"2025-10-19T14:12:08","modified_gmt":"2025-10-19T14:12:08","slug":"luvra-notikusi-laupisana","status":"publish","type":"post","link":"https:\/\/www.europesays.com\/lv\/25228\/","title":{"rendered":"Luvr\u0101 notikusi laup\u012b\u0161ana"},"content":{"rendered":"<p>Z\u0101dz\u012bba ilga aptuveni septi\u0146as min\u016btes, atkl\u0101ja Francijas iek\u0161lietu ministrs Lor\u0101ns Nunjess.<\/p>\n<p>Ministrija inform\u0113ja, ka ap plkst. 9.30 (plkst. 10.30 p\u0113c Latvijas laika) vair\u0101kas personas, izmantojot pac\u0113l\u0101ju, ielauz\u0101s muzej\u0101 caur logu, nozaga d\u0101rglietas no vitr\u012bn\u0101m un aizb\u0113ga ar motorolleriem.<\/p>\n<p>Nozagtajiem priek\u0161metiem ir nenov\u0113rojama v\u0113sturiska v\u0113rt\u012bba, uzsv\u0113ra ministrija, piebilstot, ka pilns nozagto lietu saraksts v\u0113l tiek veidots.<\/p>\n<p>Neviens cilv\u0113ks z\u0101dz\u012bbas laik\u0101 nav cietis, atkl\u0101ja Francijas kult\u016bras ministre Ra\u0161ida Dati.<\/p>\n<p>Policija norobe\u017eoja muzeju un evaku\u0113ja apmekl\u0113t\u0101jus. Muzejs \u0161odien paliks sl\u0113gts.<\/p>\n<p>Laikraksts &#8220;Le Parisien&#8221; zi\u0146oja, ka zag\u013ci iek\u013cuva Luvr\u0101 no fas\u0101des, kas paveras uz S\u0113nu. \u0160\u012b fas\u0101de pa\u0161laik tiek remont\u0113ta. Laikraksts v\u0113st\u012bja, ka nozagti devi\u0146i priek\u0161meti no imperatora Napoleona un imperatores \u017dozef\u012bnes d\u0101rglietu kolekcijas.<\/p>\n<p>Laikraksts ar\u012b zi\u0146oja, ka viena no nozagtaj\u0101m d\u0101rgliet\u0101m v\u0113l\u0101k atrasta salauzta pie muzeja.<\/p>\n","protected":false},"excerpt":{"rendered":"Z\u0101dz\u012bba ilga aptuveni septi\u0146as min\u016btes, atkl\u0101ja Francijas iek\u0161lietu ministrs Lor\u0101ns Nunjess. Ministrija inform\u0113ja, ka ap plkst. 9.30 (plkst.&hellip;\n","protected":false},"author":2,"featured_media":25229,"comment_status":"","ping_status":"","sticky":false,"template":"","format":"standard","meta":{"footnotes":""},"categories":[12],"tags":[23,28,29,32,33,1309,22,30,31,35,39,38,36,37,34,7897,7894,40,20,26,27,24,25,21],"class_list":{"0":"post-25228","1":"post","2":"type-post","3":"status-publish","4":"format-standard","5":"has-post-thumbnail","7":"category-latvija","8":"tag-aktualitates","9":"tag-breaking-news","10":"tag-breakingnews","11":"tag-featured-news","12":"tag-featurednews","13":"tag-francija","14":"tag-headlines","15":"tag-latest-news","16":"tag-latestnews","17":"tag-latvia","18":"tag-latvian","19":"tag-latviesu","20":"tag-latviesu-valoda","21":"tag-latviesuvaloda","22":"tag-latvija","23":"tag-laupisana","24":"tag-luvra","25":"tag-lv","26":"tag-news","27":"tag-popularakas-zinas","28":"tag-popularakaszinas","29":"tag-top-stories","30":"tag-topstories","31":"tag-zinas"},"share_on_mastodon":{"url":"","error":""},"_links":{"self":[{"href":"https:\/\/www.europesays.com\/lv\/wp-json\/wp\/v2\/posts\/25228","targetHints":{"allow":["GET"]}}],"collection":[{"href":"https:\/\/www.europesays.com\/lv\/wp-json\/wp\/v2\/posts"}],"about":[{"href":"https:\/\/www.europesays.com\/lv\/wp-json\/wp\/v2\/types\/post"}],"author":[{"embeddable":true,"href":"https:\/\/www.europesays.com\/lv\/wp-json\/wp\/v2\/users\/2"}],"replies":[{"embeddable":true,"href":"https:\/\/www.europesays.com\/lv\/wp-json\/wp\/v2\/comments?post=25228"}],"version-history":[{"count":0,"href":"https:\/\/www.europesays.com\/lv\/wp-json\/wp\/v2\/posts\/25228\/revisions"}],"wp:featuredmedia":[{"embeddable":true,"href":"https:\/\/www.europesays.com\/lv\/wp-json\/wp\/v2\/media\/25229"}],"wp:attachment":[{"href":"https:\/\/www.europesays.com\/lv\/wp-json\/wp\/v2\/media?parent=25228"}],"wp:term":[{"taxonomy":"category","embeddable":true,"href":"https:\/\/www.europesays.com\/lv\/wp-json\/wp\/v2\/categories?post=25228"},{"taxonomy":"post_tag","embeddable":true,"href":"https:\/\/www.europesays.com\/lv\/wp-json\/wp\/v2\/tags?post=25228"}],"curies":[{"name":"wp","href":"https:\/\/api.w.org\/{rel}","templated":true}]}}