{"id":25238,"date":"2025-10-19T14:19:10","date_gmt":"2025-10-19T14:19:10","guid":{"rendered":"https:\/\/www.europesays.com\/lv\/25238\/"},"modified":"2025-10-19T14:19:10","modified_gmt":"2025-10-19T14:19:10","slug":"zelenska-vizite-baltaja-nama-nenoved-pie-ierocu-piegadem-ukrainai","status":"publish","type":"post","link":"https:\/\/www.europesays.com\/lv\/25238\/","title":{"rendered":"Zelenska viz\u012bte Baltaj\u0101 nam\u0101 nenoved pie iero\u010du pieg\u0101d\u0113m Ukrainai"},"content":{"rendered":"<p>\u201c\u0145emot v\u0113r\u0101 \u0161os uzskatus, maz ticams, ka Krievijas prezidents br\u012bvpr\u0101t\u012bgi piekristu uguns p\u0101rtraukumam vai mieram, jo vi\u0146\u0161 uzskata, ka vi\u0146am ir p\u0101r\u0101kums p\u0101r Zelenski un Ukrainu. Rezult\u0101t\u0101 Putins ir apmierin\u0101ts ar Krievijas iebrukuma turpin\u0101\u0161anu Ukrain\u0101, jo uzskata, ka Krievijas Feder\u0101cija sp\u0113j uzvar\u0113t kar\u0101.\u201d<\/p>\n<p>P\u0113d\u0113jo asto\u0146u m\u0113ne\u0161u laik\u0101 ASV prezidents vair\u0101kk\u0101rt izvirz\u012bjis ultim\u0101tus Krievijai, cen\u0161oties piespiest to pan\u0101kt mieru ar Ukrainu, tom\u0113r tas netika izpild\u012bts. Turkl\u0101t Tramps mart\u0101 un j\u016blij\u0101 aptur\u0113ja iero\u010du pieg\u0101des Ukrainai. Visbeidzot, ASV nol\u0113ma nepieg\u0101d\u0101t Ukrainai jaunas milit\u0101r\u0101s pal\u012bdz\u012bbas formas, kas \u013cautu ukrai\u0146iem ne tikai aizst\u0101v\u0113ties, bet ar\u012b uzbrukt Krievijas milit\u0101rajiem objektiem.<\/p>\n<p>Tagad Putins saprot, ka Ukrainai neb\u016bs nepiecie\u0161am\u0101 iero\u010du un tehnikas apjoma, lai aizst\u0101v\u0113tos pret turpin\u0101to Krievijas milit\u0101ro iebrukumu, raksta &#8220;Forbes&#8221;.<\/p>\n<p>\u201cRezult\u0101t\u0101 Krievijai nav stimulu p\u0101rtraukt karu, jo neredz iemeslu to dar\u012bt, un, k\u0101 sekas, Krievija neuzskata par nepiecie\u0161amu iev\u0113rot uguns p\u0101rtraukuma l\u012bgumu vai veikt miera sarunas. T\u0101d\u0113j\u0101di <a href=\"https:\/\/www.apollo.lv\/term\/555642\/krievijas-iebrukums-ukraina\" class=\"topicLink\" target=\"_blank\" rel=\"nofollow noopener\">Krievijas iebrukums Ukrain\u0101<\/a> turpin\u0101s.\u201d<\/p>\n<p>K\u0101 rakst\u012bja izdevums &#8220;WP&#8221;, Putins telefonsarun\u0101 ar Trampu pras\u012bja, lai Ukraina atteiktos no piln\u012bgas kontroles p\u0101r Donbasu apmai\u0146\u0101 pret kara beig\u0161anu. Turpret\u012b Kremlis it k\u0101 bija gatavs apsv\u0113rt atteik\u0161anos no pras\u012bb\u0101m da\u013cai Zaporo\u017ejas un Hersonas apgabaliem, kurus Krievija okup\u0113ja tikai da\u013c\u0113ji.<\/p>\n<p>Taj\u0101 pa\u0161\u0101 laik\u0101 &#8220;The Telegraph&#8221; raksta, ka ASV un Krievijas l\u012bderi, visticam\u0101k, nesp\u0113s pietuvin\u0101t mieru Ukrain\u0101 gaid\u0101maj\u0101 tik\u0161an\u0101s laik\u0101 Budape\u0161t\u0101. Vien\u012bgais efekt\u012bvais veids, k\u0101 beigt karu, ir pastiprin\u0101t Ukrainu t\u0101, lai Kremlis zaud\u0113tu cer\u012bbu uzvar\u0113t kar\u0101 ar milit\u0101riem l\u012bdzek\u013ciem.<\/p>\n","protected":false},"excerpt":{"rendered":"\u201c\u0145emot v\u0113r\u0101 \u0161os uzskatus, maz ticams, ka Krievijas prezidents br\u012bvpr\u0101t\u012bgi piekristu uguns p\u0101rtraukumam vai mieram, jo vi\u0146\u0161 uzskata,&hellip;\n","protected":false},"author":2,"featured_media":25239,"comment_status":"","ping_status":"","sticky":false,"template":"","format":"standard","meta":{"footnotes":""},"categories":[5],"tags":[23,28,29,32,33,22,74,30,31,35,39,38,36,37,34,40,20,26,27,24,25,235,178,21],"class_list":{"0":"post-25238","1":"post","2":"type-post","3":"status-publish","4":"format-standard","5":"has-post-thumbnail","7":"category-aktualitates","8":"tag-aktualitates","9":"tag-breaking-news","10":"tag-breakingnews","11":"tag-featured-news","12":"tag-featurednews","13":"tag-headlines","14":"tag-krievijas-iebrukums-ukraina","15":"tag-latest-news","16":"tag-latestnews","17":"tag-latvia","18":"tag-latvian","19":"tag-latviesu","20":"tag-latviesu-valoda","21":"tag-latviesuvaloda","22":"tag-latvija","23":"tag-lv","24":"tag-news","25":"tag-popularakas-zinas","26":"tag-popularakaszinas","27":"tag-top-stories","28":"tag-topstories","29":"tag-vladimirs-putins","30":"tag-volodimirs-zelenskis","31":"tag-zinas"},"share_on_mastodon":{"url":"","error":""},"_links":{"self":[{"href":"https:\/\/www.europesays.com\/lv\/wp-json\/wp\/v2\/posts\/25238","targetHints":{"allow":["GET"]}}],"collection":[{"href":"https:\/\/www.europesays.com\/lv\/wp-json\/wp\/v2\/posts"}],"about":[{"href":"https:\/\/www.europesays.com\/lv\/wp-json\/wp\/v2\/types\/post"}],"author":[{"embeddable":true,"href":"https:\/\/www.europesays.com\/lv\/wp-json\/wp\/v2\/users\/2"}],"replies":[{"embeddable":true,"href":"https:\/\/www.europesays.com\/lv\/wp-json\/wp\/v2\/comments?post=25238"}],"version-history":[{"count":0,"href":"https:\/\/www.europesays.com\/lv\/wp-json\/wp\/v2\/posts\/25238\/revisions"}],"wp:featuredmedia":[{"embeddable":true,"href":"https:\/\/www.europesays.com\/lv\/wp-json\/wp\/v2\/media\/25239"}],"wp:attachment":[{"href":"https:\/\/www.europesays.com\/lv\/wp-json\/wp\/v2\/media?parent=25238"}],"wp:term":[{"taxonomy":"category","embeddable":true,"href":"https:\/\/www.europesays.com\/lv\/wp-json\/wp\/v2\/categories?post=25238"},{"taxonomy":"post_tag","embeddable":true,"href":"https:\/\/www.europesays.com\/lv\/wp-json\/wp\/v2\/tags?post=25238"}],"curies":[{"name":"wp","href":"https:\/\/api.w.org\/{rel}","templated":true}]}}