{"id":25240,"date":"2025-10-19T14:21:24","date_gmt":"2025-10-19T14:21:24","guid":{"rendered":"https:\/\/www.europesays.com\/lv\/25240\/"},"modified":"2025-10-19T14:21:24","modified_gmt":"2025-10-19T14:21:24","slug":"es-butu-to-paveikusi-meriona-dzonsa-atgriezas-uz-publiskas-skatuves-tacu-sadzivo-ar-mokosu-apzinu","status":"publish","type":"post","link":"https:\/\/www.europesays.com\/lv\/25240\/","title":{"rendered":"&#8220;Es b\u016btu to paveikusi&#8230;&#8221; Meriona D\u017eonsa atgrie\u017eas uz publisk\u0101s skatuves, ta\u010du sadz\u012bvo ar moko\u0161u apzi\u0146u"},"content":{"rendered":"<p>Ir pag\u0101jis 21 gads kop\u0161 Meriona D\u017eonsa p\u0113d\u0113joreiz start\u0113ja olimpiskaj\u0101s sp\u0113l\u0113s,17 gadi kop\u0161 vi\u0146u atbr\u012bvoja no ieslodz\u012bjuma un 14, kop\u0161 vi\u0146a aizvad\u012bja savu nosl\u0113dzo\u0161o sp\u0113li profesion\u0101laj\u0101 basketbol\u0101. Reiz par vieglatl\u0113tikas karalieni un pasaules \u0101tr\u0101ko sievieti d\u0113v\u0113t\u0101 amerik\u0101niete pag\u0101ju\u0161aj\u0101 ned\u0113\u013c\u0101 nosvin\u0113ja savu 50. dzim\u0161anas dienu, un saka, ka \u0161odien ir laim\u012bga. Vi\u0146a uzsver, ka par saviem gr\u0113kiem dz\u012bv\u0113 ir atvainojusies jau gana daudz, t\u0101p\u0113c \u0161odien izv\u0113las mier\u012bgu dz\u012bvi un skatu n\u0101kotn\u0113, nevis pag\u0101tnes k\u013c\u016bd\u0101s.<\/p>\n<p class=\"m-0\">Seko &#8220;Delfi&#8221; ar\u012b  <a target=\"_blank\" href=\"https:\/\/www.instagram.com\/delfi.lv\/\" rel=\"nofollow noopener\">Instagram<\/a>  un <a target=\"_blank\" href=\"https:\/\/www.youtube.com\/channel\/UCw5foWtcJvAbUm64rv7jwUQ\" rel=\"nofollow noopener\">YouTube<\/a>  profil\u0101 \u2013 pievienojies, lai uzzin\u0101tu svar\u012bg\u0101ko un interesant\u0101ko pirmais!<\/p>\n<p>Publik\u0101cijas saturs vai t\u0101s jebk\u0101da apjoma da\u013ca ir aizsarg\u0101ts autorties\u012bbu objekts Autorties\u012bbu likuma izpratn\u0113, un t\u0101 izmanto\u0161ana bez izdev\u0113ja at\u013caujas ir aizliegta. Vair\u0101k lasi  <a target=\"_blank\" href=\"https:\/\/www.delfi.lv\/noteikumi#autortiesibas\" rel=\"nofollow noopener\">\u0161eit<\/a><script async src=\"\/\/www.instagram.com\/embed.js\"><\/script><\/p>\n","protected":false},"excerpt":{"rendered":"Ir pag\u0101jis 21 gads kop\u0161 Meriona D\u017eonsa p\u0113d\u0113joreiz start\u0113ja olimpiskaj\u0101s sp\u0113l\u0113s,17 gadi kop\u0161 vi\u0146u atbr\u012bvoja no ieslodz\u012bjuma un&hellip;\n","protected":false},"author":2,"featured_media":25241,"comment_status":"","ping_status":"","sticky":false,"template":"","format":"standard","meta":{"footnotes":""},"categories":[17],"tags":[7903,7902,35,39,38,36,37,34,40,1500,67,434,904],"class_list":{"0":"post-25240","1":"post","2":"type-post","3":"status-publish","4":"format-standard","5":"has-post-thumbnail","7":"category-sports","8":"tag-cilvekstasti","9":"tag-dopings","10":"tag-latvia","11":"tag-latvian","12":"tag-latviesu","13":"tag-latviesu-valoda","14":"tag-latviesuvaloda","15":"tag-latvija","16":"tag-lv","17":"tag-olimpiskas-speles","18":"tag-sports","19":"tag-vieglatletika","20":"tag-wnba"},"share_on_mastodon":{"url":"","error":""},"_links":{"self":[{"href":"https:\/\/www.europesays.com\/lv\/wp-json\/wp\/v2\/posts\/25240","targetHints":{"allow":["GET"]}}],"collection":[{"href":"https:\/\/www.europesays.com\/lv\/wp-json\/wp\/v2\/posts"}],"about":[{"href":"https:\/\/www.europesays.com\/lv\/wp-json\/wp\/v2\/types\/post"}],"author":[{"embeddable":true,"href":"https:\/\/www.europesays.com\/lv\/wp-json\/wp\/v2\/users\/2"}],"replies":[{"embeddable":true,"href":"https:\/\/www.europesays.com\/lv\/wp-json\/wp\/v2\/comments?post=25240"}],"version-history":[{"count":0,"href":"https:\/\/www.europesays.com\/lv\/wp-json\/wp\/v2\/posts\/25240\/revisions"}],"wp:featuredmedia":[{"embeddable":true,"href":"https:\/\/www.europesays.com\/lv\/wp-json\/wp\/v2\/media\/25241"}],"wp:attachment":[{"href":"https:\/\/www.europesays.com\/lv\/wp-json\/wp\/v2\/media?parent=25240"}],"wp:term":[{"taxonomy":"category","embeddable":true,"href":"https:\/\/www.europesays.com\/lv\/wp-json\/wp\/v2\/categories?post=25240"},{"taxonomy":"post_tag","embeddable":true,"href":"https:\/\/www.europesays.com\/lv\/wp-json\/wp\/v2\/tags?post=25240"}],"curies":[{"name":"wp","href":"https:\/\/api.w.org\/{rel}","templated":true}]}}