{"id":25242,"date":"2025-10-19T14:24:15","date_gmt":"2025-10-19T14:24:15","guid":{"rendered":"https:\/\/www.europesays.com\/lv\/25242\/"},"modified":"2025-10-19T14:24:15","modified_gmt":"2025-10-19T14:24:15","slug":"andrejs-veisbergs-kosmosa-izpete-ir-nieks-salidzinot-ar-valodu-tvnet","status":"publish","type":"post","link":"https:\/\/www.europesays.com\/lv\/25242\/","title":{"rendered":"Andrejs Veisbergs: Kosmosa izp\u0113te ir nieks, sal\u012bdzinot ar valodu &#8211; TVNET"},"content":{"rendered":"<ol>\n<li><a href=\"https:\/\/news.google.com\/rss\/articles\/CBMi2gFBVV95cUxOTUV2OWdjelI4WWZEMWRxU2FrRHRKM0VRS3M5OXc1dVhOclBTMkdvcE44UGktTVd3d0kyUGNrRHphM1N3c3g3cjBPTnE3ZVlNc3l5Q256SVY0XzVVWTdHa1ZwdmtQNGh5R0xJMDZWWFFkNGFfWDFOTVJINDZLYlBiU0tBeGg2SnhjaHhJUlpOa19aa2FGQWEzSEFTQjEzek5EX1Q3N1Z2X2FwQVpPcUtwd0xpYTE3YUtoTjBvN29oeWVCSzFFSmxoZ1l2dVh5TW9rclNFQzhUOWtyQQ?oc=5\" target=\"_blank\" rel=\"nofollow noopener\">Andrejs Veisbergs: Kosmosa izp\u0113te ir nieks, sal\u012bdzinot ar valodu<\/a>&nbsp;&nbsp;TVNET<\/li>\n<li><a href=\"https:\/\/news.google.com\/rss\/articles\/CBMi3AFBVV95cUxNUW9RV1ZqelM5cEliQjBaOVNDVFo0akN6TjJwSTNyaWlPZVQtNUdiR21VUUFmVlZZYWRVSU9OOHgxTlNXb0FVY1l4TDhEcXQwVW5vRk5QOFVLbDgtS0c5VFY2dmRTQUxjYXNpUTN4REFmNEJDc09DaW9WV2txSVJhREpDWkhTZk1rT0FCZ2hEN2djOGlnaTZmT1NuNU4yWHh3NXFtdExYbTZwODV5aEQ3Y0cxcHZGOGZ5VWZ2Y2lsX0dDWGx1MENuZ2xfVUxRNTYzY2ZTOFRKQ0pzVFVS?oc=5\" target=\"_blank\" rel=\"nofollow noopener\">Saeima gatavojas pirmaj\u0101m debat\u0113m par valsts valodu un t\u0101s nostiprin\u0101\u0161anas probl\u0113m\u0101m \/ Raksts<\/a>&nbsp;&nbsp;LSM<\/li>\n<li><a href=\"https:\/\/news.google.com\/rss\/articles\/CBMisgFBVV95cUxPSTJ2MGpCSFIyVTlfV0pfMnpjQXdUQVVmMmI3WTl2amNNa3lzakdKM242c195ai03SkN1MUU4Y1VVQWREZF9McHdLaWNtczJSUWh5V3BaR2ZYZXBrUFZaQk80QVJTeGk4YzU0MzhpUjlPX0g2cEtJLXQwaWFjT1RsTWFmdE16VjNNMmpMVTR2WnZrOUNvZGYwWUxyUlI0T3M1N09uclZLaVFNN0N2VDNOWFBn?oc=5\" target=\"_blank\" rel=\"nofollow noopener\">Ir\u0113na Kucina: Latvie\u0161u valoda ir stipras un dro\u0161as Latvijas pamats<\/a>&nbsp;&nbsp;Delfi<\/li>\n<li><a href=\"https:\/\/news.google.com\/rss\/articles\/CBMipAFBVV95cUxQeGxxeFNVLWFFREt0OG5LcUVpNjdYQWpIcEg4UGRKMDltTmsteVdudnJyOVliZzFqQWlSblRKeUVraHlHcS10cG5wazRUREFQc3N2TFZORDB0aS1kSS1nYWpZby1POWJKdXgtSFJXTXl5WW1mZHRrV3ZXbXZ5Q0tJTXJEa1NQazFwdXpoQ0JsOFJKRk05U3VDTFk1WUQwZjJhNEtwdg?oc=5\" target=\"_blank\" rel=\"nofollow noopener\">\u201cKad vajag, ar\u012b dusmosimies latvie\u0161u valod\u0101!\u201d Rink\u0113vi\u010ds sveic tautu Valsts valodas dien\u0101<\/a>&nbsp;&nbsp;LA.LV<\/li>\n<li><a href=\"https:\/\/news.google.com\/rss\/articles\/CBMiygFBVV95cUxNMVhHajdDSVgzQnlFcmEyakQxUTRvWi0tMHJnX2x4eWpFcnJqeWFUVk5YcC1sc0k1NDlMejlBbFBKVGQyam5GdlVQQTE5eU5Lc2NHOFJ1LVBKRWtXbDM0OG84Z2tMVmNuVUJqNFZibjcwRUM2RGlrVE9naVJsbklwUkhBUHZja2g1Q0ZPQ1dta042RVltTnkxRlVZUWZXeVd5ajYydGxaa1ZYNmsydG1fOHhfUG4xdkp0dno2MUdLMnpZMFR1a3k2cnZn?oc=5\" target=\"_blank\" rel=\"nofollow noopener\">Valsts valodas dien\u0101 tieslietu ministre uzsver latvie\u0161u valodas lomu valsts dro\u0161\u012bb\u0101<\/a>&nbsp;&nbsp;LV port\u0101ls<\/li>\n<\/ol>\n","protected":false},"excerpt":{"rendered":"Andrejs Veisbergs: Kosmosa izp\u0113te ir nieks, sal\u012bdzinot ar valodu&nbsp;&nbsp;TVNET Saeima gatavojas pirmaj\u0101m debat\u0113m par valsts valodu un t\u0101s&hellip;\n","protected":false},"author":2,"featured_media":25243,"comment_status":"","ping_status":"","sticky":false,"template":"","format":"standard","meta":{"footnotes":""},"categories":[12],"tags":[23,7904,28,29,32,33,22,3621,30,31,35,39,38,36,37,34,40,20,26,27,24,25,164,3619,6933,3620,6932,21],"class_list":{"0":"post-25242","1":"post","2":"type-post","3":"status-publish","4":"format-standard","5":"has-post-thumbnail","7":"category-latvija","8":"tag-aktualitates","9":"tag-andrejs-veisbergs","10":"tag-breaking-news","11":"tag-breakingnews","12":"tag-featured-news","13":"tag-featurednews","14":"tag-headlines","15":"tag-krievu-valoda","16":"tag-latest-news","17":"tag-latestnews","18":"tag-latvia","19":"tag-latvian","20":"tag-latviesu","21":"tag-latviesu-valoda","22":"tag-latviesuvaloda","23":"tag-latvija","24":"tag-lv","25":"tag-news","26":"tag-popularakas-zinas","27":"tag-popularakaszinas","28":"tag-top-stories","29":"tag-topstories","30":"tag-tvnet-latvija","31":"tag-valoda","32":"tag-valodas-jautajumi","33":"tag-valsts-valoda","34":"tag-valsts-valodas-centrs","35":"tag-zinas"},"share_on_mastodon":{"url":"","error":""},"_links":{"self":[{"href":"https:\/\/www.europesays.com\/lv\/wp-json\/wp\/v2\/posts\/25242","targetHints":{"allow":["GET"]}}],"collection":[{"href":"https:\/\/www.europesays.com\/lv\/wp-json\/wp\/v2\/posts"}],"about":[{"href":"https:\/\/www.europesays.com\/lv\/wp-json\/wp\/v2\/types\/post"}],"author":[{"embeddable":true,"href":"https:\/\/www.europesays.com\/lv\/wp-json\/wp\/v2\/users\/2"}],"replies":[{"embeddable":true,"href":"https:\/\/www.europesays.com\/lv\/wp-json\/wp\/v2\/comments?post=25242"}],"version-history":[{"count":0,"href":"https:\/\/www.europesays.com\/lv\/wp-json\/wp\/v2\/posts\/25242\/revisions"}],"wp:featuredmedia":[{"embeddable":true,"href":"https:\/\/www.europesays.com\/lv\/wp-json\/wp\/v2\/media\/25243"}],"wp:attachment":[{"href":"https:\/\/www.europesays.com\/lv\/wp-json\/wp\/v2\/media?parent=25242"}],"wp:term":[{"taxonomy":"category","embeddable":true,"href":"https:\/\/www.europesays.com\/lv\/wp-json\/wp\/v2\/categories?post=25242"},{"taxonomy":"post_tag","embeddable":true,"href":"https:\/\/www.europesays.com\/lv\/wp-json\/wp\/v2\/tags?post=25242"}],"curies":[{"name":"wp","href":"https:\/\/api.w.org\/{rel}","templated":true}]}}