{"id":25254,"date":"2025-10-19T14:37:08","date_gmt":"2025-10-19T14:37:08","guid":{"rendered":"https:\/\/www.europesays.com\/lv\/25254\/"},"modified":"2025-10-19T14:37:08","modified_gmt":"2025-10-19T14:37:08","slug":"vasiljevs-neturpinas-treneties-lambjela-vaditaja-dailslidosanas-skola-samperi","status":"publish","type":"post","link":"https:\/\/www.europesays.com\/lv\/25254\/","title":{"rendered":"Vasi\u013cjevs neturpin\u0101s tren\u0113ties Lambj\u0113la vad\u012btaj\u0101 dai\u013cslido\u0161anas skol\u0101 \u0160amper\u012b"},"content":{"rendered":"<p>Vasi\u013cjevs tren\u0113j\u0101s 2006. gada olimpisk\u0101 vice\u010dempiona \u0161veicie\u0161a Lambj\u0113la vad\u012bb\u0101.<\/p>\n<p>2022. gad\u0101 Vasi\u013cjevs izc\u012bn\u012bja bronzas meda\u013cu Eiropas \u010dempion\u0101t\u0101.<\/p>\n<p>Vasi\u013cjevs \u0161osezon pl\u0101no start\u0113t olimpiskaj\u0101s sp\u0113l\u0113s, pasaules un Eiropas \u010dempion\u0101tos, \u201cGrand Prix\u201d sacens\u012bb\u0101s \u0136\u012bn\u0101 un Somij\u0101, k\u0101 ar\u012b \u201cGolden Spin\u201d sacens\u012bb\u0101s Horv\u0101tij\u0101.<\/p>\n<p>\u0160\u012b gada pasaules \u010dempion\u0101t\u0101 vi\u0146\u0161 nodro\u0161in\u0101ja Latvijai divas kvotas olimpiskaj\u0101s sp\u0113l\u0113s, un otro no t\u0101m, visticam\u0101k, izmantos Fedirs Ku\u013ci\u0161s.<\/p>\n<p class=\"tv3-fw-500\">Zi\u0146o par k\u013c\u016bdu rakst\u0101<\/p>\n<p class=\"d-md-block d-none\">Iez\u012bm\u0113 k\u013c\u016bdaino tekstu un spied Ctrl+Enter.<\/p>\n<p class=\"d-md-none d-block\">Iez\u012bm\u0113 k\u013c\u016bdaino tekstu un zi\u0146o par to!<\/p>\n","protected":false},"excerpt":{"rendered":"Vasi\u013cjevs tren\u0113j\u0101s 2006. gada olimpisk\u0101 vice\u010dempiona \u0161veicie\u0161a Lambj\u0113la vad\u012bb\u0101. 2022. gad\u0101 Vasi\u013cjevs izc\u012bn\u012bja bronzas meda\u013cu Eiropas \u010dempion\u0101t\u0101. Vasi\u013cjevs&hellip;\n","protected":false},"author":2,"featured_media":25255,"comment_status":"","ping_status":"","sticky":false,"template":"","format":"standard","meta":{"footnotes":""},"categories":[5],"tags":[23,28,29,7910,32,33,22,30,31,35,39,38,36,37,34,40,20,26,27,24,25,21],"class_list":{"0":"post-25254","1":"post","2":"type-post","3":"status-publish","4":"format-standard","5":"has-post-thumbnail","7":"category-aktualitates","8":"tag-aktualitates","9":"tag-breaking-news","10":"tag-breakingnews","11":"tag-dailslidosanadeniss-vasiljevsziemas-sports","12":"tag-featured-news","13":"tag-featurednews","14":"tag-headlines","15":"tag-latest-news","16":"tag-latestnews","17":"tag-latvia","18":"tag-latvian","19":"tag-latviesu","20":"tag-latviesu-valoda","21":"tag-latviesuvaloda","22":"tag-latvija","23":"tag-lv","24":"tag-news","25":"tag-popularakas-zinas","26":"tag-popularakaszinas","27":"tag-top-stories","28":"tag-topstories","29":"tag-zinas"},"share_on_mastodon":{"url":"","error":""},"_links":{"self":[{"href":"https:\/\/www.europesays.com\/lv\/wp-json\/wp\/v2\/posts\/25254","targetHints":{"allow":["GET"]}}],"collection":[{"href":"https:\/\/www.europesays.com\/lv\/wp-json\/wp\/v2\/posts"}],"about":[{"href":"https:\/\/www.europesays.com\/lv\/wp-json\/wp\/v2\/types\/post"}],"author":[{"embeddable":true,"href":"https:\/\/www.europesays.com\/lv\/wp-json\/wp\/v2\/users\/2"}],"replies":[{"embeddable":true,"href":"https:\/\/www.europesays.com\/lv\/wp-json\/wp\/v2\/comments?post=25254"}],"version-history":[{"count":0,"href":"https:\/\/www.europesays.com\/lv\/wp-json\/wp\/v2\/posts\/25254\/revisions"}],"wp:featuredmedia":[{"embeddable":true,"href":"https:\/\/www.europesays.com\/lv\/wp-json\/wp\/v2\/media\/25255"}],"wp:attachment":[{"href":"https:\/\/www.europesays.com\/lv\/wp-json\/wp\/v2\/media?parent=25254"}],"wp:term":[{"taxonomy":"category","embeddable":true,"href":"https:\/\/www.europesays.com\/lv\/wp-json\/wp\/v2\/categories?post=25254"},{"taxonomy":"post_tag","embeddable":true,"href":"https:\/\/www.europesays.com\/lv\/wp-json\/wp\/v2\/tags?post=25254"}],"curies":[{"name":"wp","href":"https:\/\/api.w.org\/{rel}","templated":true}]}}