{"id":2529,"date":"2025-09-23T04:44:11","date_gmt":"2025-09-23T04:44:11","guid":{"rendered":"https:\/\/www.europesays.com\/lv\/2529\/"},"modified":"2025-09-23T04:44:11","modified_gmt":"2025-09-23T04:44:11","slug":"valsts-autocelu-tikla-buvdarbi-turpinas-44-posmos","status":"publish","type":"post","link":"https:\/\/www.europesays.com\/lv\/2529\/","title":{"rendered":"Valsts autoce\u013cu t\u012bkl\u0101 b\u016bvdarbi turpin\u0101s 44 posmos"},"content":{"rendered":"<p>Gar\u0101kais b\u016bvdarbu posms ir uz Vidzemes \u0161osejas no Grundz\u0101les l\u012bdz L\u0101cupiem. Lai to \u0161\u0137\u0113rsotu, vajadz\u0113s gandr\u012bz stundu.<\/p>\n<p>V\u0113l uz Bauskas \u0161osejas pie ievada R\u012bg\u0101 notiek Dienvidu tilta 4.k\u0101rtas b\u016bvdarbi, k\u0101 ar\u012b tiek izb\u016bv\u0113ts g\u0101j\u0113ju un velosip\u0113distu infrastrukt\u016bras savienojums starp \u0136ekavu un R\u012bgu. Intens\u012bvas satiksmes laik\u0101 iesp\u0113jami sastr\u0113gumi.<\/p>\n<p>Uz Vidzemes \u0161osejas pie Siguldas viens revers\u0101s kust\u012bbas posms un \u0101truma ierobe\u017eojums 50 kilometri stund\u0101. Paredzamais remontposma \u0161\u0137\u0113rso\u0161anas laiks ir 20 min\u016btes.<\/p>\n<p>Savuk\u0101rt Daugavpils \u0161osejas posm\u0101 no Kalni\u0161kiem l\u012bdz \u013b\u016bbastei ir viens luksoforu posms, bet da\u017eviet satiksme notiek pa vienu brauk\u0161anas joslu katr\u0101 virzien\u0101. \u0100truma ierobe\u017eojums ir 50 un 70 kilometri stund\u0101. Paredzamais remontposma \u0161\u0137\u0113rso\u0161anas laiks ir pusstunda.<\/p>\n<p>T\u0101pat uz autoce\u013ca J\u0113kabpils-R\u0113zekne-Ludza-Krievijas robe\u017ea (Terehova) pie Ludzas ir \u010detri luksoforu posmi. \u0100truma ierobe\u017eojumi 70 un 50 kilometri stund\u0101. Paredzamais remontposma \u0161\u0137\u0113rso\u0161anas laiks ir 30 min\u016btes.<\/p>\n<p>Tikm\u0113r uz Daugavpils apvedce\u013ca (A14) un A14 posm\u0101 l\u012bdz Sventei ir tr\u012bs luksoforu posmi, bet \u0101truma ierobe\u017eojums 70 un 50 kilometri stund\u0101. Paredzamais remontposma \u0161\u0137\u0113rso\u0161anas laiks 30 min\u016btes.<\/p>\n<p>T\u0101pat ar satiksmes ierobe\u017eojumiem j\u0101r\u0113\u0137in\u0101s uz valsts re\u0123ion\u0101lajiem autoce\u013ciem. Piem\u0113ram, no Litenes l\u012bdz Balviem un no Kokneses l\u012bdz Vecbebriem ir se\u0161i pagaidu luksoforu posmi, un tur ce\u013c\u0101 j\u0101pl\u0101no 40 l\u012bdz 45 min\u016btes.<\/p>\n<p>Lai ieg\u016btu vai nodotu inform\u0101ciju par notieko\u0161o uz valsts autoce\u013ciem, iedz\u012bvot\u0101jus aicina zvan\u012bt uz &#8220;Latvijas Valsts ce\u013cu&#8221; diennakts informat\u012bvo bezmaksas t\u0101lruni 80005555.<\/p>\n","protected":false},"excerpt":{"rendered":"Gar\u0101kais b\u016bvdarbu posms ir uz Vidzemes \u0161osejas no Grundz\u0101les l\u012bdz L\u0101cupiem. Lai to \u0161\u0137\u0113rsotu, vajadz\u0113s gandr\u012bz stundu. V\u0113l&hellip;\n","protected":false},"author":2,"featured_media":2530,"comment_status":"","ping_status":"","sticky":false,"template":"","format":"standard","meta":{"footnotes":""},"categories":[12],"tags":[23,1399,28,29,1400,32,33,22,30,31,35,39,38,36,37,34,40,20,26,27,24,25,21],"class_list":{"0":"post-2529","1":"post","2":"type-post","3":"status-publish","4":"format-standard","5":"has-post-thumbnail","7":"category-latvija","8":"tag-aktualitates","9":"tag-autoceli","10":"tag-breaking-news","11":"tag-breakingnews","12":"tag-celu-buvdarbi","13":"tag-featured-news","14":"tag-featurednews","15":"tag-headlines","16":"tag-latest-news","17":"tag-latestnews","18":"tag-latvia","19":"tag-latvian","20":"tag-latviesu","21":"tag-latviesu-valoda","22":"tag-latviesuvaloda","23":"tag-latvija","24":"tag-lv","25":"tag-news","26":"tag-popularakas-zinas","27":"tag-popularakaszinas","28":"tag-top-stories","29":"tag-topstories","30":"tag-zinas"},"share_on_mastodon":{"url":"","error":""},"_links":{"self":[{"href":"https:\/\/www.europesays.com\/lv\/wp-json\/wp\/v2\/posts\/2529","targetHints":{"allow":["GET"]}}],"collection":[{"href":"https:\/\/www.europesays.com\/lv\/wp-json\/wp\/v2\/posts"}],"about":[{"href":"https:\/\/www.europesays.com\/lv\/wp-json\/wp\/v2\/types\/post"}],"author":[{"embeddable":true,"href":"https:\/\/www.europesays.com\/lv\/wp-json\/wp\/v2\/users\/2"}],"replies":[{"embeddable":true,"href":"https:\/\/www.europesays.com\/lv\/wp-json\/wp\/v2\/comments?post=2529"}],"version-history":[{"count":0,"href":"https:\/\/www.europesays.com\/lv\/wp-json\/wp\/v2\/posts\/2529\/revisions"}],"wp:featuredmedia":[{"embeddable":true,"href":"https:\/\/www.europesays.com\/lv\/wp-json\/wp\/v2\/media\/2530"}],"wp:attachment":[{"href":"https:\/\/www.europesays.com\/lv\/wp-json\/wp\/v2\/media?parent=2529"}],"wp:term":[{"taxonomy":"category","embeddable":true,"href":"https:\/\/www.europesays.com\/lv\/wp-json\/wp\/v2\/categories?post=2529"},{"taxonomy":"post_tag","embeddable":true,"href":"https:\/\/www.europesays.com\/lv\/wp-json\/wp\/v2\/tags?post=2529"}],"curies":[{"name":"wp","href":"https:\/\/api.w.org\/{rel}","templated":true}]}}