{"id":25303,"date":"2025-10-19T15:36:12","date_gmt":"2025-10-19T15:36:12","guid":{"rendered":"https:\/\/www.europesays.com\/lv\/25303\/"},"modified":"2025-10-19T15:36:12","modified_gmt":"2025-10-19T15:36:12","slug":"pec-verbala-uzbrukuma-ukrainu-gimenei-sveice-aizturets-latvijas-pilsonis","status":"publish","type":"post","link":"https:\/\/www.europesays.com\/lv\/25303\/","title":{"rendered":"P\u0113c verb\u0101la uzbrukuma ukrai\u0146u \u0123imenei \u0160veic\u0113 aiztur\u0113ts Latvijas pilsonis"},"content":{"rendered":"<p>Ar\u012b laikraksts &#8220;Kyiv Post&#8221; zi\u0146oja, ka Vabiks tika aiztur\u0113ts.<\/p>\n<p>Jau zi\u0146ots, ka incidents notika 13. oktobr\u012b \u0160veic\u0113 vilcien\u0101 no Interlakenas uz \u0160p\u012bcu.<\/p>\n<p>Ukrainiete Olena Dudnika platform\u0101 &#8220;Instagram&#8221; public\u0113ja video, kur\u0101 redzams, k\u0101 k\u0101ds v\u012brietis vilcien\u0101 krievu valod\u0101 v\u0113r\u0161as vi\u0146as un vi\u0146as v\u012bra virzien\u0101 ar draudiem fiziski izr\u0113\u0137in\u0101ties. Dudnika ce\u013coja kop\u0101 ar v\u012bru un gadu un desmit m\u0113ne\u0161us veco d\u0113lu.<\/p>\n<p>Citi t\u012bmek\u013ca lietot\u0101ji draud\u0113t\u0101ju identific\u0113ja k\u0101 42 gadus veco Latvijas pilsoni Vabiku, kas savos soci\u0101lo t\u012bklu profilos nor\u0101da, ka savulaik m\u0101c\u012bjies R\u012bg\u0101 Zolit\u016bdes \u0123imn\u0101zij\u0101 un dz\u012bvo C\u012brih\u0113, \u0160veic\u0113.<\/p>\n<p>&#8220;K\u0101p lauk\u0101, kam\u0113r tavs b\u0113rns nav savainots,&#8221; kliedzis Vabiks. &#8220;Kas tev ir pret krieviem? M\u0113s j\u016bs nogalin\u0101sim l\u012bdz galam. Es esmu \u0161veicietis, un man nekas neb\u016bs, bet j\u016bs redz\u0113siet.&#8221;<\/p>\n<p>Kad Vabiks paman\u012bjis, ka tiek film\u0113ts, vi\u0146\u0161 izsitis Dudnikai no rok\u0101m telefonu. Dudnikas v\u012brs Vabiku atgr\u016bdis. &#8220;Tad sekoja fiziska vardarb\u012bba, kauti\u0146\u0161 un policijas izsauk\u0161ana,&#8221; Dudnika pauda platform\u0101 &#8220;Facebook&#8221;.<\/p>\n<p>Aculiecinieki pazi\u0146oja par incidentu policijai, kas sagaid\u012bja vilcienu n\u0101kamaj\u0101 stacij\u0101. Incidentu nofilm\u0113ja vilciena nov\u0113ro\u0161anas kameras.<\/p>\n","protected":false},"excerpt":{"rendered":"Ar\u012b laikraksts &#8220;Kyiv Post&#8221; zi\u0146oja, ka Vabiks tika aiztur\u0113ts. Jau zi\u0146ots, ka incidents notika 13. oktobr\u012b \u0160veic\u0113 vilcien\u0101&hellip;\n","protected":false},"author":2,"featured_media":23912,"comment_status":"","ping_status":"","sticky":false,"template":"","format":"standard","meta":{"footnotes":""},"categories":[12],"tags":[23,28,29,32,33,22,30,31,35,39,38,36,37,34,40,20,7240,26,27,7239,24,25,7919,21],"class_list":{"0":"post-25303","1":"post","2":"type-post","3":"status-publish","4":"format-standard","5":"has-post-thumbnail","7":"category-latvija","8":"tag-aktualitates","9":"tag-breaking-news","10":"tag-breakingnews","11":"tag-featured-news","12":"tag-featurednews","13":"tag-headlines","14":"tag-latest-news","15":"tag-latestnews","16":"tag-latvia","17":"tag-latvian","18":"tag-latviesu","19":"tag-latviesu-valoda","20":"tag-latviesuvaloda","21":"tag-latvija","22":"tag-lv","23":"tag-news","24":"tag-pilsonis","25":"tag-popularakas-zinas","26":"tag-popularakaszinas","27":"tag-sveice","28":"tag-top-stories","29":"tag-topstories","30":"tag-ukraini","31":"tag-zinas"},"share_on_mastodon":{"url":"","error":""},"_links":{"self":[{"href":"https:\/\/www.europesays.com\/lv\/wp-json\/wp\/v2\/posts\/25303","targetHints":{"allow":["GET"]}}],"collection":[{"href":"https:\/\/www.europesays.com\/lv\/wp-json\/wp\/v2\/posts"}],"about":[{"href":"https:\/\/www.europesays.com\/lv\/wp-json\/wp\/v2\/types\/post"}],"author":[{"embeddable":true,"href":"https:\/\/www.europesays.com\/lv\/wp-json\/wp\/v2\/users\/2"}],"replies":[{"embeddable":true,"href":"https:\/\/www.europesays.com\/lv\/wp-json\/wp\/v2\/comments?post=25303"}],"version-history":[{"count":0,"href":"https:\/\/www.europesays.com\/lv\/wp-json\/wp\/v2\/posts\/25303\/revisions"}],"wp:featuredmedia":[{"embeddable":true,"href":"https:\/\/www.europesays.com\/lv\/wp-json\/wp\/v2\/media\/23912"}],"wp:attachment":[{"href":"https:\/\/www.europesays.com\/lv\/wp-json\/wp\/v2\/media?parent=25303"}],"wp:term":[{"taxonomy":"category","embeddable":true,"href":"https:\/\/www.europesays.com\/lv\/wp-json\/wp\/v2\/categories?post=25303"},{"taxonomy":"post_tag","embeddable":true,"href":"https:\/\/www.europesays.com\/lv\/wp-json\/wp\/v2\/tags?post=25303"}],"curies":[{"name":"wp","href":"https:\/\/api.w.org\/{rel}","templated":true}]}}