{"id":253051,"date":"2026-07-23T16:13:13","date_gmt":"2026-07-23T16:13:13","guid":{"rendered":"https:\/\/www.europesays.com\/lv\/253051\/"},"modified":"2026-07-23T16:13:13","modified_gmt":"2026-07-23T16:13:13","slug":"tuvojas-augustibluus-lielakais-bluza-festivals-baltija","status":"publish","type":"post","link":"https:\/\/www.europesays.com\/lv\/253051\/","title":{"rendered":"Tuvojas &#8220;Augustibluus&#8221; \u2013 liel\u0101kais bl\u016bza festiv\u0101ls Baltij\u0101"},"content":{"rendered":"<p>\u00a0<\/p>\n<p>K\u0101 v\u0113l viena festiv\u0101la zvaigzne pieminams Skailers Soflijs (Skyler Saufley), Alabamas bl\u016bza slavas z\u0101les (Hall of Fame) dal\u012bbnieks, kur\u0161 kop\u0101 ar savu grupu iepaz\u012bstin\u0101s klaus\u012bt\u0101jus ar autentisku Rietumkrasta un jump blues programmu.<\/p>\n<p>\u00a0<\/p>\n<p>Starp tradicion\u0101lo, m\u016bsdien\u012bgo bl\u016bzu un soulm\u016bziku tiltus cels d\u0101\u0146u un \u012bru apvien\u012bba &#8220;Trainman Blues&#8221;, vair\u0101kk\u0101rt\u0113ji D\u0101nijas M\u016bzikas balvas laure\u0101ti, kas sa\u0146\u0113mu\u0161i apbalvojumus kategorij\u0101s &#8220;Lab\u0101kais albums&#8221; un &#8220;Lab\u0101kais koncertuzvedums&#8221;.<\/p>\n<p>\u00a0<\/p>\n<p>L\u012bdztekus koncertiem H\u0101psalu pils teritorij\u0101 festiv\u0101la norises piepild\u012bs visu pils\u0113tu. Priek\u0161nesumi notiks ar\u012b Dzelzce\u013ca stacij\u0101, Promen\u0101des deju paviljon\u0101, Kult\u016bras centr\u0101, H\u0101psalu katedr\u0101l\u0113, k\u0101 ar\u012b pils\u0113tas kafejn\u012bc\u0101s, b\u0101ros un teras\u0113s. Da\u013ca koncertu b\u016bs pieejami bez maksas.<\/p>\n<blockquote class=\"quote ck-widget\" contenteditable=\"false\">\n<p>&#8220;Augustibluus&#8221; ir festiv\u0101ls gan aizraut\u012bgiem bl\u016bza cien\u012bt\u0101jiem, gan ikvienam, kur\u0161 v\u0113las izbaud\u012bt vasaras kult\u016bras notikuma \u012bpa\u0161o atmosf\u0113ru. Festiv\u0101la laik\u0101 apmekl\u0113t\u0101jiem b\u016bs pieejams ar\u012b pla\u0161s \u0113dienu un dz\u0113rienu pied\u0101v\u0101jums.<\/p>\n<\/blockquote>\n<p>B\u0113rniem l\u012bdz 14 gadu vecumam, ierodoties kop\u0101 ar pieaugu\u0161o, ieeja festiv\u0101l\u0101 ir bez maksas.<\/p>\n<p><img decoding=\"async\" class=\"figure__image\" onclick=\"triggerEvent('articleImageClick', { id: 17800279, focus: 'single-image', focusIndex: '17800279' })\" onkeydown=\"if (event.key === 'Enter') {&#10;        triggerEvent('articleImageClick', { id: 17800279, focus: 'single-image', focusIndex: '17800279' })&#10;        }\" role=\"button\" tabindex=\"0\" data-focus-from=\"single-image\" data-focus-index=\"17800279\" src=\"https:\/\/www.europesays.com\/lv\/wp-content\/uploads\/2026\/07\/17800279t1ha42e.jpg\"  onload=\"this.parentElement.classList.remove('figure__image-loading')\" alt=\"\"\/> Foto: Publicit\u0101tes foto<\/p>\n<p><a target=\"_blank\" rel=\"noopener noreferrer nofollow\" href=\"https:\/\/www.bilesuserviss.lv\/biletes\/S7TPOTRXYI\/augustibluus-2026-festivalipass\">Festiv\u0101la abonementi un vienas dienas bi\u013cetes<\/a> pieejamas &#8220;Bi\u013ce\u0161u servis\u0101&#8221;, savuk\u0101rt bi\u013cetes uz atsevi\u0161\u0137iem koncertiem b\u016bs iesp\u0113jams ieg\u0101d\u0101ties ar\u012b norises viet\u0101s.<\/p>\n<p><img decoding=\"async\" class=\"figure__image\" onclick=\"triggerEvent('articleImageClick', { id: 17800280, focus: 'single-image', focusIndex: '17800280' })\" onkeydown=\"if (event.key === 'Enter') {&#10;        triggerEvent('articleImageClick', { id: 17800280, focus: 'single-image', focusIndex: '17800280' })&#10;        }\" role=\"button\" tabindex=\"0\" data-focus-from=\"single-image\" data-focus-index=\"17800280\" src=\"https:\/\/www.europesays.com\/lv\/wp-content\/uploads\/2026\/07\/17800280t1h30d6.jpg\"  onload=\"this.parentElement.classList.remove('figure__image-loading')\" alt=\"M\u016bzi\u0137is Edvards Strazdi\u0146\u0161 uzst\u0101jas m\u016bzikas ierakstu gada balvas &quot;Zelta Mikrofons&quot; apbalvo\u0161anas ceremonij\u0101 Latvijas Nacion\u0101laj\u0101 te\u0101tr\u012b.\"\/>M\u016bzi\u0137is Edvards Strazdi\u0146\u0161 uzst\u0101jas m\u016bzikas ierakstu gada balvas &#8220;Zelta Mikrofons&#8221; apbalvo\u0161anas ceremonij\u0101 Latvijas Nacion\u0101laj\u0101 te\u0101tr\u012b. Foto: Zane Bitere\/LETA<\/p>\n<p>Pilna festiv\u0101la programma un papildu inform\u0101cija pieejama t\u0101 <a target=\"_blank\" rel=\"noopener noreferrer nofollow\" href=\"https:\/\/www.augustibluus.ee\">t\u012bmek\u013ca vietn\u0113<\/a>.&#8221; <a href=\"https:\/\/sejas.tvnet.lv\/term\/58080\/augustibluus\" class=\"topicLink\" target=\"_blank\" rel=\"nofollow noopener\">Augustibluus<\/a> 2026&#8243; tiek l\u012bdzfinans\u0113ts ar Eiropas Savien\u012bbas atbalstu.<\/p>\n","protected":false},"excerpt":{"rendered":"\u00a0 K\u0101 v\u0113l viena festiv\u0101la zvaigzne pieminams Skailers Soflijs (Skyler Saufley), Alabamas bl\u016bza slavas z\u0101les (Hall of Fame)&hellip;\n","protected":false},"author":2,"featured_media":253052,"comment_status":"","ping_status":"","sticky":false,"template":"","format":"standard","meta":{"footnotes":"","_share_on_mastodon":"0"},"categories":[19],"tags":[40761,35904,89,40760,73,90,35,39,38,36,37,34,40],"class_list":["post-253051","post","type-post","status-publish","format-standard","has-post-thumbnail","category-izklaide","tag-augustibluus","tag-bluzs","tag-entertainment","tag-hapsalu","tag-igaunija","tag-izklaide","tag-latvia","tag-latvian","tag-latviesu","tag-latviesu-valoda","tag-latviesuvaloda","tag-latvija","tag-lv"],"share_on_mastodon":{"url":"https:\/\/pubeurope.com\/@lv\/116970180546960823","error":""},"_links":{"self":[{"href":"https:\/\/www.europesays.com\/lv\/wp-json\/wp\/v2\/posts\/253051","targetHints":{"allow":["GET"]}}],"collection":[{"href":"https:\/\/www.europesays.com\/lv\/wp-json\/wp\/v2\/posts"}],"about":[{"href":"https:\/\/www.europesays.com\/lv\/wp-json\/wp\/v2\/types\/post"}],"author":[{"embeddable":true,"href":"https:\/\/www.europesays.com\/lv\/wp-json\/wp\/v2\/users\/2"}],"replies":[{"embeddable":true,"href":"https:\/\/www.europesays.com\/lv\/wp-json\/wp\/v2\/comments?post=253051"}],"version-history":[{"count":0,"href":"https:\/\/www.europesays.com\/lv\/wp-json\/wp\/v2\/posts\/253051\/revisions"}],"wp:featuredmedia":[{"embeddable":true,"href":"https:\/\/www.europesays.com\/lv\/wp-json\/wp\/v2\/media\/253052"}],"wp:attachment":[{"href":"https:\/\/www.europesays.com\/lv\/wp-json\/wp\/v2\/media?parent=253051"}],"wp:term":[{"taxonomy":"category","embeddable":true,"href":"https:\/\/www.europesays.com\/lv\/wp-json\/wp\/v2\/categories?post=253051"},{"taxonomy":"post_tag","embeddable":true,"href":"https:\/\/www.europesays.com\/lv\/wp-json\/wp\/v2\/tags?post=253051"}],"curies":[{"name":"wp","href":"https:\/\/api.w.org\/{rel}","templated":true}]}}