{"id":2531,"date":"2025-09-23T04:47:08","date_gmt":"2025-09-23T04:47:08","guid":{"rendered":"https:\/\/www.europesays.com\/lv\/2531\/"},"modified":"2025-09-23T04:47:08","modified_gmt":"2025-09-23T04:47:08","slug":"verstapens-ir-drauds-cina-par-f1-titulu-motoru-sports-sportacentrs-com","status":"publish","type":"post","link":"https:\/\/www.europesays.com\/lv\/2531\/","title":{"rendered":"Verstapens ir drauds c\u012b\u0146\u0101 par F1 titulu \u2013 Motoru sports \u2013 Sportacentrs.com"},"content":{"rendered":"<p>Piastri bija spiests start\u0101 nobremz\u0113t, jo bija izkust\u0113jies no vietas pirms sarkano gaismu nodzi\u0161anas, k\u0101 rezult\u0101t\u0101 atkrita uz beig\u0101m, bet \u012bsi p\u0113c tam ietriec\u0101s ceturt\u0101 l\u012bkuma barjer\u0101. Visa ned\u0113\u013cas nogale vi\u0146am bija neveiksm\u0113m pilna \u2013 motors defekts pirmaj\u0101 treni\u0146\u0101, uztriek\u0161an\u0101s sienai otraj\u0101 treni\u0146\u0101, sasl\u012bd\u0113\u0161anas tre\u0161aj\u0101 treni\u0146\u0101 un av\u0101rija kvalifik\u0101cij\u0101, kas atst\u0101ja pilotu tikai dev\u012btaj\u0101 starta poz\u012bcij\u0101. &#8220;Diem\u017e\u0113l \u0161is bija p\u0101r\u0101k k\u013c\u016bd\u0101m bag\u0101ts posms no s\u0101kuma l\u012bdz beig\u0101m,&#8221; atzina Piastri. &#8220;Nebija neviena t\u012bra treni\u0146a, katra sesija bija ar k\u013c\u016bd\u0101m. Tas ir tas, kas man j\u0101uzlabo n\u0101kotn\u0113.&#8221;<\/p>\n<p>Piastri p\u0113c Baku posma joproj\u0101m saglab\u0101 25 punktu p\u0101rsvaru p\u0101r savu komandas biedru Norisu, ta\u010du situ\u0101cija \u010dempion\u0101t\u0101 k\u013cuvusi saspringt\u0101ka. \u010cetrk\u0101rt\u0113jais \u010dempions Makss Verstapens ar uzvaru Azerbaid\u017e\u0101n\u0101 samazin\u0101jis defic\u012btu l\u012bdz 69 punktiem un, redzot &#8220;Red Bull&#8221; progresu, austr\u0101lietis atzina, ka nevar s\u0101ncensi norakst\u012bt. &#8220;Es vi\u0146u neizsl\u0113dzu no c\u012b\u0146as par titulu,&#8221; sac\u012bja Piastri. &#8220;Bet pats vair\u0101k koncentr\u0113\u0161os uz to, lai atg\u016btos no \u0161\u012b posma. Ja sp\u0113\u0161u atgriezties l\u012bmen\u012b, kur zinu, ka varu b\u016bt, viss b\u016bs k\u0101rt\u012bb\u0101.&#8221;<\/p>\n<p>Noriss, kur\u0161 fini\u0161\u0113ja sept\u012btais, noraid\u012bja runas, ka nav izmantojis izdev\u012bbu, lai vair\u0101k pietuvotos kopv\u0113rt\u0113juma l\u012bderim. Vi\u0146\u0161 guva se\u0161us punktus vair\u0101k nek\u0101 Piastri, bet atzina, ka komanda Baku c\u012bn\u012bj\u0101s ar \u0101truma defic\u012btu un piev\u012bla ar\u012b l\u0113ns pitstops. &#8220;Katru posmu daru visu, ko varu,&#8221; teica Noriss. &#8220;Protams, vajadz\u0113ja lab\u0101ku kvalifik\u0101ciju, bet m\u0113s pie\u0146\u0113m\u0101m l\u0113mumu un samaks\u0101j\u0101m savu cenu. Es ar\u012b var\u0113ju iebraukt sien\u0101 k\u0101 Oskars. Galu gal\u0101 \u0161\u012b nebija slikta diena \u2013 zin\u0101j\u0101m, ka temps neb\u016bs tas lab\u0101kais.&#8221;<\/p>\n<p>Noriss atg\u0101din\u0101ja, ka &#8220;McLaren&#8221; ma\u0161\u012bna piektdien un sestdien bija \u0101tra, ta\u010du kvalifik\u0101cij\u0101 vald\u012bja haoss ar se\u0161iem sarkanajiem karogiem un iejauc\u0101s ar\u012b lietus, kas izjauca komandas taktiku. &#8220;Ja b\u016btu norm\u0101la kvalifik\u0101cija, dro\u0161i vien b\u016btu start\u0113jis otrais un fini\u0161\u0113tu otrais,&#8221; uzsv\u0113ra brits. &#8220;Bet mums nebija &#8220;Red Bull&#8221; \u0101truma, tas bija \u013coti redzams. Vi\u0146iem ir viena no lab\u0101kaj\u0101m ma\u0161\u012bn\u0101m un viens no visu laiku lab\u0101kajiem brauc\u0113jiem. Vi\u0146i mums padar\u012bs dz\u012bvi gr\u016btu l\u012bdz sezonas beig\u0101m.&#8221;<\/p>\n<p>F1 vicel\u012bderis piebilda, ka &#8220;McLaren&#8221; \u0161ogad ir guvusi iespaid\u012bgus pan\u0101kumus, ta\u010du v\u0113l j\u0101str\u0101d\u0101, lai tras\u0113s ar maz\u0101ku piespied\u0113jsp\u0113ku sasniegtu stabilus un labus rezult\u0101tus. &#8220;M\u0113s esam uzlaboju\u0161i veikumu, bet joproj\u0101m ir jomas, kur\u0101s &#8220;Red Bull&#8221; domin\u0113, un mums tas j\u0101labo,&#8221; sac\u012bja Noriss. &#8220;Cilv\u0113kiem nevajadz\u0113tu b\u016bt p\u0101rsteigtiem, ka vi\u0146i ir \u0101tri. Vi\u0146i t\u0101di biju\u0161i visu sezonu, un ar jaunajiem uzlabojumiem \u2013 v\u0113l vair\u0101k. Mums atliek turpin\u0101t smagi str\u0101d\u0101t.&#8221;<\/p>\n<p><img decoding=\"async\" src=\"https:\/\/www.europesays.com\/lv\/wp-content\/uploads\/2025\/09\/G1YBr3AWIAA1PT2.jpeg\" class=\"img-fluid\"\/><img decoding=\"async\" src=\"https:\/\/www.europesays.com\/lv\/wp-content\/uploads\/2025\/09\/G1YRinTWMAESLX8.jpeg\" class=\"img-fluid\"\/><\/p>\n<p>Izmantotie resursi:<br \/><a target=\"_blank\" href=\"http:\/\/www.f1.lv\" rel=\"nofollow noopener\">S\u0101kumlapa : F1LV Blogs<\/a><\/p>\n","protected":false},"excerpt":{"rendered":"Piastri bija spiests start\u0101 nobremz\u0113t, jo bija izkust\u0113jies no vietas pirms sarkano gaismu nodzi\u0161anas, k\u0101 rezult\u0101t\u0101 atkrita uz&hellip;\n","protected":false},"author":2,"featured_media":2532,"comment_status":"","ping_status":"","sticky":false,"template":"","format":"standard","meta":{"footnotes":""},"categories":[17],"tags":[35,39,38,36,37,34,40,165,67],"class_list":{"0":"post-2531","1":"post","2":"type-post","3":"status-publish","4":"format-standard","5":"has-post-thumbnail","7":"category-sports","8":"tag-latvia","9":"tag-latvian","10":"tag-latviesu","11":"tag-latviesu-valoda","12":"tag-latviesuvaloda","13":"tag-latvija","14":"tag-lv","15":"tag-motoru-sports","16":"tag-sports"},"share_on_mastodon":{"url":"","error":""},"_links":{"self":[{"href":"https:\/\/www.europesays.com\/lv\/wp-json\/wp\/v2\/posts\/2531","targetHints":{"allow":["GET"]}}],"collection":[{"href":"https:\/\/www.europesays.com\/lv\/wp-json\/wp\/v2\/posts"}],"about":[{"href":"https:\/\/www.europesays.com\/lv\/wp-json\/wp\/v2\/types\/post"}],"author":[{"embeddable":true,"href":"https:\/\/www.europesays.com\/lv\/wp-json\/wp\/v2\/users\/2"}],"replies":[{"embeddable":true,"href":"https:\/\/www.europesays.com\/lv\/wp-json\/wp\/v2\/comments?post=2531"}],"version-history":[{"count":0,"href":"https:\/\/www.europesays.com\/lv\/wp-json\/wp\/v2\/posts\/2531\/revisions"}],"wp:featuredmedia":[{"embeddable":true,"href":"https:\/\/www.europesays.com\/lv\/wp-json\/wp\/v2\/media\/2532"}],"wp:attachment":[{"href":"https:\/\/www.europesays.com\/lv\/wp-json\/wp\/v2\/media?parent=2531"}],"wp:term":[{"taxonomy":"category","embeddable":true,"href":"https:\/\/www.europesays.com\/lv\/wp-json\/wp\/v2\/categories?post=2531"},{"taxonomy":"post_tag","embeddable":true,"href":"https:\/\/www.europesays.com\/lv\/wp-json\/wp\/v2\/tags?post=2531"}],"curies":[{"name":"wp","href":"https:\/\/api.w.org\/{rel}","templated":true}]}}