{"id":253136,"date":"2026-07-23T17:58:26","date_gmt":"2026-07-23T17:58:26","guid":{"rendered":"https:\/\/www.europesays.com\/lv\/253136\/"},"modified":"2026-07-23T17:58:26","modified_gmt":"2026-07-23T17:58:26","slug":"moldova-par-premjeru-ievel-finansu-ekspertu-vasili-tofanu","status":"publish","type":"post","link":"https:\/\/www.europesays.com\/lv\/253136\/","title":{"rendered":"Moldov\u0101 par premjeru iev\u0113l finan\u0161u ekspertu Vasili Tofanu"},"content":{"rendered":"<p>44 gadus vecais proeiropeiskais uz\u0146\u0113m\u0113js Vasile Tofans, kura kandidat\u016bru premjerministra amatam 11. j\u016blij\u0101 izvirz\u012bja prezidente Maija Sandu, tika iev\u0113l\u0113ts ar vi\u0146as prorietumniecisk\u0101s valdo\u0161\u0101s R\u012bc\u012bbas un solidarit\u0101tes partijas (PAS) deput\u0101tu bals\u012bm.<\/p>\n<p>Tofans nomaina premjera amat\u0101 Aleksandru Muntjanu, kur\u0161 p\u0113c asto\u0146iem premjerministra amat\u0101 pavad\u012btiem m\u0113ne\u0161iem 3. j\u016blij\u0101 pazi\u0146oja par demisiju. Muntjanu pazi\u0146oja, ka vairs nevar pild\u012bt amata pien\u0101kumus &#8220;saska\u0146\u0101 ar saviem principiem un p\u0101rliec\u012bbu&#8221;, bet anal\u012bti\u0137i pie\u013cauj, ka atk\u0101p\u0161an\u0101s iemesls bija domstarp\u012bbas ar PAS fisk\u0101l\u0101s politikas jaut\u0101jumos.<\/p>\n<p>Tofans k\u0101 iesp\u0113jamais premjerministra amata kandid\u0101ts tika min\u0113ts jau p\u0113rn pirms Muntjanu iecel\u0161anas amat\u0101.<\/p>\n<p>Sandu p\u0113c Tofana izvirz\u012b\u0161anas nor\u0101d\u012bja, ka par vi\u0146a priorit\u0101ti amat\u0101 j\u0101k\u013c\u016bst valsts virz\u012bbai uz integr\u0101ciju Eiropas Savien\u012bb\u0101 (ES). N\u0101kamajam premjerministram ar\u012b ir &#8220;j\u0101uzlabo valsts instit\u016bciju un sabiedr\u012bbas notur\u012bba&#8221; un &#8220;j\u0101atdz\u012bvina ekonomika&#8221;, vi\u0146a piebilda.<\/p>\n<p>H\u0101rvarda Biznesa skolas absolvents Tofans ir N\u012bderland\u0113 apguvis sabiedr\u012bbas p\u0101rvald\u012bbu un ir vado\u0161ais partneris priv\u0101t\u0101 kapit\u0101la komp\u0101nij\u0101 &#8220;Horizon Capital&#8221;, kas koncentr\u0113jas uz invest\u012bcij\u0101m Ukrain\u0101 un Moldov\u0101. Vi\u0146\u0161 ir padomes priek\u0161s\u0113d\u0113t\u0101js Moldovas v\u012bna dar\u012btav\u0101 &#8220;Purcari&#8221;.<\/p>\n","protected":false},"excerpt":{"rendered":"44 gadus vecais proeiropeiskais uz\u0146\u0113m\u0113js Vasile Tofans, kura kandidat\u016bru premjerministra amatam 11. j\u016blij\u0101 izvirz\u012bja prezidente Maija Sandu, tika&hellip;\n","protected":false},"author":2,"featured_media":253137,"comment_status":"","ping_status":"","sticky":false,"template":"","format":"standard","meta":{"footnotes":"","_share_on_mastodon":"0"},"categories":[14],"tags":[23,57,28,29,32,33,22,30,31,35,39,38,36,37,34,40,1453,20,26,27,24,25,54,55,56,21,58],"class_list":["post-253136","post","type-post","status-publish","format-standard","has-post-thumbnail","category-zinas-no-arvalstim","tag-aktualitates","tag-arvalstim","tag-breaking-news","tag-breakingnews","tag-featured-news","tag-featurednews","tag-headlines","tag-latest-news","tag-latestnews","tag-latvia","tag-latvian","tag-latviesu","tag-latviesu-valoda","tag-latviesuvaloda","tag-latvija","tag-lv","tag-moldova","tag-news","tag-popularakas-zinas","tag-popularakaszinas","tag-top-stories","tag-topstories","tag-world","tag-world-news","tag-worldnews","tag-zinas","tag-zinas-no-arvalstim"],"share_on_mastodon":{"url":"https:\/\/pubeurope.com\/@lv\/116970592820015230","error":""},"_links":{"self":[{"href":"https:\/\/www.europesays.com\/lv\/wp-json\/wp\/v2\/posts\/253136","targetHints":{"allow":["GET"]}}],"collection":[{"href":"https:\/\/www.europesays.com\/lv\/wp-json\/wp\/v2\/posts"}],"about":[{"href":"https:\/\/www.europesays.com\/lv\/wp-json\/wp\/v2\/types\/post"}],"author":[{"embeddable":true,"href":"https:\/\/www.europesays.com\/lv\/wp-json\/wp\/v2\/users\/2"}],"replies":[{"embeddable":true,"href":"https:\/\/www.europesays.com\/lv\/wp-json\/wp\/v2\/comments?post=253136"}],"version-history":[{"count":0,"href":"https:\/\/www.europesays.com\/lv\/wp-json\/wp\/v2\/posts\/253136\/revisions"}],"wp:featuredmedia":[{"embeddable":true,"href":"https:\/\/www.europesays.com\/lv\/wp-json\/wp\/v2\/media\/253137"}],"wp:attachment":[{"href":"https:\/\/www.europesays.com\/lv\/wp-json\/wp\/v2\/media?parent=253136"}],"wp:term":[{"taxonomy":"category","embeddable":true,"href":"https:\/\/www.europesays.com\/lv\/wp-json\/wp\/v2\/categories?post=253136"},{"taxonomy":"post_tag","embeddable":true,"href":"https:\/\/www.europesays.com\/lv\/wp-json\/wp\/v2\/tags?post=253136"}],"curies":[{"name":"wp","href":"https:\/\/api.w.org\/{rel}","templated":true}]}}