{"id":25338,"date":"2025-10-19T16:14:26","date_gmt":"2025-10-19T16:14:26","guid":{"rendered":"https:\/\/www.europesays.com\/lv\/25338\/"},"modified":"2025-10-19T16:14:26","modified_gmt":"2025-10-19T16:14:26","slug":"aina-karele-un-jakovs-rafalsons-sanems-spelmanu-nakts-balvas-par-muza-ieguldijumu-skatuves-maksla-lente-lv","status":"publish","type":"post","link":"https:\/\/www.europesays.com\/lv\/25338\/","title":{"rendered":"Aina Karele un Jakovs Rafa\u013csons sa\u0146ems \u201cSp\u0113lma\u0146u nakts\u201d balvas par m\u016b\u017ea ieguld\u012bjumu skatuves m\u0101ksl\u0101\u00a0\u2014\u00a0Lente.lv"},"content":{"rendered":"<p>Te\u0101tra dienas spo\u017e\u0101kais notikums: Aina Karele un Jakovs Rafa\u013csons sa\u0146em \u201cSp\u0113lma\u0146u nakts\u201d balvas par m\u016b\u017ea ieguld\u012bjumu<\/p>\n<p>\u0160ogad par m\u016b\u017ea ieguld\u012bjumu skatuves m\u0101ksl\u0101 tiks godin\u0101ti divi izcili Latvijas te\u0101tra m\u0101kslinieki \u2013 Liep\u0101jas te\u0101tra aktrise Aina Karele un Mihaila \u010cehova R\u012bgas Krievu te\u0101tra aktieris Jakovs Rafa\u013csons. \u0160\u012b godpiln\u0101 atzin\u012bba, ko pie\u0161\u0137ir Latvijas Te\u0101tra darbinieku savien\u012bbas (LTDS) valde, ir apliecin\u0101jums vi\u0146u talantam, dedz\u012bbai un neatsveramajai kl\u0101tb\u016btnei uz skatuves gadu desmitiem ilgi. Ceremonija, kur\u0101 tiks pasniegtas balvas par m\u016b\u017ea ieguld\u012bjumu, notiks 23. novembr\u012b Dailes te\u0101tr\u012b, R\u012bg\u0101, atz\u012bm\u0113jot 32. Gada balvas te\u0101tr\u012b \u201cSp\u0113lma\u0146u nakts\u201d pasnieg\u0161anas pas\u0101kumu par 2024.\/2025. gada te\u0101tra sezonu.<\/p>\n<p>Aina Karele: Sievi\u0161\u0137\u012bbas daudzveid\u012bba uz Liep\u0101jas skatuves<\/p>\n<p>Aina Karele, aktrise, kas vair\u0101k nek\u0101 se\u0161as desmitgades ir uztic\u012bga Liep\u0101jas te\u0101trim, ir k\u013cuvusi par neat\u0146emamu t\u0101 v\u0113stures sast\u0101vda\u013cu. Vi\u0146as skatuves ce\u013c\u0161 aizs\u0101k\u0101s t\u0101laj\u0101 1961. gad\u0101, un kop\u0161 t\u0101 laika aktrise ir iemiesojusi desmitiem neaizmirstamu t\u0113lu, demonstr\u0113jot savu daudzpus\u012bbu un dzi\u013co izpratni par aktiermeistar\u012bbas b\u016bt\u012bbu. P\u0113c Kult\u016bras darbinieku tehnikuma absolv\u0113\u0161anas, Kareles talants tika pilnveidots Sanktp\u0113terburgas Te\u0101tra, m\u016bzikas un kino instit\u016bt\u0101, kur vi\u0146a ieguva augst\u0101ko izgl\u012bt\u012bbu, lai p\u0113c \u010detriem gadiem atgrieztos Liep\u0101j\u0101 jau ar jaunu sparu un profesion\u0101lo briedumu. K\u0101 atz\u012bst te\u0101tra kriti\u0137e Ed\u012bte Ti\u0161heizere, ja vajadz\u0113tu apz\u012bm\u0113t Ainas Kareles daudzo lomu kopumu ar vienu v\u0101rdu, tas b\u016btu \u201csievi\u0161\u0137\u012bba\u201d. \u0160\u012b sievi\u0161\u0137\u012bba ir atkl\u0101jusies vispla\u0161\u0101kaj\u0101 amplit\u016bd\u0101 \u2013 s\u0101kot ar trausl\u0101m meiten\u0113m un princes\u0113m, l\u012bdz pat drosm\u012bg\u0101m karalien\u0113m un ekscentrisk\u0101m person\u012bb\u0101m. Vi\u0146as t\u0113li vienm\u0113r ir biju\u0161i unik\u0101li un spilgti, atkl\u0101jot pla\u0161u emocion\u0101lo gammu un sp\u0113ju nodot publikai p\u0101rdz\u012bvojumu dzi\u013cumu.<\/p>\n<p>\u012apa\u0161a noz\u012bme Ainas Kareles rado\u0161aj\u0101 m\u016b\u017e\u0101 bijusi sadarb\u012bba ar re\u017eisoru O\u013c\u0123ertu Krodru. Vi\u0146a vad\u012bb\u0101 tapa gan maigas, gan dzi\u013ci dramatiskas lomas, tostarp Aleksandra Lilianas Helmanes \u201cLapsi\u0146\u0101s\u201d (1962), Katerina Ivanovna Fjodora Dostojevska \u201cNoziegum\u0101 un sod\u0101\u201d (1977) un Po\u013cina Antona \u010cehova \u201cKaij\u0101\u201d (1987). Kroders pal\u012bdz\u0113ja deheroiz\u0113t varenos \u0161\u012bs pasaules t\u0113lus, atkl\u0101jot gan zemus un egoistiskus mot\u012bvus, gan \u2013 iz\u0161\u0137iro\u0161os br\u012b\u017eos \u2013 karalisku st\u0101ju un pa\u0161cie\u0146u \u0160illera Marij\u0101 Stjuart\u0113 (1976) un \u0160eksp\u012bra \u0122ertr\u016bd\u0113 \u201cHamlet\u0101\u201d (1984). Tom\u0113r loma, kas visprec\u012bz\u0101k izsaka pa\u0161as aktrises person\u012bbu, tapusi Valda L\u016bri\u0146a iestud\u0113taj\u0101 Atmodas laika \u201c\u0160veik\u0101\u201d (1986) \u2013 dai\u013c\u0101, par sp\u012bti karam un briesm\u0101m bezr\u016bp\u012bg\u0101 Vendlera kundze, kurai, baudot dz\u012bvi, bija divi kaujas saucieni: \u201cV\u012bnu!\u201d un \u201cUguni!\u201d. \u0160o reibino\u0161o dz\u012bvesprieku un temperamentu Aina nav zaud\u0113jusi nekad. Vi\u0146a joproj\u0101m ir rado\u0161i akt\u012bva, vadot ekskursijas Liep\u0101jas te\u0101tr\u012b un r\u016bp\u0113joties par t\u0101 arh\u012bvu, k\u013c\u016bstot par te\u0101tra v\u0113stures glab\u0101t\u0101ju. Jau 2022. gad\u0101 par \u012bpa\u0161iem nopelniem skatuves m\u0101ksl\u0101 Aina Karele tika uz\u0146emta Te\u0101tra Zelta fond\u0101, apliecinot vi\u0146as nenov\u0113rt\u0113jamo ieguld\u012bjumu Latvijas te\u0101tra att\u012bst\u012bb\u0101.<\/p>\n<p>Jakovs Rafa\u013csons: V\u0113stures l\u012bklo\u010di, cilv\u0113c\u012bba un te\u0101tris k\u0101 likte\u0146a reveranss<\/p>\n<p>Jakovs Rafa\u013csons, izcilais Mihaila \u010cehova R\u012bgas Krievu te\u0101tra aktieris, ir m\u0101kslinieks, kura karjera ir iztur\u0113jusi laika p\u0101rbaudi un guvusi pla\u0161u atzin\u012bbu. Vi\u0146\u0161 sa\u0146\u0113mis \u201cSp\u0113lma\u0146u nakts\u201d balvu \u201cLab\u0101kais aktieris\u201d 1996. un 2001. gad\u0101, 2003. gad\u0101 ticis apbalvots ar Triju Zvaig\u017e\u0146u ordeni, 2018. gad\u0101 sa\u0146\u0113mis Harija Liepi\u0146a balvu, bet 2024. gad\u0101 ieguvis \u017da\u0146a Katlapa balvu. \u0160ogad vi\u0146\u0161 sa\u0146ems balvu par m\u016b\u017ea ieguld\u012bjumu skatuves m\u0101ksl\u0101, godinot vi\u0146a ilggad\u0113jo un noz\u012bm\u012bgo darbu.<\/p>\n<p>Rafa\u013csona person\u012bbas ietekme latvie\u0161u un krievu kult\u016bras mijiedarb\u012bb\u0101 ir iev\u0113rojama, \u012bpa\u0161i uzsverot cilv\u0113c\u012bbu, cilv\u0113cisk\u0101s v\u0113rt\u012bbas un ide\u0101lus. Piedz\u012bvojot savu vec\u0101ku v\u0113stures grie\u017eu ietekmi uz \u0123imeni, n\u0101ciju un dzimteni, aktieris bie\u017ei uzsv\u0113ris, ka dz\u012bvot Latvij\u0101 ir liel\u0101k\u0101 laime, un str\u0101d\u0101t te\u0101tr\u012b \u2013 tas ir likte\u0146a reveranss. Vi\u0146a meistar\u012bba un dzi\u013c\u0101 cie\u0146a pret darbu, autoriem, t\u0113liem un re\u017eisoriem nodro\u0161ina augst\u0101kos profesion\u0101los standartus aktiera profesij\u0101. Rafa\u013csons nep\u0101rtraukti ir rado\u0161os mekl\u0113jumos, pilnveidojot savus t\u0113lus ar dzi\u013cumu un rakstura nians\u0113m, k\u0101 ar\u012b nep\u0101rtraukti pilnveido sevi, stud\u0113jot pasaules kult\u016bras di\u017egarus. Vi\u0146a karjera te\u0101tr\u012b s\u0101k\u0101s jau 1991. gad\u0101 Mihaila \u010cehova R\u012bgas Krievu te\u0101tr\u012b, un s\u0101kotn\u0113ji vi\u0146am tika pied\u0101v\u0101tas mazas lomas, ta\u010du dr\u012bz vien vi\u0146a sp\u0113c\u012bg\u0101s, spilgt\u0101s un daudzveid\u012bg\u0101s lomas k\u013cuva par neat\u0146emamu te\u0101tra repertu\u0101ra sast\u0101vda\u013cu. Rafa\u013csons piedz\u012bvojis gan savu vec\u0101ku emigr\u0101cijas pieredzi, gan atgrie\u0161anos Latvij\u0101, kas dzi\u013ci ietekm\u0113jis vi\u0146a pasaules redz\u0113jumu un m\u0101ksliniecisko izaugsmi. Vi\u0146a lom\u0101s bie\u017ei redzama dzi\u013cuma izj\u016bta un emocion\u0101l\u0101 bag\u0101t\u012bba, piem\u0113ram, lom\u0101s izr\u0101d\u0113s \u201cOdesa, burv\u012bg\u0101 pils\u0113ta\u2026\u201d, \u201cTango ar Stroku\u201d, \u201cMumu\u201d, \u201cKaralis L\u012brs\u201d un nesenaj\u0101 \u201cNotikums Vi\u0161\u012b pils\u0113t\u0101\u201d.<\/p>\n<p>\u201cSp\u0113lma\u0146u nakts\u201d \u2013 te\u0101tra gada galvenais notikums<\/p>\n<p>\u201cSp\u0113lma\u0146u nakts\u201d ir ikgad\u0113ja te\u0101tra balvu pasnieg\u0161anas ceremonija, ko r\u012bko Latvijas Te\u0101tra darbinieku savien\u012bba (LTDS) ar Kult\u016bras ministrijas, Borisa un In\u0101ras Teterevu fonda un R\u012bgas valstspils\u0113tas pa\u0161vald\u012bbas atbalstu. Ceremonija tradicion\u0101li notiek 23. novembr\u012b, Eduarda Smi\u013c\u0123a dzim\u0161anas dien\u0101, godinot gada lab\u0101kos sasniegumus Latvijas te\u0101tr\u012b. \u0160\u012b gada pas\u0101kums, kas b\u016bs jau 32. \u201cSp\u0113lma\u0146u nakts\u201d, norisin\u0101sies Dailes te\u0101tr\u012b. \u0160\u012b balva ir ne tikai profesion\u0101ls nov\u0113rt\u0113jums, bet ar\u012b spilgts notikums, kas pulc\u0113 te\u0101tra profesion\u0101\u013cus, kriti\u0137us un skat\u012bt\u0101jus, radot sv\u0113tku atmosf\u0113ru un veicinot dialogu par te\u0101tra att\u012bst\u012bbu Latvij\u0101. Pretendentus balvai \u201cPar m\u016b\u017ea ieguld\u012bjumu skatuves m\u0101ksl\u0101\u201d izv\u0113rt\u0113 un apstiprina LTDS valde, nodro\u0161inot augstus krit\u0113rijus un god\u012bgu v\u0113rt\u0113\u0161anas procesu.<\/p>\n","protected":false},"excerpt":{"rendered":"Te\u0101tra dienas spo\u017e\u0101kais notikums: Aina Karele un Jakovs Rafa\u013csons sa\u0146em \u201cSp\u0113lma\u0146u nakts\u201d balvas par m\u016b\u017ea ieguld\u012bjumu \u0160ogad par&hellip;\n","protected":false},"author":2,"featured_media":25339,"comment_status":"","ping_status":"","sticky":false,"template":"","format":"standard","meta":{"footnotes":""},"categories":[19],"tags":[7575,7930,89,90,7576,35,39,38,36,37,34,40,6020,884],"class_list":{"0":"post-25338","1":"post","2":"type-post","3":"status-publish","4":"format-standard","5":"has-post-thumbnail","7":"category-izklaide","8":"tag-aina-karele","9":"tag-balva-par-muza-ieguldijumu","10":"tag-entertainment","11":"tag-izklaide","12":"tag-jakovs-rafalsons","13":"tag-latvia","14":"tag-latvian","15":"tag-latviesu","16":"tag-latviesu-valoda","17":"tag-latviesuvaloda","18":"tag-latvija","19":"tag-lv","20":"tag-spelmanu-nakts","21":"tag-teatra-maksla"},"share_on_mastodon":{"url":"","error":""},"_links":{"self":[{"href":"https:\/\/www.europesays.com\/lv\/wp-json\/wp\/v2\/posts\/25338","targetHints":{"allow":["GET"]}}],"collection":[{"href":"https:\/\/www.europesays.com\/lv\/wp-json\/wp\/v2\/posts"}],"about":[{"href":"https:\/\/www.europesays.com\/lv\/wp-json\/wp\/v2\/types\/post"}],"author":[{"embeddable":true,"href":"https:\/\/www.europesays.com\/lv\/wp-json\/wp\/v2\/users\/2"}],"replies":[{"embeddable":true,"href":"https:\/\/www.europesays.com\/lv\/wp-json\/wp\/v2\/comments?post=25338"}],"version-history":[{"count":0,"href":"https:\/\/www.europesays.com\/lv\/wp-json\/wp\/v2\/posts\/25338\/revisions"}],"wp:featuredmedia":[{"embeddable":true,"href":"https:\/\/www.europesays.com\/lv\/wp-json\/wp\/v2\/media\/25339"}],"wp:attachment":[{"href":"https:\/\/www.europesays.com\/lv\/wp-json\/wp\/v2\/media?parent=25338"}],"wp:term":[{"taxonomy":"category","embeddable":true,"href":"https:\/\/www.europesays.com\/lv\/wp-json\/wp\/v2\/categories?post=25338"},{"taxonomy":"post_tag","embeddable":true,"href":"https:\/\/www.europesays.com\/lv\/wp-json\/wp\/v2\/tags?post=25338"}],"curies":[{"name":"wp","href":"https:\/\/api.w.org\/{rel}","templated":true}]}}