{"id":25362,"date":"2025-10-19T16:54:12","date_gmt":"2025-10-19T16:54:12","guid":{"rendered":"https:\/\/www.europesays.com\/lv\/25362\/"},"modified":"2025-10-19T16:54:12","modified_gmt":"2025-10-19T16:54:12","slug":"maksligais-intelekts-maina-karadarbibu-bet-dubli-un-asinis-paliek-saka-bijusi-nato-amatpersona","status":"publish","type":"post","link":"https:\/\/www.europesays.com\/lv\/25362\/","title":{"rendered":"M\u0101ksl\u012bgais intelekts maina karadarb\u012bbu, bet &#8220;dub\u013ci un asinis&#8221; paliek, saka bijus\u012b NATO amatpersona"},"content":{"rendered":"<p>Neraugoties uz diskusij\u0101m par inov\u0101cij\u0101m un augstaj\u0101m tehnolo\u0123ij\u0101m vai m\u0101ksl\u012bgo intelektu, kar\u0101 Ukrain\u0101 joproj\u0101m ir ar\u012b Pirm\u0101 un Otr\u0101 pasaules kara elementi, dro\u0161\u012bbas un \u0101rpolitikas foruma &#8220;R\u012bgas konference 2025&#8221; laik\u0101 sac\u012bja biju\u0161ais <a rel=\"noopener nofollow\" target=\"_blank\" href=\"https:\/\/www.delfi.lv\/temas\/35481331\/nato\" tag-id=\"35481331\">NATO<\/a> Milit\u0101r\u0101s komitejas priek\u0161s\u0113d\u0113t\u0101js Robs Bauers.<\/p>\n<p>Run\u0101jot par to, cik \u013coti karadarb\u012bba ir main\u012bjusies \u0161\u012b kara laik\u0101, Bauers nor\u0101d\u012bja, ka \u013coti svar\u012bgs ir psiholo\u0123iskais kara elements, proti, vai karav\u012brs saprot, par ko c\u012bn\u0101s. &#8220;Ukrainas karav\u012bri zina, par ko vi\u0146i c\u012bn\u0101s. Krievu karav\u012briem par to nav ne jausmas. T\u0101p\u0113c vi\u0146u c\u012b\u0146asspars ir pavisam cit\u0101d\u0101ks nek\u0101 ukrai\u0146iem,&#8221; vi\u0146\u0161 pauda.<\/p>\n<p>Otrs elements ir misijas vad\u012bbas noz\u012bme, kad cilv\u0113ki visaugst\u0101kaj\u0101 l\u012bmen\u012b nosaka, k\u0101p\u0113c kaut kas ir svar\u012bgs un kas ir j\u0101sasniedz, bet p\u0113c tam zem\u0101kaj\u0101 l\u012bmen\u012b atst\u0101j l\u0113mumus par to, tie\u0161i k\u0101 to izdar\u012bt, skaidroja Bauers.<\/p>\n<p>Vi\u0146\u0161 uzsv\u0113ra, ka 2022. gada pavasar\u012b un vasaras s\u0101kum\u0101 ukrai\u0146i atguva 50% no t\u0101, ko bija sagr\u0101bu\u0161i krievi, jo \u0161\u012bs misijas vad\u012bba un iniciat\u012bva bija rotas l\u012bmen\u012b. &#8220;Kad rotas komandieri b\u016bt\u012bb\u0101 saskat\u012bja iesp\u0113ju un saprata, ka ir j\u0101atg\u016bst viss, kas pieder\u0113ja, vi\u0146i to ar\u012b izdar\u012bja. Bet krieviem par katru izmai\u0146u bija j\u0101zvana uz Maskavu,&#8221; st\u0101st\u012bja Bauers.<\/p>\n<p>Tre\u0161k\u0101rt, neraugoties uz diskusij\u0101m par inov\u0101cij\u0101m un augstaj\u0101m tehnolo\u0123ij\u0101m vai m\u0101ksl\u012bgo intelektu, karadarb\u012bb\u0101 joproj\u0101m ir ar\u012b Pirm\u0101 un Otr\u0101 pasaules kara elementi. Ierakumu <a rel=\"noopener nofollow\" target=\"_blank\" href=\"https:\/\/www.delfi.lv\/temas\/44622162\/kars-0\" tag-id=\"44622162\">kar\u0161<\/a> ir atgriezies, vi\u0146\u0161 sac\u012bja.<\/p>\n<p>&#8220;Dub\u013ci un asinis joproj\u0101m ir kara sast\u0101vda\u013ca. K\u0101jnieki joproj\u0101m ir kara sast\u0101vda\u013ca,&#8221; uzsv\u0113ra Bauers.<\/p>\n<p>Ceturtk\u0101rt, bezpilota lidapar\u0101ti ir ieradu\u0161ies uz palik\u0161anu, un tagad pasl\u0113pties ir gandr\u012bz neiesp\u0113jami, vi\u0146\u0161 skaidroja. Tagad, pateicoties droniem, noteikt\u0101s teritorij\u0101s zin\u0101ms, ko kur\u0161 dara, turkl\u0101t <a rel=\"noopener nofollow\" target=\"_blank\" href=\"https:\/\/www.delfi.lv\/temas\/50979549\/maksligais-intelekts\" tag-id=\"50979549\">m\u0101ksl\u012bgais intelekts<\/a> maina karo\u0161anas veidu, turpin\u0101ja Bauers.<\/p>\n<p>&#8220;\u0145emot v\u0113r\u0101, ka pasl\u0113pties ir gr\u016bt\u0101k, ir \u0101rk\u0101rt\u012bgi svar\u012bgi atrasties kust\u012bb\u0101, un tas noz\u012bm\u0113, ka past\u0101v\u012bgs \u0161t\u0101bs \u0113k\u0101 ar karogu stabiem vairs neeksist\u0113s. Pat t\u0101diem lieliem form\u0113jumiem k\u0101 div\u012bzija vai armijas korpusam, kur\u0101 ir 100 000 karav\u012bru. Lai c\u012bn\u012btos kust\u012bb\u0101, ir nepiecie\u0161ami mobilie balss un datu sakari,&#8221; skaidroja Bauers.<\/p>\n<p>M\u0101ksl\u012bgais intelekts ir rad\u012bjis karadarb\u012bb\u0101 zin\u0101mu automatiz\u0101cijas pak\u0101pi, un daudz b\u016bs atkar\u012bgs no t\u0101, k\u0101 \u013causim tam att\u012bst\u012bties, piebilda Bauers.<\/p>\n<p class=\"m-0\">Seko &#8220;Delfi&#8221; ar\u012b  <a target=\"_blank\" href=\"https:\/\/www.instagram.com\/delfi.lv\/\" rel=\"nofollow noopener\">Instagram<\/a>  un <a target=\"_blank\" href=\"https:\/\/www.youtube.com\/channel\/UCw5foWtcJvAbUm64rv7jwUQ\" rel=\"nofollow noopener\">YouTube<\/a>  profil\u0101 \u2013 pievienojies, lai uzzin\u0101tu svar\u012bg\u0101ko un interesant\u0101ko pirmais!<\/p>\n<p>Publik\u0101cijas saturs vai t\u0101s jebk\u0101da apjoma da\u013ca ir aizsarg\u0101ts autorties\u012bbu objekts Autorties\u012bbu likuma izpratn\u0113, un t\u0101 izmanto\u0161ana bez izdev\u0113ja at\u013caujas ir aizliegta. Vair\u0101k lasi  <a target=\"_blank\" href=\"https:\/\/www.delfi.lv\/noteikumi#autortiesibas\" rel=\"nofollow noopener\">\u0161eit<\/a><script async src=\"\/\/www.instagram.com\/embed.js\"><\/script><\/p>\n","protected":false},"excerpt":{"rendered":"Neraugoties uz diskusij\u0101m par inov\u0101cij\u0101m un augstaj\u0101m tehnolo\u0123ij\u0101m vai m\u0101ksl\u012bgo intelektu, kar\u0101 Ukrain\u0101 joproj\u0101m ir ar\u012b Pirm\u0101 un&hellip;\n","protected":false},"author":2,"featured_media":25363,"comment_status":"","ping_status":"","sticky":false,"template":"","format":"standard","meta":{"footnotes":""},"categories":[12],"tags":[23,28,29,32,33,22,3131,74,30,31,35,39,38,36,37,34,40,87,71,20,26,27,24,25,21],"class_list":{"0":"post-25362","1":"post","2":"type-post","3":"status-publish","4":"format-standard","5":"has-post-thumbnail","7":"category-latvija","8":"tag-aktualitates","9":"tag-breaking-news","10":"tag-breakingnews","11":"tag-featured-news","12":"tag-featurednews","13":"tag-headlines","14":"tag-kars","15":"tag-krievijas-iebrukums-ukraina","16":"tag-latest-news","17":"tag-latestnews","18":"tag-latvia","19":"tag-latvian","20":"tag-latviesu","21":"tag-latviesu-valoda","22":"tag-latviesuvaloda","23":"tag-latvija","24":"tag-lv","25":"tag-maksligais-intelekts","26":"tag-nato","27":"tag-news","28":"tag-popularakas-zinas","29":"tag-popularakaszinas","30":"tag-top-stories","31":"tag-topstories","32":"tag-zinas"},"share_on_mastodon":{"url":"","error":""},"_links":{"self":[{"href":"https:\/\/www.europesays.com\/lv\/wp-json\/wp\/v2\/posts\/25362","targetHints":{"allow":["GET"]}}],"collection":[{"href":"https:\/\/www.europesays.com\/lv\/wp-json\/wp\/v2\/posts"}],"about":[{"href":"https:\/\/www.europesays.com\/lv\/wp-json\/wp\/v2\/types\/post"}],"author":[{"embeddable":true,"href":"https:\/\/www.europesays.com\/lv\/wp-json\/wp\/v2\/users\/2"}],"replies":[{"embeddable":true,"href":"https:\/\/www.europesays.com\/lv\/wp-json\/wp\/v2\/comments?post=25362"}],"version-history":[{"count":0,"href":"https:\/\/www.europesays.com\/lv\/wp-json\/wp\/v2\/posts\/25362\/revisions"}],"wp:featuredmedia":[{"embeddable":true,"href":"https:\/\/www.europesays.com\/lv\/wp-json\/wp\/v2\/media\/25363"}],"wp:attachment":[{"href":"https:\/\/www.europesays.com\/lv\/wp-json\/wp\/v2\/media?parent=25362"}],"wp:term":[{"taxonomy":"category","embeddable":true,"href":"https:\/\/www.europesays.com\/lv\/wp-json\/wp\/v2\/categories?post=25362"},{"taxonomy":"post_tag","embeddable":true,"href":"https:\/\/www.europesays.com\/lv\/wp-json\/wp\/v2\/tags?post=25362"}],"curies":[{"name":"wp","href":"https:\/\/api.w.org\/{rel}","templated":true}]}}