{"id":25381,"date":"2025-10-19T17:16:11","date_gmt":"2025-10-19T17:16:11","guid":{"rendered":"https:\/\/www.europesays.com\/lv\/25381\/"},"modified":"2025-10-19T17:16:11","modified_gmt":"2025-10-19T17:16:11","slug":"zagars-guvis-kartejo-traumu-un-kadu-laiku-spelet-nevares","status":"publish","type":"post","link":"https:\/\/www.europesays.com\/lv\/25381\/","title":{"rendered":"\u017dagars guvis k\u0101rt\u0113jo traumu un k\u0101du laiku sp\u0113l\u0113t nevar\u0113s"},"content":{"rendered":"<p>Latvijas izlases basketbolists Art\u016brs \u017dagars ceturtdien Stambul\u0101 uzvar\u0101 Eirol\u012bgas sp\u0113l\u0113 p\u0101r Minhenes &#8220;Bayern&#8221; ir guvis paceles c\u012bpslas savainojumu, ceturtdien pav\u0113st\u012bja sav\u0101 kont\u0101 t\u012bmek\u013ca vietn\u0113 &#8220;X.com&#8221; pazi\u0146oja &#8220;Fenerbahce&#8221;.<\/p>\n<p>Jau zi\u0146ots, ka &#8220;Fenerbahce&#8221; ceturtdien sav\u0101 laukum\u0101 ar 88:73 pieveica Minhenes &#8220;Bayern&#8221;.<\/p>\n<p>\u017dagars laukum\u0101 bija 16 min\u016btes un 53 sekundes un, raidot groz\u0101 divus no trijiem divpunktu metieniem un \u010detrus no se\u0161iem soda metieniem, guva asto\u0146us punktus. Vi\u0146a kont\u0101 ar\u012b viena atl\u0113kus\u012b bumba, \u010detras rezultat\u012bvas piesp\u0113les, \u010detri izprovoc\u0113ti p\u0101rk\u0101pumi pretiniekiem, pa vienai k\u013c\u016bdai un p\u0101rtvertai bumbai, k\u0101 ar\u012b efektivit\u0101tes koeficients 13.<\/p>\n<p>&#8220;\u017dagars ceturtdienas sp\u0113l\u0113 ar &#8220;Bayern&#8221; guva paceles c\u012bpslas traumu,&#8221; zi\u0146o klubs.<\/p>\n<p>Klubs zi\u0146o, ka p\u0113c p\u0101rbaud\u0113m &#8220;Medicana Atasehir&#8221; slimn\u012bc\u0101 Latvijas aizsargam tika diagnostic\u0113ta lab\u0101s k\u0101jas paceles c\u012bpslas trauma, to klasific\u0113jot k\u0101 otr\u0101s pak\u0101pes savainojumu.<\/p>\n<p>&#8220;Fenerbahce&#8221; v\u0113sta, ka ir uzs\u0101kta \u0101rst\u0113\u0161ana, ta\u010du neprognoz\u0113 atlab\u0161anas ilgumu.<\/p>\n<p>\u017dagars ierobe\u017eotu laiku k\u0101jas savainojuma d\u0113\u013c dev\u0101s laukum\u0101 ar\u012b Eiropas \u010dempion\u0101t\u0101, bet septembra beig\u0101s guva cirk\u0161\u0146a traumu pirmaj\u0101 &#8220;Fenerbahce&#8221; Turcijas \u010dempion\u0101t\u0101 sp\u0113l\u0113.<\/p>\n<p>Laukum\u0101 \u017dagars p\u0113c divu ned\u0113\u013cu pauzes atgriez\u0101s sv\u0113tdien.<\/p>\n<p>Div\u0101s Eirol\u012bgas sp\u0113l\u0113s \u017dagars \u0161osezon vid\u0113ji 17 min\u016bt\u0113s un 45 sekund\u0113s sp\u0113l\u0113 ir sakr\u0101jis 7,5 punktus un 2,5 rezultat\u012bvas piesp\u0113les, bet div\u0101s Turcijas \u010dempion\u0101ta sp\u0113l\u0113s vi\u0146\u0161 ir guvis vid\u0113ji tr\u012bs punktus sp\u0113l\u0113.<\/p>\n<p>&#8220;Fenerbahce&#8221; ar div\u0101m uzvar\u0101m tr\u012bs sp\u0113l\u0113s Turcijas \u010dempion\u0101t\u0101 ir ceturt\u0101, bet Eirol\u012bg\u0101 ar div\u0101m uzvar\u0101m piec\u0101s sp\u0113l\u0113s ie\u0146em 14. vietu 20 komandu turn\u012br\u0101.<\/p>\n<p>Pag\u0101ju\u0161aj\u0101 sezon\u0101 par Turcijas \u010dempioni k\u013cuva Art\u016bra \u017dagara p\u0101rst\u0101v\u0113t\u0101 Stambulas &#8220;Fenerbahce&#8221;, kas fin\u0101ls\u0113rij\u0101 ar 4-1 p\u0101rsp\u0113ja Stambulas &#8220;Besiktas&#8221;.<\/p>\n<p><img decoding=\"async\" src=\"https:\/\/www.europesays.com\/lv\/wp-content\/uploads\/2025\/10\/8049deffb2b83bb75ff0b4914200469e.jpg\" title=\"Art\u016brs \u017dagars. Foto: Edijs P\u0101lens\/LETA\" alt=\"Art\u016brs \u017dagars. Foto: Edijs P\u0101lens\/LETA\"\/><\/p>\n<p class=\"article-img-desc\">Art\u016brs \u017dagars. Foto: Edijs P\u0101lens\/LETA<\/p>\n","protected":false},"excerpt":{"rendered":"Latvijas izlases basketbolists Art\u016brs \u017dagars ceturtdien Stambul\u0101 uzvar\u0101 Eirol\u012bgas sp\u0113l\u0113 p\u0101r Minhenes &#8220;Bayern&#8221; ir guvis paceles c\u012bpslas savainojumu,&hellip;\n","protected":false},"author":2,"featured_media":25382,"comment_status":"","ping_status":"","sticky":false,"template":"","format":"standard","meta":{"footnotes":""},"categories":[17],"tags":[129,126,3769,35,39,38,36,37,34,40,3770,127,67,3771,128],"class_list":{"0":"post-25381","1":"post","2":"type-post","3":"status-publish","4":"format-standard","5":"has-post-thumbnail","7":"category-sports","8":"tag-__typenameadvicekeyword","9":"tag-id770","10":"tag-id813","11":"tag-latvia","12":"tag-latvian","13":"tag-latviesu","14":"tag-latviesu-valoda","15":"tag-latviesuvaloda","16":"tag-latvija","17":"tag-lv","18":"tag-slugbasketbols","19":"tag-slugsports","20":"tag-sports","21":"tag-titlebasketbols","22":"tag-titlesports"},"share_on_mastodon":{"url":"","error":""},"_links":{"self":[{"href":"https:\/\/www.europesays.com\/lv\/wp-json\/wp\/v2\/posts\/25381","targetHints":{"allow":["GET"]}}],"collection":[{"href":"https:\/\/www.europesays.com\/lv\/wp-json\/wp\/v2\/posts"}],"about":[{"href":"https:\/\/www.europesays.com\/lv\/wp-json\/wp\/v2\/types\/post"}],"author":[{"embeddable":true,"href":"https:\/\/www.europesays.com\/lv\/wp-json\/wp\/v2\/users\/2"}],"replies":[{"embeddable":true,"href":"https:\/\/www.europesays.com\/lv\/wp-json\/wp\/v2\/comments?post=25381"}],"version-history":[{"count":0,"href":"https:\/\/www.europesays.com\/lv\/wp-json\/wp\/v2\/posts\/25381\/revisions"}],"wp:featuredmedia":[{"embeddable":true,"href":"https:\/\/www.europesays.com\/lv\/wp-json\/wp\/v2\/media\/25382"}],"wp:attachment":[{"href":"https:\/\/www.europesays.com\/lv\/wp-json\/wp\/v2\/media?parent=25381"}],"wp:term":[{"taxonomy":"category","embeddable":true,"href":"https:\/\/www.europesays.com\/lv\/wp-json\/wp\/v2\/categories?post=25381"},{"taxonomy":"post_tag","embeddable":true,"href":"https:\/\/www.europesays.com\/lv\/wp-json\/wp\/v2\/tags?post=25381"}],"curies":[{"name":"wp","href":"https:\/\/api.w.org\/{rel}","templated":true}]}}