{"id":25394,"date":"2025-10-19T17:27:09","date_gmt":"2025-10-19T17:27:09","guid":{"rendered":"https:\/\/www.europesays.com\/lv\/25394\/"},"modified":"2025-10-19T17:27:09","modified_gmt":"2025-10-19T17:27:09","slug":"maikls-manns-sanem-lumiere-balvu-heat-2-razosana-varetu-sakties-nakamvasar-lente-lv","status":"publish","type":"post","link":"https:\/\/www.europesays.com\/lv\/25394\/","title":{"rendered":"Maikls Manns sa\u0146em &#8220;Lumi\u00e8re&#8221; balvu; &#8220;Heat 2&#8221; ra\u017eo\u0161ana var\u0113tu s\u0101kties n\u0101kamvasar\u00a0\u2014\u00a0Lente.lv"},"content":{"rendered":"<p>Filmu meistara godin\u0101\u0161ana Lion\u0101<\/p>\n<p>Le\u0123end\u0101rais amerik\u0101\u0146u kinore\u017eisors Maikls Manns ir sa\u0146\u0113mis presti\u017eo &#8220;Lumi\u00e8re&#8221; balvu presti\u017eaj\u0101 Lionas filmu festiv\u0101l\u0101. \u0160is goda apbalvojums, kas iepriek\u0161 pie\u0161\u0137irts t\u0101d\u0101m kino zvaigzn\u0113m k\u0101 D\u017eeina Kempiona, Klints \u012astvuds, D\u017eeina Fonda un M\u0101rtins Skors\u0113ze, ir apliecin\u0101jums Manna iev\u0113rojamajai ietekmei un ilgsto\u0161ajai karjerai. Festiv\u0101la r\u012bkot\u0101ji Manna dai\u013cradi raksturoju\u0161i k\u0101 pras\u012bgu, lirisku un juteklisku, sp\u0113jot gan p\u0101rsteigt, gan aizkustin\u0101t skat\u012bt\u0101jus.<\/p>\n<p>Sa\u0146emot balvu, Manns pauza dzi\u013cu pateic\u012bbu un atzina festiv\u0101la garu, uzsverot kop\u012bgo v\u0113lmi rad\u012bt dramatisku kino un iedvesmot skat\u012bt\u0101jus. Vi\u0146\u0161 emocion\u0101li dal\u012bj\u0101s person\u012bg\u0101 atmi\u0146\u0101 par savu t\u0113vu, kur\u0161 Otr\u0101 Pasaules kara laik\u0101 apmekl\u0113jis Franciju, piebilstot, ka vi\u0146\u0161 noteikti b\u016btu lepns redz\u0113t d\u0113lu sa\u0146emam \u0161o godu dzimtaj\u0101 zem\u0113. &#8220;Esmu \u013coti pateic\u012bgs par \u0161o br\u012bni\u0161\u0137\u012bgo pagodin\u0101jumu, pie\u0146emot to vienot\u0101 gar\u0101, ko m\u0113s visi dal\u0101m, radot dramatisku kino, un ar\u012b iedvesmas gar\u0101, kas m\u012bt ikvien\u0101 no mums \u0161eit, lai tiktu aizkustin\u0101ti, aizvesti un pamodin\u0101ti ar visu, ko kino sp\u0113j pied\u0101v\u0101t,&#8221; sac\u012bja Manns.<\/p>\n<p>&#8220;Heat 2&#8221; norises tuv\u0101k realit\u0101tei<\/p>\n<p>Viena no aizraujo\u0161\u0101kaj\u0101m aktualit\u0101t\u0113m, ko Manns atkl\u0101ja, ir baumas par gaid\u0101mo turpin\u0101jumu vi\u0146a ikoniskajai noziedz\u012bbas dr\u0101mai &#8220;Heat&#8221;. Re\u017eisors atkl\u0101ja, ka darbs pie &#8220;Heat 2&#8221; var\u0113tu s\u0101kties jau n\u0101kamvasar. \u0160\u012b zi\u0146a noteikti uzkars\u0113s fanu izt\u0113li, kuri ilgojas p\u0113c jaunas tik\u0161an\u0101s ar \u0161\u012bs filmas spriedzes pilno pasauli. &#8220;M\u0113s esam run\u0101ju\u0161i par , un tas ir \u013coti re\u0101ls,&#8221; Manns sac\u012bjis meistarklas\u0113. Vi\u0146\u0161 ar\u012b piebildis, ka aktieru sarunas ir b\u016btiskas, lai nodro\u0161in\u0101tu veiksm\u012bgu filmu.<\/p>\n<p>Filma &#8220;Heat&#8221;, kas savulaik ieguva kriti\u0137u atzin\u012bbu un k\u013cuva par kulta fenomenu, iepaz\u012bstin\u0101ja skat\u012bt\u0101jus ar neaizmirstamiem varo\u0146iem un spriedzes pilnu c\u012b\u0146u starp likuma sargiem un profesion\u0101liem noziedzniekiem. Gaid\u0101mais turpin\u0101jums sola saglab\u0101t ori\u0123in\u0101la sp\u0113c\u012bgo atmosf\u0113ru, iesp\u0113jams, papla\u0161inot st\u0101stu un iepaz\u012bstinot ar jauniem varo\u0146iem vai izp\u0113tot eso\u0161o varo\u0146u pag\u0101tni vai n\u0101kotni. \u0160\u0101ds projekts, kas tapis p\u0113c ilgas gaid\u012b\u0161anas, bie\u017ei vien tiek sagaid\u012bts ar liel\u0101m cer\u012bb\u0101m, l\u012bdz\u012bgi k\u0101 ilgus gadus gaid\u012btais turpin\u0101jums k\u0101dai m\u012b\u013cotai gr\u0101matu s\u0113rijai vai videosp\u0113lei.<\/p>\n<p>Festiv\u0101la daudzveid\u012bg\u0101 programma<\/p>\n<p>Maikls Manns nenoliedzami ir viens no m\u016bsdienu kino redzam\u0101kajiem re\u017eisoriem, ta\u010du &#8220;Lumi\u00e8re&#8221; festiv\u0101ls apliecin\u0101ja savu reput\u0101ciju, pulc\u0113jot daudzus citus talantus. Festiv\u0101la ietvaros viesoj\u0101s ar\u012b paz\u012bstamais honkongie\u0161u re\u017eisors D\u017eons V\u016b, kur\u0161 kop\u0101 ar publiku apl\u016bkoja vair\u0101kas no sav\u0101m noz\u012bm\u012bg\u0101kaj\u0101m film\u0101m. T\u0101pat skat\u012bt\u0101jiem tika pied\u0101v\u0101tas vair\u0101kas pirmizr\u0101d\u012btas filmas, tostarp Skota K\u016bpera darbs par Br\u016bsu Springst\u012bnu un Giljermo del Toro gaid\u012bt\u0101 &#8220;Franken\u0161teina&#8221; ekraniz\u0101cija.<\/p>\n<p>\u0160\u0101da da\u017e\u0101d\u012bba un iesp\u0113ja satikties ar kino industrijas profesion\u0101\u013ciem padara Lionas festiv\u0101lu par unik\u0101lu notikumu, kur\u0101 tiek godin\u0101ta gan kino v\u0113sture, gan tiek veicin\u0101ta t\u0101s n\u0101kotne. Manns pats atzina, ka festiv\u0101ls ir &#8220;br\u012bni\u0161\u0137\u012bgs sv\u0113tki, kas humaniz\u0113 m\u016bsu darbu,&#8221; uzsverot kopienas saj\u016btu un savstarp\u0113jo atbalstu, kas ir tik svar\u012bgs rado\u0161aj\u0101 proces\u0101. \u0160\u012b atmosf\u0113ra, kur\u0101 klasika un jaunrades satiekas, ir k\u0101 v\u0113rt\u012bgs augl\u012bgs d\u0101rzs, kur\u0101 dzimst jaunas idejas un tiek loloti kino talanti.<\/p>\n","protected":false},"excerpt":{"rendered":"Filmu meistara godin\u0101\u0161ana Lion\u0101 Le\u0123end\u0101rais amerik\u0101\u0146u kinore\u017eisors Maikls Manns ir sa\u0146\u0113mis presti\u017eo &#8220;Lumi\u00e8re&#8221; balvu presti\u017eaj\u0101 Lionas filmu festiv\u0101l\u0101.&hellip;\n","protected":false},"author":2,"featured_media":25395,"comment_status":"","ping_status":"","sticky":false,"template":"","format":"standard","meta":{"footnotes":""},"categories":[19],"tags":[89,7942,90,4492,35,39,38,36,37,34,7941,40,7940,3794],"class_list":{"0":"post-25394","1":"post","2":"type-post","3":"status-publish","4":"format-standard","5":"has-post-thumbnail","7":"category-izklaide","8":"tag-entertainment","9":"tag-heat-2","10":"tag-izklaide","11":"tag-kinofestivals","12":"tag-latvia","13":"tag-latvian","14":"tag-latviesu","15":"tag-latviesu-valoda","16":"tag-latviesuvaloda","17":"tag-latvija","18":"tag-lumiere-balva","19":"tag-lv","20":"tag-maikls-manns","21":"tag-rezisors"},"share_on_mastodon":{"url":"","error":""},"_links":{"self":[{"href":"https:\/\/www.europesays.com\/lv\/wp-json\/wp\/v2\/posts\/25394","targetHints":{"allow":["GET"]}}],"collection":[{"href":"https:\/\/www.europesays.com\/lv\/wp-json\/wp\/v2\/posts"}],"about":[{"href":"https:\/\/www.europesays.com\/lv\/wp-json\/wp\/v2\/types\/post"}],"author":[{"embeddable":true,"href":"https:\/\/www.europesays.com\/lv\/wp-json\/wp\/v2\/users\/2"}],"replies":[{"embeddable":true,"href":"https:\/\/www.europesays.com\/lv\/wp-json\/wp\/v2\/comments?post=25394"}],"version-history":[{"count":0,"href":"https:\/\/www.europesays.com\/lv\/wp-json\/wp\/v2\/posts\/25394\/revisions"}],"wp:featuredmedia":[{"embeddable":true,"href":"https:\/\/www.europesays.com\/lv\/wp-json\/wp\/v2\/media\/25395"}],"wp:attachment":[{"href":"https:\/\/www.europesays.com\/lv\/wp-json\/wp\/v2\/media?parent=25394"}],"wp:term":[{"taxonomy":"category","embeddable":true,"href":"https:\/\/www.europesays.com\/lv\/wp-json\/wp\/v2\/categories?post=25394"},{"taxonomy":"post_tag","embeddable":true,"href":"https:\/\/www.europesays.com\/lv\/wp-json\/wp\/v2\/tags?post=25394"}],"curies":[{"name":"wp","href":"https:\/\/api.w.org\/{rel}","templated":true}]}}