{"id":25402,"date":"2025-10-19T17:34:09","date_gmt":"2025-10-19T17:34:09","guid":{"rendered":"https:\/\/www.europesays.com\/lv\/25402\/"},"modified":"2025-10-19T17:34:09","modified_gmt":"2025-10-19T17:34:09","slug":"skele-un-silins-iemet-pa-14-punktiem-savstarpeja-dueli-zorikam-tris-spanija-basketbols-sportacentrs-com","status":"publish","type":"post","link":"https:\/\/www.europesays.com\/lv\/25402\/","title":{"rendered":"\u0160\u0137\u0113le un Sili\u0146\u0161 iemet pa 14 punktiem savstarp\u0113j\u0101 duel\u012b, Zorikam tr\u012bs Sp\u0101nij\u0101 \u2013 Basketbols \u2013 Sportacentrs.com"},"content":{"rendered":"<p>Sp\u0101nija<br \/>\u013beidas &#8220;Hiopos&#8221; sav\u0101 laukum\u0101 ar 78:99 atzina &#8220;Valencia&#8221; p\u0101r\u0101kumu. Kristers Zoriks laukum\u0101 pavad\u012btaj\u0101s 13 min\u016bt\u0113s guva tr\u012bs punktus (2p \u2013 0\/3, 3p \u2013 1\/2) un atdeva divas rezultat\u012bvas piesp\u0113les. Zoriks ma\u010du pabeidza ar +\/- r\u0101d\u012bt\u0101ju -21. Zorika komandai tas bija pirmais zaud\u0113jums jaun\u0101s sezonas tr\u012bs sp\u0113l\u0113s.<\/p>\n<p>Turcija<br \/>K\u0101r\u013ca \u0160ili\u0146a p\u0101rst\u0101v\u0113t\u0101 &#8220;Trabzonspor&#8221; izbraukum\u0101 ar 75:84 piek\u0101p\u0101s &#8220;Merkezefendi&#8221;. Pirms nosl\u0113dzo\u0161\u0101s ceturtda\u013cas komandas \u0161\u0137\u012bra pieci punkti. \u0160ili\u0146\u0161 laukum\u0101 pavad\u012bja 12:29 min\u016btes, kuru laik\u0101 guva \u010detrus punktus (1p \u2013 2\/2, 2p \u2013 1\/1, 3p \u2013 0\/1), izc\u012bn\u012bja divas atl\u0113ku\u0161\u0101s bumbas, atdeva vienu rezultat\u012bvu piesp\u0113li. \u0160ili\u0146\u0161 dueli pabeidza ar +\/- r\u0101d\u012bt\u0101ju +5, kas bija lab\u0101kais starp &#8220;Trabzonspor&#8221; basketbolistiem. Ar div\u0101m uzvar\u0101m un diviem zaud\u0113jumiem latvie\u0161a komanda mekl\u0113jama Turcijas vidusda\u013c\u0101.<\/p>\n<p>Polija<br \/>Var\u0161avas &#8220;Legia&#8221; m\u0101j\u0101s ar 87:76 p\u0101rsp\u0113ja Slupskas &#8220;Energa Czarni&#8221;. Oj\u0101rs Sili\u0146\u0161 dev\u0101s uzvar\u0113t\u0101ju starta pieciniek\u0101 un 20:56 min\u016bt\u0113s iemeta 14 punktus (1p \u2013 3\/3, 2p \u2013 1\/1, 3p \u2013 3\/4) un izc\u012bn\u012bja vienu atl\u0113ku\u0161o bumbu. Sili\u0146\u0161 bija otrais rezultat\u012bv\u0101kais sav\u0101 komand\u0101.<\/p>\n<p>Roberta \u0160telmahera vad\u012bt\u0101s Slupskas starta pieciniek\u0101 g\u0101ja Aigars \u0160\u0137\u0113le. Vi\u0146\u0161 26:13 min\u016bt\u0113s iemeta 14 punktus (1p \u2013 1\/3, 2p \u2013 5\/6, 3p \u2013 1\/5), izc\u012bn\u012bja \u010detras atl\u0113ku\u0161\u0101s bumbas un atdeva tr\u012bs rezultat\u012bvas piesp\u0113les.<\/p>\n<p>&#8220;Legia&#8221; t\u0101 bija tre\u0161\u0101 uzvara sezonas ievad\u0101 aizvad\u012btaj\u0101s tr\u012bs sp\u0113l\u0113s, iek\u0101rtojoties turn\u012bra tabulas priek\u0161gal\u0101. &#8220;Czarni&#8221; bilance ir 1-2.<\/p>\n","protected":false},"excerpt":{"rendered":"Sp\u0101nija\u013beidas &#8220;Hiopos&#8221; sav\u0101 laukum\u0101 ar 78:99 atzina &#8220;Valencia&#8221; p\u0101r\u0101kumu. Kristers Zoriks laukum\u0101 pavad\u012btaj\u0101s 13 min\u016bt\u0113s guva tr\u012bs punktus&hellip;\n","protected":false},"author":2,"featured_media":25403,"comment_status":"","ping_status":"","sticky":false,"template":"","format":"standard","meta":{"footnotes":""},"categories":[17],"tags":[145,35,39,38,36,37,34,40,67],"class_list":{"0":"post-25402","1":"post","2":"type-post","3":"status-publish","4":"format-standard","5":"has-post-thumbnail","7":"category-sports","8":"tag-basketbols","9":"tag-latvia","10":"tag-latvian","11":"tag-latviesu","12":"tag-latviesu-valoda","13":"tag-latviesuvaloda","14":"tag-latvija","15":"tag-lv","16":"tag-sports"},"share_on_mastodon":{"url":"","error":""},"_links":{"self":[{"href":"https:\/\/www.europesays.com\/lv\/wp-json\/wp\/v2\/posts\/25402","targetHints":{"allow":["GET"]}}],"collection":[{"href":"https:\/\/www.europesays.com\/lv\/wp-json\/wp\/v2\/posts"}],"about":[{"href":"https:\/\/www.europesays.com\/lv\/wp-json\/wp\/v2\/types\/post"}],"author":[{"embeddable":true,"href":"https:\/\/www.europesays.com\/lv\/wp-json\/wp\/v2\/users\/2"}],"replies":[{"embeddable":true,"href":"https:\/\/www.europesays.com\/lv\/wp-json\/wp\/v2\/comments?post=25402"}],"version-history":[{"count":0,"href":"https:\/\/www.europesays.com\/lv\/wp-json\/wp\/v2\/posts\/25402\/revisions"}],"wp:featuredmedia":[{"embeddable":true,"href":"https:\/\/www.europesays.com\/lv\/wp-json\/wp\/v2\/media\/25403"}],"wp:attachment":[{"href":"https:\/\/www.europesays.com\/lv\/wp-json\/wp\/v2\/media?parent=25402"}],"wp:term":[{"taxonomy":"category","embeddable":true,"href":"https:\/\/www.europesays.com\/lv\/wp-json\/wp\/v2\/categories?post=25402"},{"taxonomy":"post_tag","embeddable":true,"href":"https:\/\/www.europesays.com\/lv\/wp-json\/wp\/v2\/tags?post=25402"}],"curies":[{"name":"wp","href":"https:\/\/api.w.org\/{rel}","templated":true}]}}