{"id":25408,"date":"2025-10-19T17:38:04","date_gmt":"2025-10-19T17:38:04","guid":{"rendered":"https:\/\/www.europesays.com\/lv\/25408\/"},"modified":"2025-10-19T17:38:04","modified_gmt":"2025-10-19T17:38:04","slug":"ciganiks-sveices-superligas-maca-iesit-golu-un-izrauj-luzern-punktu-tv3-lv","status":"publish","type":"post","link":"https:\/\/www.europesays.com\/lv\/25408\/","title":{"rendered":"Ciga\u0146iks \u0160veices Superl\u012bgas ma\u010d\u0101 iesit golu un izrauj \u201cLuzern\u201d punktu &#8211; tv3.lv"},"content":{"rendered":"<ol>\n<li><a href=\"https:\/\/news.google.com\/rss\/articles\/CBMinwFBVV95cUxNX0JaRW1sQVlJcW5Oa3BORDlVT1licUlZMm5IUnc4ZTJKS01yUjFCRFRVUTB0TkVyRDIzd240NFVDRlRmQUpHWk1jTm5YNWR3OTQxajg5MjdmakFHaUlqWXJ5LUxLOUxZTTVNZkpIbUNGa0FGVE92R2xUM192QVgwN0lET29uRGMyZ3Q5bjZlN3daVEJCQjhza2pRdXpRRjQ?oc=5\" target=\"_blank\" rel=\"nofollow noopener\">Ciga\u0146iks \u0160veices Superl\u012bgas ma\u010d\u0101 iesit golu un izrauj \u201cLuzern\u201d punktu<\/a>&nbsp;&nbsp;tv3.lv<\/li>\n<li><a href=\"https:\/\/news.google.com\/rss\/articles\/CBMimAFBVV95cUxOeUcyLTFlenNhU3lUZndpM3BvQmEta2tQTk00U0JqLXpqbmpmQWZndnFfSkNYNzltRDktemNnMzg1bWdZUXhCLVd0VHB4d1BOVjlGOEh3T1RiWUFYaEVmUzhpN0JwWlBqVXgtQ0FGakNvNnJ4bTZoM2pIUk1JMEpkdnRLbXFBdmRrLVRNVkRUcFZ6VlJqczZacA?oc=5\" target=\"_blank\" rel=\"nofollow noopener\">Ciga\u0146iks iesit galotn\u0113 un nok\u0101rto Lucernas iev\u0113rojamu atsp\u0113l\u0113\u0161anos \u2013 Futbols<\/a>&nbsp;&nbsp;Sportacentrs.com<\/li>\n<li><a href=\"https:\/\/news.google.com\/rss\/articles\/CBMioAFBVV95cUxNWlpDX3VKekFzcHVzTEN5MFY2SEpqSi1sME5NbkswUW9Xd0xTNUJCYlNRR1RTTmszOWdsNnNIQ0ZBWlF6bDVSeTBjSXFGNGptS29vWUpfblJZbnVZR1NXYnZHVjVFS0ZXbGF5UTJ2Wi15d1RRa0ZodW4yNkJmZjZNMDJJZHhXbXBZSF91TlZWX2hMczJvT2llMVloam9IRXRI?oc=5\" target=\"_blank\" rel=\"nofollow noopener\">Ciga\u0146iks pamatlaika beig\u0101s g\u016bst v\u0101rtus un atnes komandai punktu \u0160veic\u0113<\/a>&nbsp;&nbsp;Sportazinas.com<\/li>\n<li><a href=\"https:\/\/news.google.com\/rss\/articles\/CBMi7AFBVV95cUxPZWdlS0hvaTBKOEI2VE9McHpGaEh3SFdjWnI3bWFaM2xSQVBoZUtPTF8yNHhjTEJlcmFyQzRCNHpNaWlyeWNTZk9GS0tSbm5jblFvTlpjbmJlUjhiY0I4azlRM1VVX05OS1NzaVo1V2NWVzhHdlBZeDlqd1BLM3NoTXJ0a0VBUTJOOVM4Ym81dUM2MFhhYlpHNUdUVEoxcjRnazhXVzg4ZUhvdE1ITG13dE5Wc3dZclppc2Z5SXI4N3hvSHI4a1BxMW1QbGRzd3NpQm5wSmM4SEd1N0J1ZVpxeWtYM0xZeWpRXzhzeg?oc=5\" target=\"_blank\" rel=\"nofollow noopener\">Rada ener\u0123iju un dal\u0101s ar citiem. Izlases futbolists Ciga\u0146iks sapni par Bundesl\u012bgu tuvina \u0160veic\u0113<\/a>&nbsp;&nbsp;LSM<\/li>\n<\/ol>\n","protected":false},"excerpt":{"rendered":"Ciga\u0146iks \u0160veices Superl\u012bgas ma\u010d\u0101 iesit golu un izrauj \u201cLuzern\u201d punktu&nbsp;&nbsp;tv3.lv Ciga\u0146iks iesit galotn\u0113 un nok\u0101rto Lucernas iev\u0113rojamu atsp\u0113l\u0113\u0161anos&hellip;\n","protected":false},"author":2,"featured_media":25409,"comment_status":"","ping_status":"","sticky":false,"template":"","format":"standard","meta":{"footnotes":""},"categories":[5],"tags":[23,7946,28,29,32,33,22,30,31,35,39,38,36,37,34,40,20,26,27,24,25,21],"class_list":{"0":"post-25408","1":"post","2":"type-post","3":"status-publish","4":"format-standard","5":"has-post-thumbnail","7":"category-aktualitates","8":"tag-aktualitates","9":"tag-andrejs-ciganikssveices-superliga","10":"tag-breaking-news","11":"tag-breakingnews","12":"tag-featured-news","13":"tag-featurednews","14":"tag-headlines","15":"tag-latest-news","16":"tag-latestnews","17":"tag-latvia","18":"tag-latvian","19":"tag-latviesu","20":"tag-latviesu-valoda","21":"tag-latviesuvaloda","22":"tag-latvija","23":"tag-lv","24":"tag-news","25":"tag-popularakas-zinas","26":"tag-popularakaszinas","27":"tag-top-stories","28":"tag-topstories","29":"tag-zinas"},"share_on_mastodon":{"url":"","error":""},"_links":{"self":[{"href":"https:\/\/www.europesays.com\/lv\/wp-json\/wp\/v2\/posts\/25408","targetHints":{"allow":["GET"]}}],"collection":[{"href":"https:\/\/www.europesays.com\/lv\/wp-json\/wp\/v2\/posts"}],"about":[{"href":"https:\/\/www.europesays.com\/lv\/wp-json\/wp\/v2\/types\/post"}],"author":[{"embeddable":true,"href":"https:\/\/www.europesays.com\/lv\/wp-json\/wp\/v2\/users\/2"}],"replies":[{"embeddable":true,"href":"https:\/\/www.europesays.com\/lv\/wp-json\/wp\/v2\/comments?post=25408"}],"version-history":[{"count":0,"href":"https:\/\/www.europesays.com\/lv\/wp-json\/wp\/v2\/posts\/25408\/revisions"}],"wp:featuredmedia":[{"embeddable":true,"href":"https:\/\/www.europesays.com\/lv\/wp-json\/wp\/v2\/media\/25409"}],"wp:attachment":[{"href":"https:\/\/www.europesays.com\/lv\/wp-json\/wp\/v2\/media?parent=25408"}],"wp:term":[{"taxonomy":"category","embeddable":true,"href":"https:\/\/www.europesays.com\/lv\/wp-json\/wp\/v2\/categories?post=25408"},{"taxonomy":"post_tag","embeddable":true,"href":"https:\/\/www.europesays.com\/lv\/wp-json\/wp\/v2\/tags?post=25408"}],"curies":[{"name":"wp","href":"https:\/\/api.w.org\/{rel}","templated":true}]}}