{"id":25412,"date":"2025-10-19T17:40:08","date_gmt":"2025-10-19T17:40:08","guid":{"rendered":"https:\/\/www.europesays.com\/lv\/25412\/"},"modified":"2025-10-19T17:40:08","modified_gmt":"2025-10-19T17:40:08","slug":"fiba-treso-reizi-noraida-asv-speletajas-lugumu-parstavet-nigerijas-izlasi-basketbols-sportacentrs-com","status":"publish","type":"post","link":"https:\/\/www.europesays.com\/lv\/25412\/","title":{"rendered":"FIBA tre\u0161o reizi noraida ASV sp\u0113l\u0113t\u0101jas l\u016bgumu p\u0101rst\u0101v\u0113t Nig\u0113rijas izlasi \u2013 Basketbols \u2013 Sportacentrs.com"},"content":{"rendered":"<p>Nneka Ogvum\u012bke ASV izlases rind\u0101s izc\u012bn\u012bja pirmo vietu 2018. gada Pasaules kaus\u0101 Tenerif\u0113. Olimpisk\u0101 cikla turpin\u0101jum\u0101 vi\u0146a pauda v\u0113l\u0113\u0161anos p\u0101rst\u0101v\u0113t Nig\u0113rijas valstsvien\u012bbu \u2013 vispirms 2021. gada Tokijas sp\u0113l\u0113s. P\u0113c atteikuma sekoja divi m\u0113\u0123in\u0101jumi p\u0101rskat\u012bt s\u0101kotn\u0113jo l\u0113mumu.<\/p>\n<p>\u201cP\u0113c otr\u0101 m\u0113\u0123in\u0101juma p\u0101rs\u016bdz\u0113t l\u0113mumu, esmu samierin\u0101jusies ar izn\u0101kumu. Tre\u0161aj\u0101 m\u0113\u0123in\u0101jum\u0101 atdevu visus sp\u0113kus, ta\u010du tagad esmu tikusi tam p\u0101ri, Past\u0101v lietas, kuras neatrodas tav\u0101 kontrol\u0113,\u201d Ogvum\u012bke past\u0101st\u012bja zi\u0146u a\u0123ent\u016brai \u201cThe Associated Press\u201d.<\/p>\n<p>FIBA noraid\u012bja pirmo Ogvum\u012bkes l\u016bgumu, jo p\u0101reja no ASV uz Nig\u0113rijas valstsvien\u012bbu tika pl\u0101nota p\u0101r\u0101k \u012bsu laiku pirms Tokijas sp\u0113\u013cu s\u0101kuma. Otrais l\u016bgums start\u0113t Par\u012bzes sp\u0113l\u0113s tika iesniegts p\u0113c ofici\u0101l\u0101 termi\u0146a beig\u0101m.<\/p>\n<p>Sp\u0113k\u0101 past\u0101vo\u0161\u0101 k\u0101rt\u012bba paredz, ka sp\u0113l\u0113t\u0101ji, kuri jau sp\u0113l\u0113ju\u0161i jaunatnes izlas\u0113s, var main\u012bt pilson\u012bbu l\u012bdz 17 gadu vecumam. Citas valstis parasti cen\u0161as naturaliz\u0113t sp\u0113l\u0113t\u0101jas, kuras nav sp\u0113l\u0113ju\u0161as ASV izlas\u0113s.<\/p>\n<p>Past\u0101v viens iz\u0146\u0113mums. FIBA atbilst\u012bbas noteikumi paredz, ka \u0123ener\u0101lsekret\u0101rs var at\u013caut sp\u0113l\u0113t\u0101jai p\u0101rst\u0101v\u0113t izcelsmes valsti, ja tas ir min\u0113t\u0101s valsts basketbola izaugsmes interes\u0113s.<\/p>\n<p><a href=\"https:\/\/sportacentrs.com\/basketbols\/damas\/22062021-netaisniba_asv_izlase_nneka_ir_vieniga_wn\" rel=\"nofollow noopener\" target=\"_blank\">Nneka Ogvum\u012bke 2021. gada 21. j\u016bnij\u0101 netika iek\u013cauta ASV izlas\u0113.<\/a> Hj\u016bstonas piepils\u0113t\u0101 uzaugus\u012b sp\u0113l\u0113t\u0101ja 2013. gada oktobr\u012b pirmo reizi tika uz\u0146emta valstsvien\u012bb\u0101, t\u0101s rind\u0101s k\u013c\u016bstot par divk\u0101rt\u0113ju Pasaules kausa ieguv\u0113ju (Turcija 2014, Tenerife 2018). WNBA un Eirol\u012bgas \u010dempione 2019.-2021. gada cikl\u0101 neizlaida nevienu treni\u0146nometni, ta\u010du vi\u0146ai neatrad\u0101s vieta divpadsmitniek\u0101.<\/p>\n<p>Nnekas m\u0101sa \u010cainija Ogvum\u012bke 2010. gad\u0101 p\u0101rst\u0101v\u0113ja ASV junioru izlasi Ameriku U18 \u010dempion\u0101t\u0101, bet 2011. gad\u0101 studentu izlases rind\u0101s izc\u012bn\u012bja zelta meda\u013cu \u0160e\u0146\u017ee\u0146as Universi\u0101d\u0113. V\u0113l p\u0113c gada vi\u0146a kop\u0101 ar n\u0101kamaj\u0101m WNBA sp\u0113l\u0113t\u0101j\u0101m Briu H\u0101rtliju, Alisu Tomasu un Skailaru Diginsu ieguva zelta meda\u013cu pirmaj\u0101 pasaules 3&#215;3 \u010dempion\u0101t\u0101 At\u0113n\u0101s, Grie\u0137ij\u0101.<\/p>\n<p>Lielbrit\u0101nij\u0101 dzimus\u012b Elizabete Viljamsa 2009. gad\u0101 tika iek\u013cauta pirmaj\u0101 ASV U16 izlas\u0113 un ieguva zelta meda\u013cu Ameriku kadetu \u010dempion\u0101t\u0101 Mehiko. N\u0101kamaj\u0101 gad\u0101 vi\u0146a amerik\u0101\u0146u rind\u0101s uzvar\u0113ja pirmaj\u0101 Pasaules U17 kaus\u0101 Francij\u0101, bet 2011. gad\u0101 \u2013 b\u016bdama 18 gadus veca \u2013 triumf\u0113ja Pasaules U19 kaus\u0101 \u010c\u012bl\u0113. Sekoja studijas \u201cDuke\u201d universit\u0101t\u0113 (2011-2015) un sp\u0113l\u0113\u0161ana Atlantas \u201cDream\u201d.<\/p>\n<p>Min\u0113tais trio 2021. gada j\u016blija vid\u016b uzrakst\u012bja v\u0113stuli FIBA \u0123ener\u0101lsekret\u0101ram, ap\u0161aubot organiz\u0101cijas l\u0113mumu liegt Nnekai Ogvum\u012bkei un Elizabetei Viljamsai p\u0101rst\u0101v\u0113t Nig\u0113rijas valstsvien\u012bbu Tokijas sp\u0113l\u0113s.<\/p>\n<p>Izmantotie resursi:<br \/><a target=\"_blank\" href=\"https:\/\/www.espn.com\/olympics\/story\/_\/id\/46626231\/nneka-ogwumike-loses-3rd-bid-play-nigeria-olympics\" rel=\"nofollow noopener\">https:\/\/www.espn.com\/olympics\/story&#8230;<\/a><br \/><a href=\"https:\/\/sportacentrs.com\/basketbols\/damas\/16072021-uz_visu_banku_masas_ogvumikes_raksta_vest\" rel=\"nofollow noopener\" target=\"_blank\">Uz visu banku: m\u0101sas Ogvum\u012bkes raksta v\u0113stuli FIBA \u0123ener\u0101lsekret\u0101ram<\/a><br \/><a href=\"https:\/\/sportacentrs.com\/basketbols\/damas\/22062021-netaisniba_asv_izlase_nneka_ir_vieniga_wn\" rel=\"nofollow noopener\" target=\"_blank\">Netaisn\u012bba ASV izlas\u0113: &#8220;Nneka ir vien\u012bg\u0101 WNBA MVP, kura v\u0113l nav uzaicin\u0101ta uz OS&#8221;<\/a><\/p>\n","protected":false},"excerpt":{"rendered":"Nneka Ogvum\u012bke ASV izlases rind\u0101s izc\u012bn\u012bja pirmo vietu 2018. gada Pasaules kaus\u0101 Tenerif\u0113. Olimpisk\u0101 cikla turpin\u0101jum\u0101 vi\u0146a pauda&hellip;\n","protected":false},"author":2,"featured_media":25413,"comment_status":"","ping_status":"","sticky":false,"template":"","format":"standard","meta":{"footnotes":""},"categories":[17],"tags":[145,35,39,38,36,37,34,40,67],"class_list":{"0":"post-25412","1":"post","2":"type-post","3":"status-publish","4":"format-standard","5":"has-post-thumbnail","7":"category-sports","8":"tag-basketbols","9":"tag-latvia","10":"tag-latvian","11":"tag-latviesu","12":"tag-latviesu-valoda","13":"tag-latviesuvaloda","14":"tag-latvija","15":"tag-lv","16":"tag-sports"},"share_on_mastodon":{"url":"","error":""},"_links":{"self":[{"href":"https:\/\/www.europesays.com\/lv\/wp-json\/wp\/v2\/posts\/25412","targetHints":{"allow":["GET"]}}],"collection":[{"href":"https:\/\/www.europesays.com\/lv\/wp-json\/wp\/v2\/posts"}],"about":[{"href":"https:\/\/www.europesays.com\/lv\/wp-json\/wp\/v2\/types\/post"}],"author":[{"embeddable":true,"href":"https:\/\/www.europesays.com\/lv\/wp-json\/wp\/v2\/users\/2"}],"replies":[{"embeddable":true,"href":"https:\/\/www.europesays.com\/lv\/wp-json\/wp\/v2\/comments?post=25412"}],"version-history":[{"count":0,"href":"https:\/\/www.europesays.com\/lv\/wp-json\/wp\/v2\/posts\/25412\/revisions"}],"wp:featuredmedia":[{"embeddable":true,"href":"https:\/\/www.europesays.com\/lv\/wp-json\/wp\/v2\/media\/25413"}],"wp:attachment":[{"href":"https:\/\/www.europesays.com\/lv\/wp-json\/wp\/v2\/media?parent=25412"}],"wp:term":[{"taxonomy":"category","embeddable":true,"href":"https:\/\/www.europesays.com\/lv\/wp-json\/wp\/v2\/categories?post=25412"},{"taxonomy":"post_tag","embeddable":true,"href":"https:\/\/www.europesays.com\/lv\/wp-json\/wp\/v2\/tags?post=25412"}],"curies":[{"name":"wp","href":"https:\/\/api.w.org\/{rel}","templated":true}]}}