{"id":25464,"date":"2025-10-19T18:37:08","date_gmt":"2025-10-19T18:37:08","guid":{"rendered":"https:\/\/www.europesays.com\/lv\/25464\/"},"modified":"2025-10-19T18:37:08","modified_gmt":"2025-10-19T18:37:08","slug":"budzeta-ieskicesana-stambulas-konvencija-un-referendumu-iniciativa-lente-lv-2","status":"publish","type":"post","link":"https:\/\/www.europesays.com\/lv\/25464\/","title":{"rendered":"Bud\u017eeta Ieskic\u0113\u0161ana, Stambulas Konvencija un Referendumu Iniciat\u012bva\u00a0\u2014\u00a0Lente.lv"},"content":{"rendered":"<p>Ruden\u012bgos Br\u012b\u017eus Saeim\u0101: Bud\u017eeta Str\u012bdi, Stambulas Konvencija un Interese par Referendumiem<\/p>\n<p>N\u0101kam\u0101 ned\u0113\u013ca Saeim\u0101 sol\u0101s b\u016bt \u012bpa\u0161i saspringta, jo politi\u0137iem priek\u0161\u0101 st\u0101v vair\u0101ki b\u016btiska noz\u012bmju jaut\u0101jumi. Deput\u0101ti gatavojas ne tikai izskat\u012bt valsts finan\u0161u pl\u0101nu, bet ar\u012b p\u0101rdom\u0101t Latvijas poz\u012bciju starptautiskos dokumentos un veicin\u0101t pilso\u0146u l\u012bdzdal\u012bbu l\u0113mumu pie\u0146em\u0161an\u0101.<\/p>\n<p>Bud\u017eeta Lielais Skait\u012b\u0161ana: Finans\u0113s Ieguld\u012btais Laiks<\/p>\n<p>Visintens\u012bv\u0101kais darbs paredz\u0113ts Bud\u017eeta un finan\u0161u komisij\u0101. Darba spars no pirmdienas l\u012bdz piektdienai tiks velt\u012bts visu ministriju bud\u017eetu r\u016bp\u012bgai izv\u0113rt\u0113\u0161anai. \u0160is sagatavo\u0161an\u0101s posms ir kritiski svar\u012bgs, lai jau n\u0101kamaj\u0101 ned\u0113\u013c\u0101 Saeima var\u0113tu \u0137erties kl\u0101t pa\u0161a 2026. gada valsts bud\u017eeta projekta pirm\u0101 las\u012bjuma apsprie\u0161anai. \u0160\u012b procesa sare\u017e\u0123\u012bt\u012bba ir sal\u012bdzin\u0101ma ar r\u016bp\u012bgu uz\u0146\u0113muma gada p\u0101rskata anal\u012bzi, kur\u0101 katram skaitlim j\u0101atspogu\u013co valsts att\u012bst\u012bbas virzieni un priorit\u0101tes. Finan\u0161u politikas efektivit\u0101ti, \u012bpa\u0161i sabiedr\u012bbas salied\u0113t\u012bbas jom\u0101, nov\u0113rt\u0113s ar\u012b Valsts kontroles atzinumi, kuriem deput\u0101ti piev\u0113rs\u012bs uzman\u012bbu.<\/p>\n<p>Starptautisko Attiec\u012bbu Goras: Stambulas Konvencija un T\u0101l\u0101kie So\u013ci<\/p>\n<p>\u0100rlietu komisij\u0101 turpin\u0101sies dedz\u012bgas diskusijas par Latvijas atteik\u0161anos no Stambulas konvencijas. \u0160is jaut\u0101jums ir rad\u012bjis iev\u0113rojamu sabiedrisku rezonansi un paredzams, ka ar\u012b deput\u0101tu vid\u016b str\u0101vu neizrais\u012bs vienpr\u0101t\u012bba. Paral\u0113li tam, pirmdien notiks att\u0101lin\u0101ta tik\u0161an\u0101s ar kol\u0113\u0123iem no Ukrainas Aug\u0161\u0113j\u0101s Radas. \u0160\u012b saruna, kas norisin\u0101sies sl\u0113gt\u0101 re\u017e\u012bm\u0101, \u013caus padzi\u013cin\u0101t abu valstu parlament\u0101rie\u0161u izpratni par aktu\u0101lajiem dro\u0161\u012bbas un sadarb\u012bbas jaut\u0101jumiem, \u012bpa\u0161i \u0146emot v\u0113r\u0101 \u0123eopolitisko situ\u0101ciju.<\/p>\n<p>Demokr\u0101tijas Papla\u0161in\u0101\u0161ana: Prezidenta Ierosin\u0101jums Par Referendumiem<\/p>\n<p>Juridisk\u0101 komisija beidzot piev\u0113rs\u012bsies prezidenta iniciat\u012bvai, kas paredz vienk\u0101r\u0161ot tautas nobalso\u0161anas (referenduma) ierosin\u0101\u0161anas proced\u016bru. \u0160is svar\u012bgais likumprojekts Saeim\u0101 tika iesniegts jau pavasar\u012b, ta\u010du t\u0101 izskat\u012b\u0161ana aizkav\u0113jusies. J\u0101atz\u012bst, ka da\u013ca parlament\u0101rie\u0161u, jo \u012bpa\u0161i no valdo\u0161\u0101s koal\u012bcijas, pau\u017e ba\u017eas, vai \u0161obr\u012bd ir piem\u0113rots laiks \u201catvieglot\u201d pilso\u0146u iesp\u0113jas ierosin\u0101t referendumu. Tas atg\u0101dina zin\u0101mu piesardz\u012bbu, l\u012bdz\u012bgi k\u0101 uz ce\u013ca, pirms strauji grie\u017eam st\u016bri, \u2013 ir j\u0101p\u0101rliecin\u0101s par dro\u0161\u012bbu un sek\u0101m. Diskusijas sol\u0101s b\u016bt principi\u0101las, mekl\u0113jot l\u012bdzsvaru starp tautas gribas izpausmi un valsts stabilit\u0101ti.<\/p>\n","protected":false},"excerpt":{"rendered":"Ruden\u012bgos Br\u012b\u017eus Saeim\u0101: Bud\u017eeta Str\u012bdi, Stambulas Konvencija un Interese par Referendumiem N\u0101kam\u0101 ned\u0113\u013ca Saeim\u0101 sol\u0101s b\u016bt \u012bpa\u0161i saspringta,&hellip;\n","protected":false},"author":2,"featured_media":25465,"comment_status":"","ping_status":"","sticky":false,"template":"","format":"standard","meta":{"footnotes":""},"categories":[12],"tags":[23,28,29,259,32,33,22,30,31,35,39,38,36,37,34,40,20,3923,26,27,7914,141,2023,24,25,21],"class_list":{"0":"post-25464","1":"post","2":"type-post","3":"status-publish","4":"format-standard","5":"has-post-thumbnail","7":"category-latvija","8":"tag-aktualitates","9":"tag-breaking-news","10":"tag-breakingnews","11":"tag-budzets","12":"tag-featured-news","13":"tag-featurednews","14":"tag-headlines","15":"tag-latest-news","16":"tag-latestnews","17":"tag-latvia","18":"tag-latvian","19":"tag-latviesu","20":"tag-latviesu-valoda","21":"tag-latviesuvaloda","22":"tag-latvija","23":"tag-lv","24":"tag-news","25":"tag-politika","26":"tag-popularakas-zinas","27":"tag-popularakaszinas","28":"tag-referendums","29":"tag-saeima","30":"tag-stambulas-konvencija","31":"tag-top-stories","32":"tag-topstories","33":"tag-zinas"},"share_on_mastodon":{"url":"","error":""},"_links":{"self":[{"href":"https:\/\/www.europesays.com\/lv\/wp-json\/wp\/v2\/posts\/25464","targetHints":{"allow":["GET"]}}],"collection":[{"href":"https:\/\/www.europesays.com\/lv\/wp-json\/wp\/v2\/posts"}],"about":[{"href":"https:\/\/www.europesays.com\/lv\/wp-json\/wp\/v2\/types\/post"}],"author":[{"embeddable":true,"href":"https:\/\/www.europesays.com\/lv\/wp-json\/wp\/v2\/users\/2"}],"replies":[{"embeddable":true,"href":"https:\/\/www.europesays.com\/lv\/wp-json\/wp\/v2\/comments?post=25464"}],"version-history":[{"count":0,"href":"https:\/\/www.europesays.com\/lv\/wp-json\/wp\/v2\/posts\/25464\/revisions"}],"wp:featuredmedia":[{"embeddable":true,"href":"https:\/\/www.europesays.com\/lv\/wp-json\/wp\/v2\/media\/25465"}],"wp:attachment":[{"href":"https:\/\/www.europesays.com\/lv\/wp-json\/wp\/v2\/media?parent=25464"}],"wp:term":[{"taxonomy":"category","embeddable":true,"href":"https:\/\/www.europesays.com\/lv\/wp-json\/wp\/v2\/categories?post=25464"},{"taxonomy":"post_tag","embeddable":true,"href":"https:\/\/www.europesays.com\/lv\/wp-json\/wp\/v2\/tags?post=25464"}],"curies":[{"name":"wp","href":"https:\/\/api.w.org\/{rel}","templated":true}]}}