{"id":254793,"date":"2026-07-26T19:21:10","date_gmt":"2026-07-26T19:21:10","guid":{"rendered":"https:\/\/www.europesays.com\/lv\/254793\/"},"modified":"2026-07-26T19:21:10","modified_gmt":"2026-07-26T19:21:10","slug":"eiroligas-zvaigzne-hezonja-paraksta-viena-gada-ligumu-ar-nba-komandu","status":"publish","type":"post","link":"https:\/\/www.europesays.com\/lv\/254793\/","title":{"rendered":"Eirol\u012bgas zvaigzne Hezonja paraksta viena gada l\u012bgumu ar NBA komandu"},"content":{"rendered":"<p>                                <img decoding=\"async\" src=\"https:\/\/www.europesays.com\/lv\/wp-content\/uploads\/2026\/07\/829fde08-hezonjamario-panathinaikos-realmadrid-750x450.jpg\"   alt=\"Mario Hezonja\" class=\"post-featured-image\"\/><\/p>\n<p>Mario Hezonja | Foto: Madrides &#8220;Real&#8221;<\/p>\n<p class=\"wp-block-paragraph\">ULEB Eirol\u012bgas sp\u012bdeklis <a href=\"https:\/\/www.sportazinas.com\/atsl\u0113gv\u0101rdi\/mario-hezonja\/\" data-type=\"post_tag\" data-id=\"5766\" rel=\"nofollow noopener\" target=\"_blank\">Mario Hezonja <\/a>parakst\u012bjis l\u012bgumu ar Nacion\u0101l\u0101s basketbola asoci\u0101cijas (NBA) komandu <a href=\"https:\/\/www.nba.com\/cavaliers\/\" rel=\"nofollow noopener\" target=\"_blank\">Kl\u012bvlendas \u201cCavaliers\u201d<\/a>, inform\u0113 ESPN \u017eurn\u0101lists \u0160ams \u0160aranija.<\/p>\n<p class=\"wp-block-paragraph\">Kop\u0161 2022. gada horv\u0101ts sp\u0113l\u0113ja Madrides \u201cReal\u201d, bet tagad vi\u0146\u0161 parakst\u012bjis vienas sezonas l\u012bgumu ar \u201cCavaliers\u201d par 2,8 miljoniem dol\u0101ru. <\/p>\n<p class=\"wp-block-paragraph\">Hezonja jau iepriek\u0161 sp\u0113l\u0113jis NBA, turkl\u0101t 2015. gada draft\u0101 tika izv\u0113l\u0113ts ar augsto 5. numuru uzreiz aiz Kristapa Porzi\u0146\u0123a. Hezonjas karjera NBA gan neizdev\u0101s tik spo\u017ea k\u0101 cer\u0113ts, ta\u010du vi\u0146\u0161 k\u013cuva par vienu no lab\u0101kajiem sp\u0113l\u0113t\u0101jiem Eirol\u012bg\u0101. <\/p>\n<p class=\"wp-block-paragraph\">Pag\u0101ju\u0161aj\u0101 sezon\u0101 Sp\u0101nijas \u010dempion\u0101t\u0101 vi\u0146am vid\u0113ji 17,5 punkti un 4,9 atl\u0113ku\u0161\u0101s bumbas regul\u0101raj\u0101 sezon\u0101, bet \u201cplay-off\u201d vi\u0146\u0161 izc\u0113l\u0101s ar 18 punktiem un 4,7 bumb\u0101m. Savuk\u0101rt Eirol\u012bg\u0101 Hezonjam caurm\u0113r\u0101 13,3 punkti un \u010detras bumbas zem groziem.<\/p>\n<p class=\"wp-block-paragraph\">Karjeras laik\u0101 Hezonja p\u0101rst\u0101v\u0113jis Orlando \u201cMagic\u201d, \u0145ujorkas \u201cKnicks\u201d un Portlendas \u201cTrail Blazers\u201d vien\u012bbas. Savuk\u0101rt Eirop\u0101 vi\u0146\u0161 sp\u0113l\u0113jis \u201cBarcelona\u201d, \u201cReal\u201d, \u201cPanathinaikos\u201d un Kaza\u0146as UNICS komand\u0101s.<\/p>\n<blockquote class=\"twitter-tweet\" data-width=\"500\" data-dnt=\"true\">\n<p lang=\"en\" dir=\"ltr\">EuroLeague star Mario Hezonja has agreed to a one-year, $2.8 million deal to sign with the Cleveland Cavaliers, Michael Tellem of Excel Sports Management told ESPN. <a href=\"https:\/\/t.co\/CmZV8zZIuw\" rel=\"nofollow\">pic.twitter.com\/CmZV8zZIuw<\/a><\/p>\n<p>\u2014 Shams Charania (@ShamsCharania) <a href=\"https:\/\/x.com\/ShamsCharania\/status\/2081427354673360946?ref_src=twsrc%5Etfw\" rel=\"nofollow\">July 26, 2026<\/a><\/p><\/blockquote>\n<p>                    <script async src=\"https:\/\/platform.twitter.com\/widgets.js\" charset=\"utf-8\"><\/script><\/p>\n","protected":false},"excerpt":{"rendered":"Mario Hezonja | Foto: Madrides &#8220;Real&#8221; ULEB Eirol\u012bgas sp\u012bdeklis Mario Hezonja parakst\u012bjis l\u012bgumu ar Nacion\u0101l\u0101s basketbola asoci\u0101cijas (NBA)&hellip;\n","protected":false},"author":2,"featured_media":254794,"comment_status":"","ping_status":"","sticky":false,"template":"","format":"standard","meta":{"footnotes":"","_share_on_mastodon":"0"},"categories":[17],"tags":[23,35,39,38,36,37,34,40,40843,1258,67,2120],"class_list":["post-254793","post","type-post","status-publish","format-standard","has-post-thumbnail","category-sports","tag-aktualitates","tag-latvia","tag-latvian","tag-latviesu","tag-latviesu-valoda","tag-latviesuvaloda","tag-latvija","tag-lv","tag-mario-hezonja","tag-nba","tag-sports","tag-uleb-eiroliga"],"share_on_mastodon":{"url":"https:\/\/pubeurope.com\/@lv\/116987906581393984","error":""},"_links":{"self":[{"href":"https:\/\/www.europesays.com\/lv\/wp-json\/wp\/v2\/posts\/254793","targetHints":{"allow":["GET"]}}],"collection":[{"href":"https:\/\/www.europesays.com\/lv\/wp-json\/wp\/v2\/posts"}],"about":[{"href":"https:\/\/www.europesays.com\/lv\/wp-json\/wp\/v2\/types\/post"}],"author":[{"embeddable":true,"href":"https:\/\/www.europesays.com\/lv\/wp-json\/wp\/v2\/users\/2"}],"replies":[{"embeddable":true,"href":"https:\/\/www.europesays.com\/lv\/wp-json\/wp\/v2\/comments?post=254793"}],"version-history":[{"count":0,"href":"https:\/\/www.europesays.com\/lv\/wp-json\/wp\/v2\/posts\/254793\/revisions"}],"wp:featuredmedia":[{"embeddable":true,"href":"https:\/\/www.europesays.com\/lv\/wp-json\/wp\/v2\/media\/254794"}],"wp:attachment":[{"href":"https:\/\/www.europesays.com\/lv\/wp-json\/wp\/v2\/media?parent=254793"}],"wp:term":[{"taxonomy":"category","embeddable":true,"href":"https:\/\/www.europesays.com\/lv\/wp-json\/wp\/v2\/categories?post=254793"},{"taxonomy":"post_tag","embeddable":true,"href":"https:\/\/www.europesays.com\/lv\/wp-json\/wp\/v2\/tags?post=254793"}],"curies":[{"name":"wp","href":"https:\/\/api.w.org\/{rel}","templated":true}]}}