{"id":25494,"date":"2025-10-19T19:12:08","date_gmt":"2025-10-19T19:12:08","guid":{"rendered":"https:\/\/www.europesays.com\/lv\/25494\/"},"modified":"2025-10-19T19:12:08","modified_gmt":"2025-10-19T19:12:08","slug":"cik-izmaksa-cels-uz-dienvideiropu-caur-latviju-nelegalajiem-migrantiem","status":"publish","type":"post","link":"https:\/\/www.europesays.com\/lv\/25494\/","title":{"rendered":"Cik izmaks\u0101 ce\u013c\u0161 uz Dienvideiropu caur Latviju neleg\u0101lajiem migrantiem?"},"content":{"rendered":"<p>Cik tas izmaks\u0101jis, vi\u0146\u0161 neatkl\u0101j. Kam un vai visp\u0101r par to samaks\u0101jis, vi\u0146\u0161 neatceras. Citi migranti nosauc no 6 l\u012bdz 7 t\u016bksto\u0161iem dol\u0101ru. Ce\u013c\u0161 l\u012bdz Latvijai vi\u0146iem at\u0161\u0137iras, sastapu\u0161ies Baltkrievijas pus\u0113 jau pie robe\u017eas.<\/p>\n<p>\u0160o, t\u0101pat k\u0101 citas aiztur\u0113tas grupas, robe\u017esargi nog\u0101d\u0101 atpaka\u013c uz robe\u017eu, lai tos atgrieztu Baltkrievij\u0101. \u0160ogad vien no robe\u017eas \u0161\u0137\u0113rso\u0161anas attur\u0113ti vair\u0101k nek\u0101 10800 cilv\u0113ki. Nereti no Baltkrievijas puses tos m\u0113\u0123ina atgr\u016bst atpaka\u013c Latvij\u0101.<\/p>\n<p>Aiztur\u0113to migrantu grup\u0101s ir da\u017e\u0101du taut\u012bbu cilv\u0113ki un noprotams, ka vi\u0146us kop\u0101 saved kontrabandas organiz\u0113t\u0101ji. P\u0101ri robe\u017eai l\u012bdz noteiktajai lok\u0101cijai, kur tos sav\u0101ks \u0161oferis, grupu ved pavadonis, kur\u0161 p\u0113c tam atgrie\u017eas Baltkrievij\u0101. Pavado\u0146i pelna vair\u0101k nek\u0101 \u0161oferi \u2013 aptuveni 800 eiro par cilv\u0113ku. Ta\u010du ar\u012b vi\u0146i naudu sa\u0146em tikai tad, ja vedamais nok\u013c\u016bst l\u012bdz galapunktam.<\/p>\n<p>Kontrabandu organiz\u0113 vair\u0101kos l\u012bme\u0146os. ir vismaz divi vai tr\u012bs starpnieki, kuri mekl\u0113 \u0161oferus un p\u0101rbauda to uzticam\u012bbu. Virs tiem ir mened\u017eeri, kuri ir tie\u0161\u0101 kontakt\u0101 ar migrantu grupas pavadoni un nodod prec\u012bzas koordin\u0101tes transport\u0113t\u0101jam. V\u0113l augst\u0101k ir galvenais organizators, kas uzdodas, piem\u0113ram, par ce\u013cojuma a\u0123entu. P\u0101rsvar\u0101 tie ir ar\u0101bu valstu pilso\u0146i. Daudzpak\u0101pju sh\u0113ma apgr\u016btina kontrabandas organizatoru identific\u0113\u0161anu, jo tie sav\u0101 starp\u0101 sazin\u0101s virtu\u0101li un dz\u012bv\u0113, visdr\u012bz\u0101k, nekad nav tiku\u0161ies.<\/p>\n<p>L\u012bdz\u012bgus darbus pied\u0101v\u0101 Lietuv\u0101, Polij\u0101, Slov\u0101kij\u0101, Slov\u0113nij\u0101. Ar\u012b mums pied\u0101v\u0101 braukt migrantiem paka\u013c uz Kau\u0146u vai Polijas pierobe\u017eu.<\/p>\n<p>2023. gad\u0101 Saeima groz\u012bja Krimin\u0101llikumu, nosakot barg\u0101kus sodus par cilv\u0113ku nelikum\u012bgu p\u0101rvad\u0101\u0161anu p\u0101ri robe\u017eai. Pirms tam \u0161oferis, atz\u012bstot vainu, var\u0113ja ar\u012b tikt cauri tikai ar naudassodu. Kop\u0161 main\u012bts likums, Daugavpils p\u0101rvald\u0113 s\u0101kti 87 krimin\u0101lprocesi pret p\u0101rvad\u0101t\u0101jiem.<\/p>\n<p>Tr\u012bs dienu laik\u0101 sadarb\u012bb\u0101 ar operat\u012bvajiem darbiniekiem sarakst\u012bj\u0101mies ar gandr\u012bz 10 kontrabandas organiz\u0113t\u0101jiem. \u010cetrus izdev\u0101s p\u0101rliecin\u0101t, ka esam \u012bsti darba mekl\u0113t\u0101ji un sa\u0146emt lok\u0101cijas, kur migranti b\u016bs j\u0101sav\u0101c. Nor\u0101d\u012btaj\u0101s koordin\u0101t\u0113s nevienu nesastap\u0101m, jo tos pasp\u0113ja aiztur\u0113t robe\u017esardzes patru\u013cvien\u012bbas.<\/p>\n<p>Pusotra gada laik\u0101 par nelikum\u012bgu cilv\u0113ku p\u0101rve\u0161anu prokurat\u016bra aps\u016bdz\u0113jusi 65 personas. Cietumsodu sa\u0146\u0113mu\u0161i 60 no tiem. 10 ieslodz\u012bjum\u0101 j\u0101pavada ap 2 gadiem, tre\u0161da\u013cai aiz rest\u0113m piespriesti 2-3 gadi, bet p\u0101r\u0113jiem vair\u0101k nek\u0101 3.<\/p>\n","protected":false},"excerpt":{"rendered":"Cik tas izmaks\u0101jis, vi\u0146\u0161 neatkl\u0101j. Kam un vai visp\u0101r par to samaks\u0101jis, vi\u0146\u0161 neatceras. Citi migranti nosauc no&hellip;\n","protected":false},"author":2,"featured_media":25495,"comment_status":"","ping_status":"","sticky":false,"template":"","format":"standard","meta":{"footnotes":""},"categories":[14],"tags":[668,23,57,28,29,32,33,22,30,31,35,39,38,36,37,34,1589,40,6536,20,26,27,1588,24,25,54,55,56,21,58],"class_list":{"0":"post-25494","1":"post","2":"type-post","3":"status-publish","4":"format-standard","5":"has-post-thumbnail","7":"category-zinas-no-arvalstim","8":"tag-neka-personiga","9":"tag-aktualitates","10":"tag-arvalstim","11":"tag-breaking-news","12":"tag-breakingnews","13":"tag-featured-news","14":"tag-featurednews","15":"tag-headlines","16":"tag-latest-news","17":"tag-latestnews","18":"tag-latvia","19":"tag-latvian","20":"tag-latviesu","21":"tag-latviesu-valoda","22":"tag-latviesuvaloda","23":"tag-latvija","24":"tag-latvijas-un-baltkrievijas-robeza","25":"tag-lv","26":"tag-migranti","27":"tag-news","28":"tag-popularakas-zinas","29":"tag-popularakaszinas","30":"tag-robeza","31":"tag-top-stories","32":"tag-topstories","33":"tag-world","34":"tag-world-news","35":"tag-worldnews","36":"tag-zinas","37":"tag-zinas-no-arvalstim"},"share_on_mastodon":{"url":"","error":""},"_links":{"self":[{"href":"https:\/\/www.europesays.com\/lv\/wp-json\/wp\/v2\/posts\/25494","targetHints":{"allow":["GET"]}}],"collection":[{"href":"https:\/\/www.europesays.com\/lv\/wp-json\/wp\/v2\/posts"}],"about":[{"href":"https:\/\/www.europesays.com\/lv\/wp-json\/wp\/v2\/types\/post"}],"author":[{"embeddable":true,"href":"https:\/\/www.europesays.com\/lv\/wp-json\/wp\/v2\/users\/2"}],"replies":[{"embeddable":true,"href":"https:\/\/www.europesays.com\/lv\/wp-json\/wp\/v2\/comments?post=25494"}],"version-history":[{"count":0,"href":"https:\/\/www.europesays.com\/lv\/wp-json\/wp\/v2\/posts\/25494\/revisions"}],"wp:featuredmedia":[{"embeddable":true,"href":"https:\/\/www.europesays.com\/lv\/wp-json\/wp\/v2\/media\/25495"}],"wp:attachment":[{"href":"https:\/\/www.europesays.com\/lv\/wp-json\/wp\/v2\/media?parent=25494"}],"wp:term":[{"taxonomy":"category","embeddable":true,"href":"https:\/\/www.europesays.com\/lv\/wp-json\/wp\/v2\/categories?post=25494"},{"taxonomy":"post_tag","embeddable":true,"href":"https:\/\/www.europesays.com\/lv\/wp-json\/wp\/v2\/tags?post=25494"}],"curies":[{"name":"wp","href":"https:\/\/api.w.org\/{rel}","templated":true}]}}