{"id":25605,"date":"2025-10-19T21:14:07","date_gmt":"2025-10-19T21:14:07","guid":{"rendered":"https:\/\/www.europesays.com\/lv\/25605\/"},"modified":"2025-10-19T21:14:07","modified_gmt":"2025-10-19T21:14:07","slug":"modra-sunu-nosausana-un-imantas-tragedija-izgaismo-sabiedribas-dubultstandartus-tvnet","status":"publish","type":"post","link":"https:\/\/www.europesays.com\/lv\/25605\/","title":{"rendered":"Modra su\u0146u no\u0161au\u0161ana un Imantas tra\u0123\u0113dija izgaismo sabiedr\u012bbas dubultstandartus &#8211; TVNET"},"content":{"rendered":"<ol>\n<li><a href=\"https:\/\/news.google.com\/rss\/articles\/CBMirAFBVV95cUxOUjhoam80NFVQd1VtVi1fYkowVndfMTFvVzNyakRscVo3ZzhRNUFXOWE2WktFd1JMMjZWUFdEY1MzTF83WnJWYVl3eTV2Y3dBQ29oN0FZNUFsOUppcG1mMXd4YzFOajZEdDFNZjFCbkpPN3BPdDU4OHdidTd0Vm9WMlN2c01VY3RpbEg4YjdyOXJYRVBRSk5mczNHeUpMT0REa0tneDkwTDcweGx6?oc=5\" target=\"_blank\" rel=\"nofollow noopener\">Modra su\u0146u no\u0161au\u0161ana un Imantas tra\u0123\u0113dija izgaismo sabiedr\u012bbas dubultstandartus<\/a>&nbsp;&nbsp;TVNET<\/li>\n<li><a href=\"https:\/\/news.google.com\/rss\/articles\/CBMitAFBVV95cUxPaDY4TDVZWkhrSXhjZWhScm81WHMtNkxXZzI0cW8yOGk5X1Awcy1RZEVaXzhKOU1fc29Edm1nYWRLV3dMMFpTeHNjYkprUTB4c21aLWM0NWVKdjhMVWpfazVlWkRlUXJxUkJFZ2RycUtfZFdfTVNkUXFxVk5DMzJOaXRWWWpJbkxidUN3VUlFYlUwbnp0MUJ6YjBsWEpobUVZT0dKWWVXaWhLdy1pUWl5TG5SSjY?oc=5\" target=\"_blank\" rel=\"nofollow noopener\">P\u0113c Imantas tra\u0123\u0113dijas divi jaunie\u0161i uz dzelzce\u013ca atk\u0101rto identisku k\u013c\u016bdu<\/a>&nbsp;&nbsp;tv3.lv<\/li>\n<li><a href=\"https:\/\/news.google.com\/rss\/articles\/CBMinwFBVV95cUxPR2RaLUl3RUNHU2tlTzVDQnhDQnA1ZXNQOHZWTGpLR2J0NVFTdC1saEdLTVdONko3ZHJ2bmxvRU53bkxGRjVqX1BqU0NSZ2tpZFdpOVNUQXJvMmVhSTVQNVpQTHhacnBRd2xpVW1GenVicVdxWFotUjUwX1h0bEppazJPMm9nMzlSRzlHNndzVTlsYnh6SmN2SFdwU3pKMHM?oc=5\" target=\"_blank\" rel=\"nofollow noopener\">P\u0113c tra\u0123\u0113dijas Imant\u0101 \u2013 jaunie\u0161i turpina risk\u0113t uz slied\u0113m<\/a>&nbsp;&nbsp;Santa.lv<\/li>\n<li><a href=\"https:\/\/news.google.com\/rss\/articles\/CBMihwFBVV95cUxPa241UnFQUDZkYVEydlk1SHpmbmNzT0tfYUFFek14Rl9tTTRxLUpRTFNkR0xGald3bUFhQ2lQN3oyaXV3V2E0QXI4d1Y4bUJFSDJHM2FjTmRmTC1YMzlRXy1OTFNVTHVGMzkzSF9sVkdmcE1LcHM5b2NYNzdza1lWUWE2NVFsTlk?oc=5\" target=\"_blank\" rel=\"nofollow noopener\">Frederiks Ozols: Kur\u0161 nogalin\u0101ja b\u0113rnus?<\/a>&nbsp;&nbsp;Lasi.lv<\/li>\n<li><a href=\"https:\/\/news.google.com\/rss\/articles\/CBMi2AFBVV95cUxOUFQycHVaMDcxVmFxaFdhSEFzb1czRExOdV96YTJpckpMWGJKZjZtTHZDc3BkZlhrNXN2MUtVLVdQdGxES1AtV0o2d2l5OVJCZnY3ckxGcFBXeEFtTF9GRllmSnRKZG1vWEtuRlFfeUdGeGMtQkdpdWJZMWJ1UWRDUmd2eExha1ZLOFlLX0pfaXZzZWdwdXcyTk56dVdxdHF0bWVJSE15TW9KTktETHlFRERDTndSeXMzMVV3NUQwTm5DNlpndlJPRVZHdHRxZzJNZVk0aC1DUEQ?oc=5\" target=\"_blank\" rel=\"nofollow noopener\">Ar spoc\u012bg\u0101m multfilm\u0101m b\u0113rniem atg\u0101dina par b\u012bstam\u012bbu pie dzelzce\u013ca \/ Raksts<\/a>&nbsp;&nbsp;LSM<\/li>\n<\/ol>\n","protected":false},"excerpt":{"rendered":"Modra su\u0146u no\u0161au\u0161ana un Imantas tra\u0123\u0113dija izgaismo sabiedr\u012bbas dubultstandartus&nbsp;&nbsp;TVNET P\u0113c Imantas tra\u0123\u0113dijas divi jaunie\u0161i uz dzelzce\u013ca atk\u0101rto identisku&hellip;\n","protected":false},"author":2,"featured_media":25606,"comment_status":"","ping_status":"","sticky":false,"template":"","format":"standard","meta":{"footnotes":""},"categories":[12],"tags":[23,63,65,28,29,60,32,33,59,22,70,64,30,31,35,39,38,36,37,34,40,68,20,26,27,69,66,67,24,25,62,21,61],"class_list":{"0":"post-25605","1":"post","2":"type-post","3":"status-publish","4":"format-standard","5":"has-post-thumbnail","7":"category-latvija","8":"tag-aktualitates","9":"tag-arvalstis","10":"tag-auto","11":"tag-breaking-news","12":"tag-breakingnews","13":"tag-egoiste","14":"tag-featured-news","15":"tag-featurednews","16":"tag-financenet","17":"tag-headlines","18":"tag-klik","19":"tag-kultura","20":"tag-latest-news","21":"tag-latestnews","22":"tag-latvia","23":"tag-latvian","24":"tag-latviesu","25":"tag-latviesu-valoda","26":"tag-latviesuvaloda","27":"tag-latvija","28":"tag-lv","29":"tag-maja","30":"tag-news","31":"tag-popularakas-zinas","32":"tag-popularakaszinas","33":"tag-receptes","34":"tag-sejas","35":"tag-sports","36":"tag-top-stories","37":"tag-topstories","38":"tag-viedokli","39":"tag-zinas","40":"tag-zinatne"},"share_on_mastodon":{"url":"","error":""},"_links":{"self":[{"href":"https:\/\/www.europesays.com\/lv\/wp-json\/wp\/v2\/posts\/25605","targetHints":{"allow":["GET"]}}],"collection":[{"href":"https:\/\/www.europesays.com\/lv\/wp-json\/wp\/v2\/posts"}],"about":[{"href":"https:\/\/www.europesays.com\/lv\/wp-json\/wp\/v2\/types\/post"}],"author":[{"embeddable":true,"href":"https:\/\/www.europesays.com\/lv\/wp-json\/wp\/v2\/users\/2"}],"replies":[{"embeddable":true,"href":"https:\/\/www.europesays.com\/lv\/wp-json\/wp\/v2\/comments?post=25605"}],"version-history":[{"count":0,"href":"https:\/\/www.europesays.com\/lv\/wp-json\/wp\/v2\/posts\/25605\/revisions"}],"wp:featuredmedia":[{"embeddable":true,"href":"https:\/\/www.europesays.com\/lv\/wp-json\/wp\/v2\/media\/25606"}],"wp:attachment":[{"href":"https:\/\/www.europesays.com\/lv\/wp-json\/wp\/v2\/media?parent=25605"}],"wp:term":[{"taxonomy":"category","embeddable":true,"href":"https:\/\/www.europesays.com\/lv\/wp-json\/wp\/v2\/categories?post=25605"},{"taxonomy":"post_tag","embeddable":true,"href":"https:\/\/www.europesays.com\/lv\/wp-json\/wp\/v2\/tags?post=25605"}],"curies":[{"name":"wp","href":"https:\/\/api.w.org\/{rel}","templated":true}]}}