{"id":256118,"date":"2026-07-28T20:06:26","date_gmt":"2026-07-28T20:06:26","guid":{"rendered":"https:\/\/www.europesays.com\/lv\/256118\/"},"modified":"2026-07-28T20:06:26","modified_gmt":"2026-07-28T20:06:26","slug":"igaunija-uz-nenoteiktu-laiku-varetu-pagarinat-robezkontroles-punktu-ar-krieviju-slegsanu-nakti","status":"publish","type":"post","link":"https:\/\/www.europesays.com\/lv\/256118\/","title":{"rendered":"Igaunija uz nenoteiktu laiku var\u0113tu pagarin\u0101t robe\u017ekontroles punktu ar Krieviju sl\u0113g\u0161anu nakt\u012b"},"content":{"rendered":"<p>Ministrija iesniegusi ierosin\u0101jumu uz nenoteiktu laiku saglab\u0101t Koidulas, Luham\u0101 un Narvas pirm\u0101 sauszemes robe\u017ekontroles punkta darba laiku no plkst. 7 l\u012bdz 19. Ierosin\u0101jums pamatots ar nepiecie\u0161am\u012bbu uzlabot robe\u017eas dro\u0161\u012bbu un muitas darb\u012bbu.<\/p>\n<p>Pa\u0161laik noteiktie pagaidu robe\u017ekontroles punktu ar Krieviju darba laika ierobe\u017eojumi, kas paredz to sl\u0113g\u0161anu nakt\u012b, ir sp\u0113k\u0101 l\u012bdz augusta beig\u0101m.<\/p>\n<p>Igaunijas iek\u0161lietu ministrs Igors Taro sac\u012bja, ka robe\u017ekontroles punktu darba laiks sa\u012bsin\u0101ts, lai uzlabotu robe\u017eas dro\u0161\u012bbu, rea\u0123\u0113\u0161anas sp\u0113jas uz incidentiem un veicin\u0101tu muitas darb\u012bbu.<\/p>\n<p>Vienlaikus Igaunijai pa\u0161laik nav pamata piln\u012bb\u0101 sl\u0113gt robe\u017eu ar Krieviju, lai gan sabiedr\u012bb\u0101 tas tiek apspriests.<\/p>\n<p>&#8220;M\u016bsu kaimi\u0146i ir pie\u0146\u0113mu\u0161i \u0161os l\u0113mumus, ta\u010du vi\u0146i ir sask\u0101ru\u0161ies ar\u012b ar piln\u012bgi at\u0161\u0137ir\u012bgiem apst\u0101k\u013ciem,&#8221; vi\u0146\u0161 turpin\u0101ja, piebilstot, ka pagaid\u0101m, ja vien nerad\u012bsies nepiecie\u0161am\u012bba p\u0101rskat\u012bt vieno\u0161anos, <a href=\"https:\/\/www.tvnet.lv\/term\/555481\/igaunija\" class=\"topicLink\" target=\"_blank\" rel=\"nofollow noopener\">Igaunija<\/a> ierosina robe\u017ekontroles punktus uz nenoteiktu laiku sl\u0113gt nakt\u012b.<\/p>\n<p>P\u0101rrobe\u017eu satiksme austrumu virzien\u0101 turpina samazin\u0101ties. \u0160\u0101 gada pirmaj\u0101 pus\u0113 caur Igaunijas Narvas-1, Luham\u0101 un Koidulas autoce\u013cu kontroles punktiem robe\u017eu \u0161\u0137\u0113rsoja aptuveni 444 000 cilv\u0113ku, kas ir par 13% maz\u0101k nek\u0101 aptuveni 512 000 robe\u017eas \u0161\u0137\u0113rsot\u0101ju iepriek\u0161\u0113j\u0101 gada attiec\u012bgaj\u0101 period\u0101. Narvas konrolpunkts ir atv\u0113rts tikai k\u0101j\u0101mg\u0101j\u0113jiem.<\/p>\n<p>Iek\u0161lietu ministrijas dati liecina, ka transportl\u012bdzek\u013cu, kas \u0161\u0137\u0113rso robe\u017eu, skaits samazin\u0101j\u0101s v\u0113l strauj\u0101k, sar\u016bkot par 20% no aptuveni 43 500 l\u012bdz 35 000.<\/p>\n<p>Pat p\u0113c tam, kad maij\u0101 un j\u016bnij\u0101 kop\u0113jais robe\u017e\u0161\u0137\u0113rso\u0161anas gad\u012bjumu skaits atgriez\u0101s l\u012bmen\u012b, k\u0101ds bija pirms robe\u017ekontroles punktu sl\u0113g\u0161anas nakt\u012b, robe\u017eu \u0161\u0137\u0113rsojo\u0161o g\u0101j\u0113ju skaits bija par 19% maz\u0101ks nek\u0101 attiec\u012bgaj\u0101 period\u0101 p\u0113rn.<\/p>\n","protected":false},"excerpt":{"rendered":"Ministrija iesniegusi ierosin\u0101jumu uz nenoteiktu laiku saglab\u0101t Koidulas, Luham\u0101 un Narvas pirm\u0101 sauszemes robe\u017ekontroles punkta darba laiku no&hellip;\n","protected":false},"author":2,"featured_media":256119,"comment_status":"","ping_status":"","sticky":false,"template":"","format":"standard","meta":{"footnotes":"","_share_on_mastodon":"0"},"categories":[14],"tags":[23,57,28,29,32,33,22,73,234,7793,30,31,35,39,38,36,37,34,40,20,26,27,1588,24,25,54,55,56,21,58],"class_list":["post-256118","post","type-post","status-publish","format-standard","has-post-thumbnail","category-zinas-no-arvalstim","tag-aktualitates","tag-arvalstim","tag-breaking-news","tag-breakingnews","tag-featured-news","tag-featurednews","tag-headlines","tag-igaunija","tag-krievija","tag-krievijas-robeza","tag-latest-news","tag-latestnews","tag-latvia","tag-latvian","tag-latviesu","tag-latviesu-valoda","tag-latviesuvaloda","tag-latvija","tag-lv","tag-news","tag-popularakas-zinas","tag-popularakaszinas","tag-robeza","tag-top-stories","tag-topstories","tag-world","tag-world-news","tag-worldnews","tag-zinas","tag-zinas-no-arvalstim"],"share_on_mastodon":{"url":"https:\/\/pubeurope.com\/@lv\/116999407781286368","error":""},"_links":{"self":[{"href":"https:\/\/www.europesays.com\/lv\/wp-json\/wp\/v2\/posts\/256118","targetHints":{"allow":["GET"]}}],"collection":[{"href":"https:\/\/www.europesays.com\/lv\/wp-json\/wp\/v2\/posts"}],"about":[{"href":"https:\/\/www.europesays.com\/lv\/wp-json\/wp\/v2\/types\/post"}],"author":[{"embeddable":true,"href":"https:\/\/www.europesays.com\/lv\/wp-json\/wp\/v2\/users\/2"}],"replies":[{"embeddable":true,"href":"https:\/\/www.europesays.com\/lv\/wp-json\/wp\/v2\/comments?post=256118"}],"version-history":[{"count":0,"href":"https:\/\/www.europesays.com\/lv\/wp-json\/wp\/v2\/posts\/256118\/revisions"}],"wp:featuredmedia":[{"embeddable":true,"href":"https:\/\/www.europesays.com\/lv\/wp-json\/wp\/v2\/media\/256119"}],"wp:attachment":[{"href":"https:\/\/www.europesays.com\/lv\/wp-json\/wp\/v2\/media?parent=256118"}],"wp:term":[{"taxonomy":"category","embeddable":true,"href":"https:\/\/www.europesays.com\/lv\/wp-json\/wp\/v2\/categories?post=256118"},{"taxonomy":"post_tag","embeddable":true,"href":"https:\/\/www.europesays.com\/lv\/wp-json\/wp\/v2\/tags?post=256118"}],"curies":[{"name":"wp","href":"https:\/\/api.w.org\/{rel}","templated":true}]}}