{"id":25615,"date":"2025-10-19T21:28:08","date_gmt":"2025-10-19T21:28:08","guid":{"rendered":"https:\/\/www.europesays.com\/lv\/25615\/"},"modified":"2025-10-19T21:28:08","modified_gmt":"2025-10-19T21:28:08","slug":"atgriesanas-stripainaja-ralph-lauren-bluze","status":"publish","type":"post","link":"https:\/\/www.europesays.com\/lv\/25615\/","title":{"rendered":"atgrie\u0161an\u0101s str\u012bpainaj\u0101 \u201cRalph Lauren\u201d bl\u016bz\u0113"},"content":{"rendered":"<p>P\u0113c da\u017eiem klus\u0101kiem m\u0113ne\u0161iem Megana M\u0101rkla atkal non\u0101kusi uzman\u012bbas centr\u0101 \u2014 \u0161oreiz ar p\u0101rdom\u0101tu un simbolisku modes izv\u0113li. \u0145ujorkas iel\u0101s vi\u0146a tika paman\u012bta zilbalti sv\u012btrain\u0101 \u201cRalph Lauren\u201d bl\u016bz\u0113, tie\u0161i t\u0101d\u0101 pa\u0161\u0101, k\u0101du valk\u0101ja 2018. gada Vimbldonas fin\u0101l \u0101, v\u0113l b\u016bdama karalisk\u0101s \u0123imenes locekle. Skaidrs, ka \u0161\u012b nav nejau\u0161\u012bba \u2014 Megana vienm\u0113r izmanto modi k\u0101 valodu, un \u0161\u012b bl\u016bze \u0161\u0137iet vi\u0146as apzin\u0101ts \u201cparaksts\u201d jaunam dz\u012bves posmam.<\/p>\n","protected":false},"excerpt":{"rendered":"P\u0113c da\u017eiem klus\u0101kiem m\u0113ne\u0161iem Megana M\u0101rkla atkal non\u0101kusi uzman\u012bbas centr\u0101 \u2014 \u0161oreiz ar p\u0101rdom\u0101tu un simbolisku modes izv\u0113li.&hellip;\n","protected":false},"author":2,"featured_media":25616,"comment_status":"","ping_status":"","sticky":false,"template":"","format":"standard","meta":{"footnotes":""},"categories":[19],"tags":[89,90,35,39,38,36,37,34,40,6211,175],"class_list":{"0":"post-25615","1":"post","2":"type-post","3":"status-publish","4":"format-standard","5":"has-post-thumbnail","7":"category-izklaide","8":"tag-entertainment","9":"tag-izklaide","10":"tag-latvia","11":"tag-latvian","12":"tag-latviesu","13":"tag-latviesu-valoda","14":"tag-latviesuvaloda","15":"tag-latvija","16":"tag-lv","17":"tag-megana-markla","18":"tag-mode"},"share_on_mastodon":{"url":"","error":""},"_links":{"self":[{"href":"https:\/\/www.europesays.com\/lv\/wp-json\/wp\/v2\/posts\/25615","targetHints":{"allow":["GET"]}}],"collection":[{"href":"https:\/\/www.europesays.com\/lv\/wp-json\/wp\/v2\/posts"}],"about":[{"href":"https:\/\/www.europesays.com\/lv\/wp-json\/wp\/v2\/types\/post"}],"author":[{"embeddable":true,"href":"https:\/\/www.europesays.com\/lv\/wp-json\/wp\/v2\/users\/2"}],"replies":[{"embeddable":true,"href":"https:\/\/www.europesays.com\/lv\/wp-json\/wp\/v2\/comments?post=25615"}],"version-history":[{"count":0,"href":"https:\/\/www.europesays.com\/lv\/wp-json\/wp\/v2\/posts\/25615\/revisions"}],"wp:featuredmedia":[{"embeddable":true,"href":"https:\/\/www.europesays.com\/lv\/wp-json\/wp\/v2\/media\/25616"}],"wp:attachment":[{"href":"https:\/\/www.europesays.com\/lv\/wp-json\/wp\/v2\/media?parent=25615"}],"wp:term":[{"taxonomy":"category","embeddable":true,"href":"https:\/\/www.europesays.com\/lv\/wp-json\/wp\/v2\/categories?post=25615"},{"taxonomy":"post_tag","embeddable":true,"href":"https:\/\/www.europesays.com\/lv\/wp-json\/wp\/v2\/tags?post=25615"}],"curies":[{"name":"wp","href":"https:\/\/api.w.org\/{rel}","templated":true}]}}