{"id":25662,"date":"2025-10-19T23:27:09","date_gmt":"2025-10-19T23:27:09","guid":{"rendered":"https:\/\/www.europesays.com\/lv\/25662\/"},"modified":"2025-10-19T23:27:09","modified_gmt":"2025-10-19T23:27:09","slug":"diskutes-par-maksligo-intelektu-jauniesu-lidzdalibu-un-iedzivotaju-vajadzibam-kultura-lente-lv","status":"publish","type":"post","link":"https:\/\/www.europesays.com\/lv\/25662\/","title":{"rendered":"Diskut\u0113s par m\u0101ksl\u012bgo intelektu, jaunie\u0161u l\u012bdzdal\u012bbu un iedz\u012bvot\u0101ju vajadz\u012bb\u0101m kult\u016br\u0101\u00a0\u2014\u00a0Lente.lv"},"content":{"rendered":"<p>Konferen\u010du s\u0113rija \u00abKult\u016bras Krustpunkti XIX\u00bb: M\u0101ksl\u012bgais intelekts, jaunie\u0161u l\u012bdzdal\u012bba un iedz\u012bvot\u0101ju vajadz\u012bbas kult\u016bras nozar\u0113<\/p>\n<p>No 2025. gada 4. l\u012bdz 7. novembrim Latvijas Kult\u016bras akad\u0113mija (LKA) r\u012bko starptautisku konferen\u010du s\u0113riju \u00abKult\u016bras Krustpunkti XIX\u00bb. \u0160is pas\u0101kums pulc\u0113 iev\u0113rojamu loku dal\u012bbnieku \u2013 zin\u0101tnieku, studentu, politikas veidot\u0101ju, kult\u016bras profesion\u0101\u013cu un rado\u0161o industriju p\u0101rst\u0101vju \u2013 lai kop\u012bgi dzi\u013c\u0101k izprastu un apspriestu aktu\u0101l\u0101kos procesus kult\u016bras un m\u0101kslas jom\u0101. Konferences norises atkl\u0101s pla\u0161u tematisko un form\u0101tu daudzveid\u012bbu, piev\u0113r\u0161oties gan kult\u016bras fundament\u0101lajai lomai sabiedr\u012bbas att\u012bst\u012bb\u0101, gan jaunie\u0161u pilsonisk\u0101s l\u012bdzdal\u012bbas iesp\u0113j\u0101m, gan ar\u012b m\u0101ksl\u012bg\u0101 intelekta (MI) aizvien pieaugo\u0161ajai ietekmei uz kult\u016bras saturu.<\/p>\n<p>M\u0101ksl\u012bg\u0101 intelekta un kult\u016bras krustpunkti<\/p>\n<p>Viena no centr\u0101laj\u0101m t\u0113m\u0101m, kas tiks apl\u016bkota konferenc\u0113, ir m\u0101ksl\u012bg\u0101 intelekta loma kult\u016bras telp\u0101. 6. novembr\u012b notiks starptautisk\u0101 konference \u00abM\u0101ksl\u012bgais intelekts k\u0101 kult\u016bras satura daudzveid\u012bbas avots un apdraud\u0113jums. M\u0101kslinieka, auditorijas un politikas perspekt\u012bva\u00bb. \u0160is pas\u0101kums, ko organiz\u0113 sadarb\u012bb\u0101 ar UNESCO Latvijas Nacion\u0101lo komisiju, p\u0113t\u012bs MI gan k\u0101 iesp\u0113ju bag\u0101tin\u0101t kult\u016bras izpausmju daudzveid\u012bbu, gan k\u0101 jaunu izaicin\u0101jumu kult\u016brpolitikas, rado\u0161o industriju un autorties\u012bbu jom\u0101. Profesore R\u016bta Muktup\u0101vela no LKA uzst\u0101sies ar refer\u0101tu par tehnolo\u0123iskaj\u0101m p\u0101rmai\u0146\u0101m un sabiedr\u012bbas transform\u0101ciju, akcent\u0113jot kult\u016bras daudzveid\u012bbas saglab\u0101\u0161anas izaicin\u0101jumus digit\u0101laj\u0101 laikmet\u0101 un saistot tos ar UNESCO 2005. gada Konvencijas noz\u012bmi. Tiks apl\u016bkotas gan tehnolo\u0123isk\u0101s un \u0113tisk\u0101s dimensijas, gan politikas pl\u0101no\u0161ana un kult\u016bras mantojuma pieejam\u012bba digit\u0101laj\u0101 vid\u0113. P\u0113cpusdienas sesij\u0101 \u00ab\u0122enerat\u012bvais m\u0101ksl\u012bgais intelekts un kult\u016bras prakses\u00bb tiks p\u0113t\u012bta MI un rado\u0161o prak\u0161u mijiedarb\u012bba, piev\u0113r\u0161oties gan m\u0101ksliniecisk\u0101s jaunrades pieredzei, gan tehnolo\u0123iju izmanto\u0161anas iesp\u0113j\u0101m kult\u016bras un rado\u0161aj\u0101s industrij\u0101s. P\u0113t\u012bjumi liecina, ka sabiedr\u012bb\u0101 ir ba\u017eas par MI negat\u012bvo ietekmi uz rado\u0161umu un ikdienas sazi\u0146u. Ta\u010du vienlaikus tiek sagaid\u012bti uzlabojumi da\u017e\u0101d\u0101s jom\u0101s, tostarp valsts un pa\u0161vald\u012bbu pakalpojumos.<\/p>\n<p>Jaunie\u0161u l\u012bdzdal\u012bba \u2013 no form\u0101las uz j\u0113gpilnu praksi<\/p>\n<p>\u012apa\u0161a uzman\u012bba \u0161\u012b gada konferen\u010du s\u0113rij\u0101 tiks piev\u0113rsta jaunie\u0161u pilsoniskajai l\u012bdzdal\u012bbai. Jau 5. novembr\u012b notiks starptautiska zin\u0101tniska konference \u00abJaunie\u0161u pilsonisk\u0101 l\u012bdzdal\u012bba: dekorat\u012bva vai autentiska? Form\u0101la vai j\u0113gpilna?\u00bb. T\u0101s m\u0113r\u0137is ir veicin\u0101t akad\u0113misku un praktisku diskusiju par jaunie\u0161u pilsonisk\u0101s l\u012bdzdal\u012bbas pieredzi un iesp\u0113j\u0101m, \u012bpa\u0161i m\u016bsdienu izaicin\u0101jumu \u2013 demokr\u0101tijas apdraud\u0113jumu, tehnolo\u0123isko inov\u0101ciju un \u0123eopolitisko kr\u012b\u017eu \u2013 kontekst\u0101. Tiek uzsv\u0113rta nepiecie\u0161am\u012bba p\u0113c jaunie\u0161u \u00abbals\u012bm\u00bb un vi\u0146u pieredzes p\u0101rst\u0101vniec\u012bbas, lai jaunie\u0161i k\u013c\u016btu par p\u0101rmai\u0146u virz\u012bt\u0101jsp\u0113ku. Tiek izvirz\u012bts jaut\u0101jums par to, k\u0101 nodro\u0161in\u0101t autentisku un re\u0101lu jaunie\u0161u l\u012bdzdal\u012bbu, kur pieaugu\u0161ie dele\u0123\u0113 l\u0113mumu pie\u0146em\u0161anas ties\u012bbas, un k\u0101 pan\u0101kt, lai l\u012bdzdal\u012bba ir j\u0113gpilna, radot pozit\u012bvas p\u0101rmai\u0146as. Lai gan Latvij\u0101 ir pan\u0101kts progress jaunie\u0161u l\u012bdzdal\u012bbas veicin\u0101\u0161an\u0101, t\u0101 joproj\u0101m tiek uzskat\u012bta par nepietiekamu. Jaunie\u0161u l\u012bdzdal\u012bbas darb\u012bbas tiek atbalst\u012btas ar\u012b Eiropas l\u012bmen\u012b, rosinot gan apmai\u0146as, sadarb\u012bbas, kult\u016bras un pilsonisk\u0101s aktivit\u0101tes, gan digit\u0101lo r\u012bku izmanto\u0161anu. Nacion\u0101lais Jaunatnes forums, kas notiks 2025. gada 21. oktobr\u012b, ir viens no so\u013ciem, lai stiprin\u0101tu jaunie\u0161u balsi un nodro\u0161in\u0101tu, ka vi\u0146u perspekt\u012bvas tiek \u0146emtas v\u0113r\u0101 l\u0113mumu pie\u0146em\u0161an\u0101. P\u0113t\u012bjumi Latvij\u0101 nor\u0101da, ka bie\u017ei vien jaunie\u0161u l\u012bdzdal\u012bba izgl\u012bt\u012bbas iest\u0101d\u0113s un \u0101rpus t\u0101m ir form\u0101la un reiz\u0113m pat dekorat\u012bva, nevis autentiska un j\u0113gpilna.<\/p>\n<p>Iedz\u012bvot\u0101ju vajadz\u012bbas kult\u016bras nozar\u0113: izaicin\u0101jumi un risin\u0101jumi<\/p>\n<p>Viena no konferen\u010du s\u0113rijas dienas, 4. novembr\u012b, velt\u012bta diskusijai par \u00abKult\u016bras pakalpojumu grozs bud\u017eeta izdevumu samazin\u0101\u0161anas \u0113n\u0101\u00bb. Taj\u0101 eksperti, politikas veidot\u0101ji un pa\u0161vald\u012bbu p\u0101rst\u0101vji mekl\u0113s risin\u0101jumus, k\u0101 nodro\u0161in\u0101t kult\u016bras procesu daudzveid\u012bbu un p\u0113ctec\u012bbu laik\u0101, kad bud\u017eeta un dro\u0161\u012bbas priorit\u0101tes ierobe\u017eo resursus. Tiks apl\u016bkota valsts, pa\u0161vald\u012bbu un priv\u0101t\u0101 sektora sadarb\u012bba, kult\u016bras pied\u0101v\u0101juma daudzveid\u012bba un atbilst\u012bba iedz\u012bvot\u0101ju kult\u016bras vajadz\u012bb\u0101m Latvijas novados. \u0160\u012b konference tiek organiz\u0113ta valsts p\u0113t\u012bjumu programmas \u00abLatvijas kult\u016bra \u2013 resurss valsts att\u012bst\u012bbai\u00bb projekta \u00abLatvijas kult\u016bras ekosist\u0113ma k\u0101 resurss valsts iztur\u0113tsp\u0113jai un ilgtsp\u0113jai\u00bb ietvaros. P\u0113t\u012bjumi par kult\u016bras pat\u0113ri\u0146u un l\u012bdzdal\u012bbu Latvij\u0101 atkl\u0101j, ka akt\u012bv\u0101kie kult\u016bras baud\u012bt\u0101ji ir jaunie\u0161i un cilv\u0113ki ar augst\u0101ku izgl\u012bt\u012bbu un ien\u0101kumiem, kam\u0113r maz\u0101k akt\u012bvi ir vec\u0101ka gadag\u0101juma cilv\u0113ki, iedz\u012bvot\u0101ji lauku re\u0123ionos un personas ar zemiem ien\u0101kumiem. T\u0101d\u0113\u013c \u012bpa\u0161a uzman\u012bba tiek piev\u0113rsta kult\u016bras pieejam\u012bbas papla\u0161in\u0101\u0161anai, iesaistot ar\u012b soci\u0101li mazaizsarg\u0101t\u0101s iedz\u012bvot\u0101ju grupas. Latvijas iedz\u012bvot\u0101ji paudu\u0161i ba\u017eas par MI ietekmi uz rado\u0161umu un ikdienas sazi\u0146u, tom\u0113r sagaida uzlabojumus valsts un pa\u0161vald\u012bbu pakalpojumos.<\/p>\n<p>P\u0113tnieciskais darbs un kult\u016bras mantojums<\/p>\n<p>Konferen\u010du s\u0113rija \u00abKult\u016bras Krustpunkti\u00bb ir noz\u012bm\u012bga platforma zin\u0101tnisk\u0101s darb\u012bbas rezult\u0101tu teor\u0113tiskai un lieti\u0161\u0137ai aprob\u0101cijai, veicinot gan akad\u0113misko diskusiju, gan padzi\u013cinot izpratni par kult\u016bras un m\u0101kslas noz\u012bmi sabiedr\u012bb\u0101. T\u0101s m\u0113r\u0137is ir publiskot p\u0113t\u012bjumu rezult\u0101tus par starptautiski aktu\u0101l\u0101m kult\u016bras un m\u0101kslas probl\u0113m\u0101m. \u0160\u012b gada konferen\u010du s\u0113rij\u0101, kas notiek no 4. l\u012bdz 7. novembrim, notiks ar\u012b vair\u0101kas tematisk\u0101s sekcijas, kur\u0101s p\u0113tnieki un nozares speci\u0101listi dal\u012bsies savos p\u0113t\u012bjumu rezult\u0101tos, secin\u0101jumos un ierosin\u0101jumos. Tiek p\u0113t\u012bta gan skatuves un audiovizu\u0101l\u0101 m\u0101ksla, gan kult\u016bras mantojums, gan kult\u016bra un sabiedr\u012bba, k\u0101 ar\u012b kult\u016bru saskarsmes studijas un filozofija Latvij\u0101. 7. novembr\u012b LKA Gara m\u0101j\u0101 tiks atkl\u0101ta ar\u012b ce\u013cojo\u0161\u0101 izst\u0101de \u00abZin\u0101tne Latvijai 2025\u00bb, kas sniegs iesp\u0113ju iepaz\u012bt 12 Latvijas zin\u0101tnes person\u012bbas un vi\u0146u devumu sabiedr\u012bbas un p\u0113tniec\u012bbas att\u012bst\u012bb\u0101.<\/p>\n","protected":false},"excerpt":{"rendered":"Konferen\u010du s\u0113rija \u00abKult\u016bras Krustpunkti XIX\u00bb: M\u0101ksl\u012bgais intelekts, jaunie\u0161u l\u012bdzdal\u012bba un iedz\u012bvot\u0101ju vajadz\u012bbas kult\u016bras nozar\u0113 No 2025. gada 4.&hellip;\n","protected":false},"author":2,"featured_media":25663,"comment_status":"","ping_status":"","sticky":false,"template":"","format":"standard","meta":{"footnotes":""},"categories":[5],"tags":[23,28,29,32,33,22,8014,7565,8013,6628,30,31,35,39,38,36,37,34,40,87,20,26,27,24,25,21],"class_list":{"0":"post-25662","1":"post","2":"type-post","3":"status-publish","4":"format-standard","5":"has-post-thumbnail","7":"category-aktualitates","8":"tag-aktualitates","9":"tag-breaking-news","10":"tag-breakingnews","11":"tag-featured-news","12":"tag-featurednews","13":"tag-headlines","14":"tag-iedzivotaju-vajadzibas","15":"tag-jauniesu-lidzdaliba","16":"tag-kulturas-krustpunkti-xix","17":"tag-kulturas-nozare","18":"tag-latest-news","19":"tag-latestnews","20":"tag-latvia","21":"tag-latvian","22":"tag-latviesu","23":"tag-latviesu-valoda","24":"tag-latviesuvaloda","25":"tag-latvija","26":"tag-lv","27":"tag-maksligais-intelekts","28":"tag-news","29":"tag-popularakas-zinas","30":"tag-popularakaszinas","31":"tag-top-stories","32":"tag-topstories","33":"tag-zinas"},"share_on_mastodon":{"url":"","error":""},"_links":{"self":[{"href":"https:\/\/www.europesays.com\/lv\/wp-json\/wp\/v2\/posts\/25662","targetHints":{"allow":["GET"]}}],"collection":[{"href":"https:\/\/www.europesays.com\/lv\/wp-json\/wp\/v2\/posts"}],"about":[{"href":"https:\/\/www.europesays.com\/lv\/wp-json\/wp\/v2\/types\/post"}],"author":[{"embeddable":true,"href":"https:\/\/www.europesays.com\/lv\/wp-json\/wp\/v2\/users\/2"}],"replies":[{"embeddable":true,"href":"https:\/\/www.europesays.com\/lv\/wp-json\/wp\/v2\/comments?post=25662"}],"version-history":[{"count":0,"href":"https:\/\/www.europesays.com\/lv\/wp-json\/wp\/v2\/posts\/25662\/revisions"}],"wp:featuredmedia":[{"embeddable":true,"href":"https:\/\/www.europesays.com\/lv\/wp-json\/wp\/v2\/media\/25663"}],"wp:attachment":[{"href":"https:\/\/www.europesays.com\/lv\/wp-json\/wp\/v2\/media?parent=25662"}],"wp:term":[{"taxonomy":"category","embeddable":true,"href":"https:\/\/www.europesays.com\/lv\/wp-json\/wp\/v2\/categories?post=25662"},{"taxonomy":"post_tag","embeddable":true,"href":"https:\/\/www.europesays.com\/lv\/wp-json\/wp\/v2\/tags?post=25662"}],"curies":[{"name":"wp","href":"https:\/\/api.w.org\/{rel}","templated":true}]}}