{"id":25666,"date":"2025-10-19T23:39:11","date_gmt":"2025-10-19T23:39:11","guid":{"rendered":"https:\/\/www.europesays.com\/lv\/25666\/"},"modified":"2025-10-19T23:39:11","modified_gmt":"2025-10-19T23:39:11","slug":"finansu-stabilitate-un-drosiba-prioritaras-jomas-lente-lv","status":"publish","type":"post","link":"https:\/\/www.europesays.com\/lv\/25666\/","title":{"rendered":"finan\u0161u stabilit\u0101te un dro\u0161\u012bba priorit\u0101r\u0101s jom\u0101s\u00a0\u2014\u00a0Lente.lv"},"content":{"rendered":"<p>Valsts bud\u017eeta izskat\u012b\u0161ana Saeim\u0101: Finan\u0161u stabilit\u0101te k\u0101 galven\u0101 priorit\u0101te<\/p>\n<p>\u0160odien, 16. oktobr\u012b, Saeima steidzam\u012bbas k\u0101rt\u0101 uzs\u0101kusi debates par n\u0101kam\u0101 gada valsts bud\u017eeta projektu, kas paredz b\u016btiskus akcentus uz finan\u0161u stabilit\u0101ti, nevis jauniem t\u0113ri\u0146iem. K\u0101 uzsv\u0113rusi Saeimas Bud\u017eeta un finan\u0161u (nodok\u013cu) komisijas priek\u0161s\u0113d\u0113t\u0101ja Anda \u010cak\u0161a, viens no galvenajiem m\u0113r\u0137iem ir valsts par\u0101da mazin\u0101\u0161ana, nevis t\u0101 palielin\u0101\u0161ana. \u0160is stingrais princips noz\u012bm\u0113, ka jebkuri jauni priek\u0161likumi vai izdevumu palielin\u0101jumi b\u016bs iesp\u0113jami vien\u012bgi tad, ja izdosies p\u0101rvirz\u012bt l\u012bdzek\u013cus no cit\u0101m bud\u017eeta poz\u012bcij\u0101m vai samazin\u0101t izdevumus eso\u0161aj\u0101s jom\u0101s. \u010cak\u0161a atzina, ka naudas vis\u0101m vajadz\u012bb\u0101m nepietiek, un tie\u0161i \u0161is aspekts ir viens no galvenajiem izaicin\u0101jumiem, par ko b\u016btu nepiecie\u0161ama pla\u0161\u0101ka diskusija sabiedr\u012bb\u0101.<\/p>\n<p>Bud\u017eeta priorit\u0101tes un izaicin\u0101jumi<\/p>\n<p>Anda \u010cak\u0161a intervij\u0101 Latvijas Telev\u012bzijas raid\u012bjumam &#8220;R\u012bta panor\u0101ma&#8221; nor\u0101d\u012bja, ka 2026. gada valsts bud\u017eeta projekts ir r\u016bp\u012bgi j\u0101izv\u0113rt\u0113, lai gan process neb\u016bs viegls. Vi\u0146a aicin\u0101ja koal\u012bcijas partnerus samazin\u0101t savstarp\u0113jos str\u012bdus un koncentr\u0113ties uz ekonomisk\u0101s izaugsmes veicin\u0101\u0161anu, uzsverot nepiecie\u0161am\u012bbu p\u0113c skaidras strat\u0113\u0123ijas, kas v\u0113rsta uz kop\u012bgu m\u0113r\u0137u sasnieg\u0161anu, nevis savstarp\u0113ju kritiku. Finan\u0161u ministrs Arvils A\u0161eradens \u0161o bud\u017eetu raksturojis k\u0101 &#8220;dro\u0161\u0101kas n\u0101kotnes bud\u017eetu&#8221;, ar iev\u0113rojamiem ieguld\u012bjumiem dro\u0161\u012bbas stiprin\u0101\u0161an\u0101, aizsardz\u012bbas infrastrukt\u016bras att\u012bst\u012bb\u0101 un kiberdro\u0161\u012bb\u0101. Kopum\u0101 vald\u012bbas apstiprin\u0101tais 2026. gada valsts bud\u017eeta projekts paredz konsolid\u0113t\u0101 bud\u017eeta ie\u0146\u0113mumus 16,064 miljardu eiro apm\u0113r\u0101 un izdevumus 17,945 miljardu eiro apm\u0113r\u0101. Valsts dro\u0161\u012bbas stiprin\u0101\u0161anai novirz\u012bti 448,3 miljoni eiro.<\/p>\n<p>Soci\u0101l\u0101 atbalsta stiprin\u0101\u0161ana un ekonomisk\u0101 izaugsme<\/p>\n<p>Bud\u017eeta projekt\u0101 paredz\u0113tas ar\u012b b\u016btiskas izmai\u0146as, kas skar atbalstu \u0123imen\u0113m ar b\u0113rniem. Vienreiz\u0113jais b\u0113rna piedzim\u0161anas pabalsts tiks palielin\u0101ts no 421,17 l\u012bdz 600 eiro, savuk\u0101rt b\u0113rna kop\u0161anas pabalsts pieaugs no 171 l\u012bdz 298 eiro m\u0113nes\u012b. Vesel\u012bbas apr\u016bpes jom\u0101 pl\u0101nots novirz\u012bt papildu l\u012bdzek\u013cus, \u012bpa\u0161i koncentr\u0113joties uz m\u0101tes un b\u0113rna vesel\u012bbas uzlabo\u0161anu \u2013 tam paredz\u0113ti 20,9 miljoni eiro. Papildus tam, 9,6 miljoni eiro tiks pie\u0161\u0137irti farmaceita pakalpojumu kompens\u0101cijai par recep\u0161u medikamentiem, kuru cena nep\u0101rsniedz 10 eiro, un v\u0113l 4 miljoni eiro \u2013 paliat\u012bv\u0101s vesel\u012bbas apr\u016bpes nodro\u0161in\u0101\u0161anai. Tiek prognoz\u0113ts, ka Eiropas Savien\u012bbas fondu invest\u012bcijas p\u0101rsniegs vienu miljardu eiro, kas, saglab\u0101joties v\u0113sturiski augst\u0101 l\u012bmen\u012b, veicin\u0101s Latvijas ekonomikas izaugsmi. Tas ir k\u0101 stabilu pamatu lik\u0161ana n\u0101kotnes m\u0101jai \u2013 ja pamats ir stabils, visa \u0113ka tur\u0113sies, bet, ja v\u0101j\u0161, visa \u0113ka var sabrukt.<\/p>\n<p>Bud\u017eeta pie\u0146em\u0161anas process un n\u0101kotnes perspekt\u012bvas<\/p>\n<p>Saeimas \u0101rk\u0101rtas s\u0113de, kas velt\u012bta bud\u017eeta projekta izskat\u012b\u0161anai, norisin\u0101s nepilnas pusotras stundas laik\u0101, ta\u010du tas nenoz\u012bm\u0113, ka l\u0113mumi tiek pie\u0146emti bez r\u016bp\u012bgas izv\u0113rt\u0113\u0161anas. Deput\u0101ti nodeva bud\u017eeta projektu un t\u0101 pavado\u0161os likumprojektu paketi komisij\u0101m izskat\u012b\u0161anai. Opoz\u012bcija gan pau\u017e ba\u017eas par iesp\u0113jamu &#8220;halt\u016bru&#8221; un nepietiekamu detaliz\u0101ciju, \u012bpa\u0161i attiec\u012bb\u0101 uz izdienas pensij\u0101m un izgl\u012bt\u012bbas reformu finans\u0113jumu. Savuk\u0101rt koal\u012bcija sola r\u016bp\u012bgi revid\u0113t t\u0113ri\u0146us un nodro\u0161in\u0101t finan\u0161u discipl\u012bnu. \u010cak\u0161a uzsv\u0113ra, ka ir svar\u012bgi ne tikai \u012bstenot bud\u017eeta pl\u0101nu, bet ar\u012b stingri iev\u0113rot finan\u0161u discipl\u012bnu turpm\u0101kajos gados, lai nodro\u0161in\u0101tu valsts att\u012bst\u012bbu un labkl\u0101j\u012bbu visiem iedz\u012bvot\u0101jiem. Lai gan pasaules notikumi rada sv\u0101rst\u012bbas finan\u0161u tirgos, kred\u012btiest\u0101\u017eu sp\u0113ja absorb\u0113t \u0161okus ir laba, nodro\u0161inot pakalpojumu nep\u0101rtraukt\u012bbu.<\/p>\n","protected":false},"excerpt":{"rendered":"Valsts bud\u017eeta izskat\u012b\u0161ana Saeim\u0101: Finan\u0161u stabilit\u0101te k\u0101 galven\u0101 priorit\u0101te \u0160odien, 16. oktobr\u012b, Saeima steidzam\u012bbas k\u0101rt\u0101 uzs\u0101kusi debates par&hellip;\n","protected":false},"author":2,"featured_media":25667,"comment_status":"","ping_status":"","sticky":false,"template":"","format":"standard","meta":{"footnotes":""},"categories":[5],"tags":[23,1767,28,29,8016,32,33,8015,22,30,31,35,39,38,36,37,34,40,20,26,27,141,24,25,331,21],"class_list":{"0":"post-25666","1":"post","2":"type-post","3":"status-publish","4":"format-standard","5":"has-post-thumbnail","7":"category-aktualitates","8":"tag-aktualitates","9":"tag-anda-caksa","10":"tag-breaking-news","11":"tag-breakingnews","12":"tag-ekonomiska-izaugsme","13":"tag-featured-news","14":"tag-featurednews","15":"tag-finansu-stabilitate","16":"tag-headlines","17":"tag-latest-news","18":"tag-latestnews","19":"tag-latvia","20":"tag-latvian","21":"tag-latviesu","22":"tag-latviesu-valoda","23":"tag-latviesuvaloda","24":"tag-latvija","25":"tag-lv","26":"tag-news","27":"tag-popularakas-zinas","28":"tag-popularakaszinas","29":"tag-saeima","30":"tag-top-stories","31":"tag-topstories","32":"tag-valsts-budzets","33":"tag-zinas"},"share_on_mastodon":{"url":"","error":""},"_links":{"self":[{"href":"https:\/\/www.europesays.com\/lv\/wp-json\/wp\/v2\/posts\/25666","targetHints":{"allow":["GET"]}}],"collection":[{"href":"https:\/\/www.europesays.com\/lv\/wp-json\/wp\/v2\/posts"}],"about":[{"href":"https:\/\/www.europesays.com\/lv\/wp-json\/wp\/v2\/types\/post"}],"author":[{"embeddable":true,"href":"https:\/\/www.europesays.com\/lv\/wp-json\/wp\/v2\/users\/2"}],"replies":[{"embeddable":true,"href":"https:\/\/www.europesays.com\/lv\/wp-json\/wp\/v2\/comments?post=25666"}],"version-history":[{"count":0,"href":"https:\/\/www.europesays.com\/lv\/wp-json\/wp\/v2\/posts\/25666\/revisions"}],"wp:featuredmedia":[{"embeddable":true,"href":"https:\/\/www.europesays.com\/lv\/wp-json\/wp\/v2\/media\/25667"}],"wp:attachment":[{"href":"https:\/\/www.europesays.com\/lv\/wp-json\/wp\/v2\/media?parent=25666"}],"wp:term":[{"taxonomy":"category","embeddable":true,"href":"https:\/\/www.europesays.com\/lv\/wp-json\/wp\/v2\/categories?post=25666"},{"taxonomy":"post_tag","embeddable":true,"href":"https:\/\/www.europesays.com\/lv\/wp-json\/wp\/v2\/tags?post=25666"}],"curies":[{"name":"wp","href":"https:\/\/api.w.org\/{rel}","templated":true}]}}