{"id":25674,"date":"2025-10-19T23:52:14","date_gmt":"2025-10-19T23:52:14","guid":{"rendered":"https:\/\/www.europesays.com\/lv\/25674\/"},"modified":"2025-10-19T23:52:14","modified_gmt":"2025-10-19T23:52:14","slug":"aleksandra-kurusova-negaiditi-atklaj-vinai-ir-virietis-lente-lv","status":"publish","type":"post","link":"https:\/\/www.europesays.com\/lv\/25674\/","title":{"rendered":"Aleksandra Kurusova negaid\u012bti atkl\u0101j: vi\u0146ai ir v\u012brietis!\u00a0\u2014\u00a0Lente.lv"},"content":{"rendered":"<p>Aleksandra Kurusova atkl\u0101j \u2013 vi\u0146ai ir sirds\u0101nietis!<\/p>\n<p>P\u0113d\u0113j\u0101 laik\u0101 daudz uzman\u012bbas medijos tiek piev\u0113rsts slaven\u012bbu person\u012bgajai dz\u012bvei, un viena no t\u0101m, kas rad\u012bjusi interesi, ir bijus\u012b dejot\u0101ja un tagad\u0113j\u0101 batutu fitnesa trenere Aleksandra Kurusova. \u0160ova &#8220;Slaven\u012bbas. Bez filtra&#8221; jaun\u0101kaj\u0101 s\u0113rij\u0101, tiekoties ar dzied\u0101t\u0101ju un telev\u012bzijas person\u012bbu Roberto Meloni, Aleksandra negaid\u012bti atkl\u0101ja k\u0101du \u013coti person\u012bgu zi\u0146u \u2013 vi\u0146ai ir v\u012brietis! \u0160is atkl\u0101jums, kas izskan\u0113ja sarunas laik\u0101, kam\u0113r abi kop\u012bgi cepa picu un dal\u012bj\u0101s dz\u012bvesst\u0101stos R\u012bgas centr\u0101, uzreiz k\u013cuva par dienas aktualit\u0101ti.<\/p>\n<p>Jauns s\u0101kums un dz\u012bves priorit\u0101tes<\/p>\n<p>Aleksandras atz\u012b\u0161an\u0101s neizskan\u0113ja ar lielu pompu, bet gan viegli un nep\u0101rprotami, signaliz\u0113jot par jaunu lappusi vi\u0146as dz\u012bv\u0113. Tas iez\u012bm\u0113 stabilit\u0101ti priv\u0101taj\u0101 dz\u012bv\u0113, kas tagad papildina vi\u0146as karjeru un pa\u0161saj\u016btu. Roberto Meloni, kur\u0161 par \u0161o zi\u0146u neko iepriek\u0161 nebija zin\u0101jis, rea\u0123\u0113ja ar p\u0101rsteigumu, ta\u010du \u0101tri vien pie\u0146\u0113ma situ\u0101ciju, jokojot, ka abi neko nav mekl\u0113ju\u0161i, jo viss jau ir atrasts. \u0160\u012b atkl\u0101sme uzsver Aleksandras v\u0113lmi veidot \u0123imeni un b\u0113rnus, kas ir dabiska jebkuram cilv\u0113kam, ta\u010du vi\u0146a uzsver, ka darbs joproj\u0101m ir \u013coti svar\u012bgs.<\/p>\n<p>Kurusova ir paudusi, ka vi\u0146a nev\u0113las k\u013c\u016bt par pilna laika m\u0101jsaimnieci; vi\u0146ai pat\u012bk str\u0101d\u0101t un b\u016bt akt\u012bvai. Tom\u0113r vi\u0146a sap\u0146o par b\u0113rniem, un ide\u0101laj\u0101 gad\u012bjum\u0101 \u0161is mazais cilv\u0113ci\u0146\u0161 b\u016btu l\u012bdz\u0101s vi\u0146ai gandr\u012bz visur. Tas nor\u0101da uz re\u0101listisku pieeju, kur person\u012bg\u0101 dz\u012bve un karjera tiek pl\u0101notas l\u012bdz\u0101s, nevis viena otra viet\u0101.<\/p>\n<p>Atgrie\u0161an\u0101s ekr\u0101n\u0101 un publisk\u0101 balss<\/p>\n<p>P\u0113c pavasara un vasaras Aleksandra pak\u0101peniski atgriez\u0101s telev\u012bzijas aprit\u0113. Soci\u0101lajos t\u012bklos un intervij\u0101s vi\u0146a ir run\u0101jusi par to, k\u0101 p\u0113c \u010detrdesmit gadu sliek\u0161\u0146a dz\u012bve k\u013c\u016bst mier\u012bg\u0101ka, k\u0101 att\u012bst\u0101s sp\u0113ja klaus\u012bties un atteikties no nevajadz\u012bg\u0101, un k\u0101 mazin\u0101s v\u0113lme izpatikt visiem. \u0160\u012b pieaugu\u0161\u0101 perspekt\u012bva ir j\u016btama ar\u012b jaun\u0101kaj\u0101 \u0161ova epizod\u0113, kur vi\u0146as pazi\u0146ojums par attiec\u012bb\u0101m nav uztverts k\u0101 skand\u0101ls, bet gan k\u0101 lo\u0123isks turpin\u0101jums vi\u0146as dz\u012bvesst\u0101stam.<\/p>\n<p>Publica interese par Aleksandru nav saist\u012bta tikai ar vi\u0146as darbu telev\u012bzij\u0101, bet ar\u012b ar vi\u0146as atkl\u0101t\u012bbu par savas ikdienas p\u0101rb\u016bvi. Vi\u0146a dal\u0101s pieredz\u0113 par to, k\u0101 ne\u013caut citu viedok\u013ciem ietekm\u0113t pa\u0161saj\u016btu, k\u0101 uztur\u0113t savu ritmu un k\u0101 atrast laiku atp\u016btai. Zi\u0146a par attiec\u012bb\u0101m \u0161aj\u0101 kontekst\u0101 ir k\u0101 punkts uz \u201ci\u201d, padarot vi\u0146as st\u0101stu pilnv\u0113rt\u012bg\u0101ku. T\u0101 nav ide\u0101la bildes demonstr\u0113\u0161ana, bet gan solis, kas harmon\u0113 ar to, ko vi\u0146a jau k\u0101du laiku ir paudusi un dar\u012bjusi.<\/p>\n<p>Pag\u0101tnes pieredzes un n\u0101kotnes perspekt\u012bvas<\/p>\n<p>Aleksandras Kurusovas ce\u013c\u0161 l\u012bdz \u0161im ir bijis gana kr\u0101sains. K\u0101dreiz\u0113j\u0101 dejot\u0101ja, kas ieguva atpaz\u012bstam\u012bbu, uzvarot \u0161ov\u0101 &#8220;Dejo ar zvaigzni&#8221; kop\u0101 ar Lauri Reiniku pirms desmit gadiem, jau k\u0101du laiku dz\u012bvojusi Singap\u016br\u0101, kur ne tikai str\u0101d\u0101jusi, bet ar\u012b izveidojusi attiec\u012bbas. Tas liecina par vi\u0146as sp\u0113ju piel\u0101goties un veidot jaunus sakarus da\u017e\u0101d\u0101s pasaules viet\u0101s. Atgrie\u017eoties Latvij\u0101, vi\u0146a ir sask\u0101rusies ar\u012b ar da\u017e\u0101diem sabiedr\u012bbas viedok\u013ciem, piem\u0113ram, par savu svaru, ta\u010du vi\u0146a ir m\u0101c\u012bjusies to uztvert k\u0101 da\u013cu no rekl\u0101mas, pat ja t\u0101 ir negat\u012bva.<\/p>\n<p>Vi\u0146as publisk\u0101 atkl\u0101t\u012bba par person\u012bg\u0101s dz\u012bves p\u0101rmai\u0146\u0101m un gatav\u012bbu dal\u012bties ar sav\u0101m dom\u0101m par da\u017e\u0101diem dz\u012bves aspektiem, s\u0101kot no skaistuma standartiem l\u012bdz pat attiec\u012bbu dinamikai, padara vi\u0146u par interesantu un saisto\u0161u person\u012bbu. Vi\u0146a nebaid\u0101s no m\u0101ksl\u012bg\u0101 skaistuma elementiem, piem\u0113ram, pieaudz\u0113tiem matiem vai skropst\u0101m, uzskatot, ka tie var uzlabot pa\u0161saj\u016btu un p\u0101rliec\u012bbu par sevi. Vi\u0146as pieeja dz\u012bvei ir pragmatiska un reiz\u0113 ar\u012b sap\u0146aina, mekl\u0113jot l\u012bdzsvaru starp realit\u0101ti un person\u012bgaj\u0101m v\u0113lm\u0113m.<\/p>\n","protected":false},"excerpt":{"rendered":"Aleksandra Kurusova atkl\u0101j \u2013 vi\u0146ai ir sirds\u0101nietis! P\u0113d\u0113j\u0101 laik\u0101 daudz uzman\u012bbas medijos tiek piev\u0113rsts slaven\u012bbu person\u012bgajai dz\u012bvei, un&hellip;\n","protected":false},"author":2,"featured_media":25675,"comment_status":"","ping_status":"","sticky":false,"template":"","format":"standard","meta":{"footnotes":""},"categories":[19],"tags":[260,262,89,90,381,35,39,38,36,37,34,40,6852,95],"class_list":{"0":"post-25674","1":"post","2":"type-post","3":"status-publish","4":"format-standard","5":"has-post-thumbnail","7":"category-izklaide","8":"tag-aleksandra-kurusova","9":"tag-attiecibas","10":"tag-entertainment","11":"tag-izklaide","12":"tag-jaunumi","13":"tag-latvia","14":"tag-latvian","15":"tag-latviesu","16":"tag-latviesu-valoda","17":"tag-latviesuvaloda","18":"tag-latvija","19":"tag-lv","20":"tag-roberto-meloni","21":"tag-slavenibas-bez-filtra"},"share_on_mastodon":{"url":"","error":""},"_links":{"self":[{"href":"https:\/\/www.europesays.com\/lv\/wp-json\/wp\/v2\/posts\/25674","targetHints":{"allow":["GET"]}}],"collection":[{"href":"https:\/\/www.europesays.com\/lv\/wp-json\/wp\/v2\/posts"}],"about":[{"href":"https:\/\/www.europesays.com\/lv\/wp-json\/wp\/v2\/types\/post"}],"author":[{"embeddable":true,"href":"https:\/\/www.europesays.com\/lv\/wp-json\/wp\/v2\/users\/2"}],"replies":[{"embeddable":true,"href":"https:\/\/www.europesays.com\/lv\/wp-json\/wp\/v2\/comments?post=25674"}],"version-history":[{"count":0,"href":"https:\/\/www.europesays.com\/lv\/wp-json\/wp\/v2\/posts\/25674\/revisions"}],"wp:featuredmedia":[{"embeddable":true,"href":"https:\/\/www.europesays.com\/lv\/wp-json\/wp\/v2\/media\/25675"}],"wp:attachment":[{"href":"https:\/\/www.europesays.com\/lv\/wp-json\/wp\/v2\/media?parent=25674"}],"wp:term":[{"taxonomy":"category","embeddable":true,"href":"https:\/\/www.europesays.com\/lv\/wp-json\/wp\/v2\/categories?post=25674"},{"taxonomy":"post_tag","embeddable":true,"href":"https:\/\/www.europesays.com\/lv\/wp-json\/wp\/v2\/tags?post=25674"}],"curies":[{"name":"wp","href":"https:\/\/api.w.org\/{rel}","templated":true}]}}