{"id":25712,"date":"2025-10-20T01:39:09","date_gmt":"2025-10-20T01:39:09","guid":{"rendered":"https:\/\/www.europesays.com\/lv\/25712\/"},"modified":"2025-10-20T01:39:09","modified_gmt":"2025-10-20T01:39:09","slug":"ir-pienacis-bridis-pienemt-lemumu-par-pievienosanos-es-lente-lv","status":"publish","type":"post","link":"https:\/\/www.europesays.com\/lv\/25712\/","title":{"rendered":"&#8220;Ir pien\u0101cis br\u012bdis pie\u0146emt l\u0113mumu par pievieno\u0161anos ES&#8221;\u00a0\u2014\u00a0Lente.lv"},"content":{"rendered":"<p>Eiropas Komisijas prezidentes aicin\u0101jums Serbijai: Laiks iz\u0161\u0137irtai ce\u013c\u0101 uz ES<\/p>\n<p>Belgrad\u0101, 2025. gada 15. oktobr\u012b, Eiropas Komisijas prezidente Urzula fon der Leiena uzsv\u0113ra Serbijas nepiecie\u0161am\u012bbu stingri iz\u0161\u0137irties par savu turpm\u0101ko ce\u013cu uz Eiropas Savien\u012bbu (ES). Viz\u012btes laik\u0101, tiekoties ar Serbijas prezidentu Aleksandru Vu\u010di\u010du, fon der Leiena pauda stingru aicin\u0101jumu Serbijai &#8220;konkretiz\u0113t&#8221; savu v\u0113lmi pievienoties blokam, uzsverot, ka ir pien\u0101cis br\u012bdis, kad j\u0101redz taust\u0101mi rezult\u0101ti reformu jom\u0101. \u0160is aicin\u0101jums izskan\u0113ja laik\u0101, kad Serbijas pievieno\u0161an\u0101s process ES ir sask\u0101ries ar stagn\u0101ciju, galvenok\u0101rt saist\u012bb\u0101 ar nepiecie\u0161am\u012bbu veikt fundament\u0101las reformas tiesiskuma, v\u0113l\u0113\u0161anu sist\u0113mas un mediju br\u012bv\u012bbas jom\u0101.<\/p>\n<p>Reformu steidzam\u012bba un \u0101rpolitikas saska\u0146o\u0161ana<\/p>\n<p>Fon der Leiena uzsv\u0113ra, ka dal\u012bba Eiropas Savien\u012bb\u0101 ir ne tikai pied\u0101v\u0101jums, bet ar\u012b sol\u012bjums par mieru, labkl\u0101j\u012bbu un solidarit\u0101ti, kas Serbijai, s\u0101kot savu ce\u013cu uz ES pirms div\u0101m desmitgad\u0113m, ir k\u013cuvis v\u0113l svar\u012bg\u0101ks main\u012bgaj\u0101 pasaules situ\u0101cijas d\u0113\u013c. Vi\u0146a nor\u0101d\u012bja uz nepiecie\u0161am\u012bbu p\u0113c liel\u0101kas saska\u0146ot\u012bbas ES \u0101rpolitik\u0101, \u012bpa\u0161i attiec\u012bb\u0101 uz sankcij\u0101m pret Krieviju. Lai gan vi\u0146a atzin\u012bgi nov\u0113rt\u0113ja Serbijas l\u012bdz\u0161in\u0113jo 61% saska\u0146ot\u012bbu, vi\u0146a uzsv\u0113ra, ka nepiecie\u0161ams vair\u0101k, lai Serbija var\u0113tu tikt uzskat\u012bta par uzticamu partneri. Prezidente ar\u012b piemin\u0113ja, ka valst\u012bm, kas v\u0113las pievienoties ES, ir j\u0101demonstr\u0113 gatav\u012bba st\u0101v\u0113t kop\u0101 ar Savien\u012bbu, \u012bpa\u0161i kr\u012bzes situ\u0101cij\u0101s, k\u0101 par\u0101d\u012bja 2022. gada ener\u0123\u0113tikas kr\u012bze, kad ES sniedza atbalstu Rietumu Balk\u0101nu partneriem.<\/p>\n<p>Realit\u0101te un izaicin\u0101jumi Serbijas ce\u013c\u0101 uz ES<\/p>\n<p>Neraugoties uz Serbijas prezidenta Aleksandra Vu\u010di\u010da apliecin\u0101jumiem par uztic\u012bbu ES integr\u0101cijas m\u0113r\u0137im, ir skaidrs, ka ce\u013c\u0161 uz pilnties\u012bgu dal\u012bbu ir pilns ar izaicin\u0101jumiem. Kop\u0161 2021. gada decembra Serbija nav atv\u0113rusi nevienu jaunu sarunu noda\u013cu, jo progresa tr\u016bkums ir ac\u012bmredzams fundament\u0101lo reformu jom\u0101, k\u0101 ar\u012b attiec\u012bb\u0101s ar Kosovu un saska\u0146o\u0161an\u0101 ar ES \u0101rpolitiku. Situ\u0101ciju v\u0113l vair\u0101k sare\u017e\u0123\u012b Krievijas agresijas Ukrain\u0101 d\u0113\u013c pastiprin\u0101tais spiediens uz kandid\u0101tvalst\u012bm piln\u012bb\u0101 saska\u0146ot savu \u0101rpolitiku ar ES nost\u0101ju. Probl\u0113mas rada ar\u012b nepietiekama progresa nodro\u0161in\u0101\u0161ana tiesiskuma, v\u0113l\u0113\u0161anu sist\u0113mas un mediju br\u012bv\u012bbas jom\u0101, kas ir bijis par pamatu ar\u012b ieilgu\u0161iem protestiem valst\u012b. Piem\u0113ram, reformas, ko Serbija apsol\u012bja \u012bstenot pag\u0101ju\u0161\u0101 gada decembr\u012b, lai atv\u0113rtu jaunu sai\u0161\u0137i ar ES, tostarp jauna mediju regulatora iev\u0113l\u0113\u0161ana un v\u0113l\u0113t\u0101ju re\u0123istra p\u0101rskat\u012b\u0161ana, v\u0113l nav \u012bstenoju\u0161\u0101s.<\/p>\n<p>Tiesiskums, v\u0113l\u0113\u0161anu sist\u0113ma un mediju br\u012bv\u012bba \u2013 reformas, kas prasa paciet\u012bbu<\/p>\n<p>Ursu\u013ca fon der Leiena \u012bpa\u0161i uzsv\u0113ra nepiecie\u0161am\u012bbu p\u0113c progresa tiesiskuma, v\u0113l\u0113\u0161anu sist\u0113mas un mediju br\u012bv\u012bbas jom\u0101. Vi\u0146a atzina, ka \u0161\u012bs reformas nav vieglas un prasa paciet\u012bbu un iztur\u012bbu, ta\u010du uzsv\u0113ra, ka t\u0101s ir t\u0101 v\u0113rtas, jo tuvin\u0101s Serbiju t\u0101s izvirz\u012btajam m\u0113r\u0137im. Vi\u0146a ar\u012b atzin\u012bgi nov\u0113rt\u0113ja nesen\u0101s p\u016bles Serbij\u0101, lai stiprin\u0101tu demokr\u0101tisk\u0101s instit\u016bcijas, pieminot vienot\u0101 v\u0113l\u0113t\u0101ju re\u0123istra izveidi un iecel\u0161anu Elektronisk\u0101s mediju regul\u0113\u0161anas komisijas vald\u0113. Tom\u0113r vi\u0146a ar\u012b nor\u0101d\u012bja, ka neatkar\u012bba no politisk\u0101s kontroles mediju regulator\u0101 v\u0113l nav sasniegta. \u0160\u012bs reformas, lai ar\u012b ne\u0161\u0137iet vieglas, ir fundament\u0101las ne tikai ce\u013c\u0101 uz ES dal\u012bbu, bet ar\u012b stabila un mier\u012bga sabiedr\u012bbas pamatu veido\u0161an\u0101.<\/p>\n<p>N\u0101kotnes perspekt\u012bvas un partner\u012bba<\/p>\n<p>Neskatoties uz \u0161\u0137\u0113r\u0161\u013ciem, Eiropas Komisijas prezidentes viz\u012bte uzsver ES gatav\u012bbu turpin\u0101t dialogu un sadarb\u012bbu. Pl\u0101nots, ka gan fon der Leiena, gan prezidents Vu\u010di\u010ds m\u0113ne\u0161a laik\u0101 Brisel\u0113 tiksies atk\u0101rtoti, lai nov\u0113rt\u0113tu pan\u0101kto progresu. Tiek uzsv\u0113rta ar\u012b ES ieguld\u012bjumu noz\u012bme Serbijas att\u012bst\u012bb\u0101, tostarp ener\u0123\u0113tikas infrastrukt\u016bras projekti, piem\u0113ram, Trans-Balk\u0101nu sp\u0113ka koridors un Serbijas\u2013Bulg\u0101rijas g\u0101zes starpsavienojums, kas pal\u012bdz\u0113s nodro\u0161in\u0101t ener\u0123\u0113tisko dro\u0161\u012bbu un savienos Serbiju ar ES ener\u0123ijas tirgiem. \u0160ie projekti un kop\u0113jie centieni stiprin\u0101t stabilit\u0101ti un mieru re\u0123ion\u0101 ir svar\u012bgi sign\u0101li par turpm\u0101ku sadarb\u012bbu. Tom\u0113r galvenais v\u0113st\u012bjums paliek nemain\u012bgs: Serbijai ir j\u0101par\u0101da re\u0101ls un taust\u0101ms progress, lai piepild\u012btu savu Eiropas n\u0101kotnes v\u012bziju.<\/p>\n","protected":false},"excerpt":{"rendered":"Eiropas Komisijas prezidentes aicin\u0101jums Serbijai: Laiks iz\u0161\u0137irtai ce\u013c\u0101 uz ES Belgrad\u0101, 2025. gada 15. oktobr\u012b, Eiropas Komisijas prezidente&hellip;\n","protected":false},"author":2,"featured_media":25713,"comment_status":"","ping_status":"","sticky":false,"template":"","format":"standard","meta":{"footnotes":""},"categories":[5],"tags":[23,8033,28,29,512,8034,32,33,22,30,31,35,39,38,36,37,34,40,20,26,27,8032,24,25,5507,21],"class_list":{"0":"post-25712","1":"post","2":"type-post","3":"status-publish","4":"format-standard","5":"has-post-thumbnail","7":"category-aktualitates","8":"tag-aktualitates","9":"tag-aleksandrs-vucics","10":"tag-breaking-news","11":"tag-breakingnews","12":"tag-eiropas-komisija","13":"tag-es-paplasinasanas","14":"tag-featured-news","15":"tag-featurednews","16":"tag-headlines","17":"tag-latest-news","18":"tag-latestnews","19":"tag-latvia","20":"tag-latvian","21":"tag-latviesu","22":"tag-latviesu-valoda","23":"tag-latviesuvaloda","24":"tag-latvija","25":"tag-lv","26":"tag-news","27":"tag-popularakas-zinas","28":"tag-popularakaszinas","29":"tag-serbijas-pievienosanas-es","30":"tag-top-stories","31":"tag-topstories","32":"tag-urzula-fon-der-leiena","33":"tag-zinas"},"share_on_mastodon":{"url":"","error":""},"_links":{"self":[{"href":"https:\/\/www.europesays.com\/lv\/wp-json\/wp\/v2\/posts\/25712","targetHints":{"allow":["GET"]}}],"collection":[{"href":"https:\/\/www.europesays.com\/lv\/wp-json\/wp\/v2\/posts"}],"about":[{"href":"https:\/\/www.europesays.com\/lv\/wp-json\/wp\/v2\/types\/post"}],"author":[{"embeddable":true,"href":"https:\/\/www.europesays.com\/lv\/wp-json\/wp\/v2\/users\/2"}],"replies":[{"embeddable":true,"href":"https:\/\/www.europesays.com\/lv\/wp-json\/wp\/v2\/comments?post=25712"}],"version-history":[{"count":0,"href":"https:\/\/www.europesays.com\/lv\/wp-json\/wp\/v2\/posts\/25712\/revisions"}],"wp:featuredmedia":[{"embeddable":true,"href":"https:\/\/www.europesays.com\/lv\/wp-json\/wp\/v2\/media\/25713"}],"wp:attachment":[{"href":"https:\/\/www.europesays.com\/lv\/wp-json\/wp\/v2\/media?parent=25712"}],"wp:term":[{"taxonomy":"category","embeddable":true,"href":"https:\/\/www.europesays.com\/lv\/wp-json\/wp\/v2\/categories?post=25712"},{"taxonomy":"post_tag","embeddable":true,"href":"https:\/\/www.europesays.com\/lv\/wp-json\/wp\/v2\/tags?post=25712"}],"curies":[{"name":"wp","href":"https:\/\/api.w.org\/{rel}","templated":true}]}}