{"id":25714,"date":"2025-10-20T01:42:06","date_gmt":"2025-10-20T01:42:06","guid":{"rendered":"https:\/\/www.europesays.com\/lv\/25714\/"},"modified":"2025-10-20T01:42:06","modified_gmt":"2025-10-20T01:42:06","slug":"bijusais-darbinieks-apsudzets-noslepumu-nodosana-oppo-lente-lv","status":"publish","type":"post","link":"https:\/\/www.europesays.com\/lv\/25714\/","title":{"rendered":"biju\u0161ais darbinieks aps\u016bdz\u0113ts nosl\u0113pumu nodo\u0161an\u0101 Oppo\u00a0\u2014\u00a0Lente.lv"},"content":{"rendered":"<p>Apple saskata \u013caunpr\u0101t\u012bgu r\u012bc\u012bbu: biju\u0161ais darbinieks aps\u016bdz\u0113ts nosl\u0113pumu nodo\u0161an\u0101 Oppo<\/p>\n<p>Tehnolo\u0123iju gigants Apple ir uzs\u0101cis juridisku procesu pret k\u0101dreiz\u0113jo savu darbinieku, apgalvojot, ka vi\u0146\u0161 p\u0101rk\u0101pis konfidencialit\u0101tes l\u012bgumus un nodevis sensit\u012bvu inform\u0101ciju par Apple Watch izstr\u0101di savam jaunajam darba dev\u0113jam \u2013 \u0136\u012bnas tehnolo\u0123iju uz\u0146\u0113mumam Guangdong Oppo Mobile Telecommunications.<\/p>\n<p>Saska\u0146\u0101 ar Apple iesniegto pras\u012bbu, Dr. \u010cens \u0160i, kur\u0161 agr\u0101k ie\u0146\u0113ma arhitekta amatu un str\u0101d\u0101ja pie Apple Watch sensoru sist\u0113m\u0101m, it k\u0101 ir pl\u0101nojis un \u012bstenojis nosl\u0113pumu z\u0101dz\u012bbu, lai tos nodotu Oppo, kas ir tie\u0161s Apple konkurents valk\u0101jamo ier\u012b\u010du tirg\u016b. \u0160is skand\u0101ls izce\u013cas \u012bsi p\u0113c l\u012bdz\u012bga gad\u012bjuma, kad Apple ies\u016bdz\u0113ja ties\u0101 citu biju\u0161o darbinieku, Di Lju, kur\u0161 esot nopludin\u0101jis Vision Pro nosl\u0113pumus uz\u0146\u0113mumam Snap.<\/p>\n<p>S\u0101kotn\u0113j\u0101 saskarsme un slepen\u0101 inform\u0101cijas v\u0101k\u0161ana<\/p>\n<p>Apgalvojumi liecina, ka Dr. \u0160i s\u0101cis slepeni komunic\u0113t ar Oppo augst\u0101k\u0101s vad\u012bbas p\u0101rst\u0101vjiem jau apr\u012b\u013ca m\u0113nes\u012b, kam\u0113r v\u0113l atrad\u0101s Apple nodarbin\u0101t\u012bb\u0101. \u0160\u0137iet, ka vi\u0146\u0161 izmantojis form\u0101los darba sapulces un tehnisk\u0101s komandas tik\u0161an\u0101s, lai akt\u012bvi v\u0101ktu inform\u0101ciju par Apple Watch. Tiek zi\u0146ots, ka vi\u0146\u0161 tikai da\u017eas dienas pirms aizie\u0161anas no Apple 27. j\u016bnija no uz\u0146\u0113muma dro\u0161\u0101 servera lejupiel\u0101d\u0113jis 63 konfidenci\u0101lus dokumentus. \u0160ajos dokumentos ietverta detaliz\u0113ta inform\u0101cija par Apple mikrosh\u0113m\u0101m, gaid\u0101majiem produktiem un to funkcij\u0101m, k\u0101 ar\u012b tehniskie aspekti, kas saist\u012bti ar sirds elektrokardiogrammas (EKG) un fotopletismogr\u0101fijas (PPG) sensoriem.<\/p>\n<p>Apple sav\u0101 pras\u012bb\u0101 min ar\u012b Dr. D\u017eid\u017eina D\u017eena, Oppo vesel\u012bbas apr\u016bpes noda\u013cas viceprezidentu, k\u0101 personu, ar kuru Dr. \u0160i uztur\u0113jis kontaktu. K\u0101 piem\u0113ru Apple min sarunu, kur\u0101 Dr. \u0160i raksta: &#8220;Es pl\u0101noju s\u0101kt darbu 30. j\u016bnij\u0101. \u0160oned\u0113\u013c es pazi\u0146o\u0161u savai komandai par savu atl\u016bgumu. Nesen esmu ar\u012b apl\u016bkojis da\u017e\u0101dus iek\u0161\u0113jos materi\u0101lus un r\u012bkojis daudzas individu\u0101l\u0101s tik\u0161an\u0101s, lai sav\u0101ktu p\u0113c iesp\u0113jas vair\u0101k inform\u0101cijas \u2013 v\u0113l\u0101k to dal\u012b\u0161os ar jums visiem.&#8221; Uz ko, p\u0113c Apple teikt\u0101, Dr. D\u017eens atbild\u0113jis ar &#8220;Labi&#8221; un pievienojis &#8220;OK&#8221; emocijz\u012bmi.<\/p>\n<p>P\u0113das sl\u0113p\u0161anas m\u0113\u0123in\u0101jumi un atkl\u0101sme<\/p>\n<p>P\u0113c datu p\u0101rs\u016bt\u012b\u0161anas Dr. \u0160i it k\u0101 m\u0113\u0123in\u0101jis sl\u0113pt savas darb\u012bbas, veicot mekl\u0113jumus par t\u0113m\u0101m &#8220;k\u0101 izdz\u0113st datus no MacBook&#8221; un &#8220;vai k\u0101ds var p\u0101rbaud\u012bt, vai esmu atv\u0113ris failu kop\u0113j\u0101 disk\u0101?&#8221;. Vi\u0146\u0161 ar\u012b izdz\u0113sis mapes ar zagtajiem failiem no sava darba portat\u012bv\u0101 datora p\u0113c to p\u0101rs\u016bt\u012b\u0161anas uz \u0101r\u0113ju USB atmi\u0146as ier\u012bci. Lai gan vi\u0146\u0161 it k\u0101 kol\u0113\u0123iem apgalvojis, ka dodas uz \u0136\u012bnu, lai r\u016bp\u0113tos par saviem vec\u0101kiem, Apple apgalvo, ka atkl\u0101jusi \u0161o sazv\u0113rest\u012bbu, analiz\u0113jot Dr. \u0160i darba MacBook un iPhone failu lejupiel\u0101\u017eu \u017eurn\u0101lus.<\/p>\n<p>Oppo atbilde un turpm\u0101k\u0101s sekas<\/p>\n<p>Oppo jau ir publiski rea\u0123\u0113jis uz Apple iesniegto pras\u012bbu: &#8220;M\u0113s zin\u0101m par nesenajam pras\u012bbai, ko Apple iesniedza Kalifornij\u0101, un esam r\u016bp\u012bgi izskat\u012bju\u0161i aps\u016bdz\u012bbas, kas izteiktas Apple s\u016bdz\u012bb\u0101. M\u0113s neesam atradu\u0161i nek\u0101dus pier\u0101d\u012bjumus, kas apliecin\u0101tu jebk\u0101du saist\u012bbu starp \u0161\u012bm aps\u016bdz\u012bb\u0101m un darbinieka uzved\u012bbu vi\u0146a darb\u012bbas laik\u0101 OPPO. OPPO ciena visu uz\u0146\u0113mumu, tostarp Apple, komercnosl\u0113pumus, un OPPO nav prettiesiski ieguvis Apple komercnosl\u0113pumus. OPPO akt\u012bvi sadarbosies ar tiesas procesu, un m\u0113s esam p\u0101rliecin\u0101ti, ka taisn\u012bgs tiesas process noskaidros faktus.&#8221; <\/p>\n<p>Apple sav\u0101 pras\u012bb\u0101 pieprasa tiesas aizliegumu, lai nepie\u013cautu Oppo un Dr. \u0160i komercnosl\u0113pumu izmanto\u0161anu. Papildus tam, tiek piepras\u012bta finansi\u0101lu zaud\u0113jumu kompens\u0101cija un sodanaudas, lai sod\u012btu par iesp\u0113jamo z\u0101dz\u012bbu. Apple ar\u012b ir piepras\u012bjis tiesu ar zv\u0113rin\u0101to tiesne\u0161iem lietas izskat\u012b\u0161anai.<\/p>\n","protected":false},"excerpt":{"rendered":"Apple saskata \u013caunpr\u0101t\u012bgu r\u012bc\u012bbu: biju\u0161ais darbinieks aps\u016bdz\u0113ts nosl\u0113pumu nodo\u0161an\u0101 Oppo Tehnolo\u0123iju gigants Apple ir uzs\u0101cis juridisku procesu pret&hellip;\n","protected":false},"author":2,"featured_media":25715,"comment_status":"","ping_status":"","sticky":false,"template":"","format":"standard","meta":{"footnotes":""},"categories":[16],"tags":[6847,77,76,7570,7571,6846,35,39,38,36,37,34,40,6845],"class_list":{"0":"post-25714","1":"post","2":"type-post","3":"status-publish","4":"format-standard","5":"has-post-thumbnail","7":"category-bizness","8":"tag-apple-watch","9":"tag-bizness","10":"tag-business","11":"tag-darbinieku-skandals","12":"tag-juridiska-cina","13":"tag-komercnoslepumi","14":"tag-latvia","15":"tag-latvian","16":"tag-latviesu","17":"tag-latviesu-valoda","18":"tag-latviesuvaloda","19":"tag-latvija","20":"tag-lv","21":"tag-oppo"},"share_on_mastodon":{"url":"","error":""},"_links":{"self":[{"href":"https:\/\/www.europesays.com\/lv\/wp-json\/wp\/v2\/posts\/25714","targetHints":{"allow":["GET"]}}],"collection":[{"href":"https:\/\/www.europesays.com\/lv\/wp-json\/wp\/v2\/posts"}],"about":[{"href":"https:\/\/www.europesays.com\/lv\/wp-json\/wp\/v2\/types\/post"}],"author":[{"embeddable":true,"href":"https:\/\/www.europesays.com\/lv\/wp-json\/wp\/v2\/users\/2"}],"replies":[{"embeddable":true,"href":"https:\/\/www.europesays.com\/lv\/wp-json\/wp\/v2\/comments?post=25714"}],"version-history":[{"count":0,"href":"https:\/\/www.europesays.com\/lv\/wp-json\/wp\/v2\/posts\/25714\/revisions"}],"wp:featuredmedia":[{"embeddable":true,"href":"https:\/\/www.europesays.com\/lv\/wp-json\/wp\/v2\/media\/25715"}],"wp:attachment":[{"href":"https:\/\/www.europesays.com\/lv\/wp-json\/wp\/v2\/media?parent=25714"}],"wp:term":[{"taxonomy":"category","embeddable":true,"href":"https:\/\/www.europesays.com\/lv\/wp-json\/wp\/v2\/categories?post=25714"},{"taxonomy":"post_tag","embeddable":true,"href":"https:\/\/www.europesays.com\/lv\/wp-json\/wp\/v2\/tags?post=25714"}],"curies":[{"name":"wp","href":"https:\/\/api.w.org\/{rel}","templated":true}]}}