{"id":25728,"date":"2025-10-20T02:51:07","date_gmt":"2025-10-20T02:51:07","guid":{"rendered":"https:\/\/www.europesays.com\/lv\/25728\/"},"modified":"2025-10-20T02:51:07","modified_gmt":"2025-10-20T02:51:07","slug":"devitais-latgaliesu-rakstu-valodas-diktats-pulce-interesentus-latvijas-radio-etera-lente-lv","status":"publish","type":"post","link":"https:\/\/www.europesays.com\/lv\/25728\/","title":{"rendered":"Dev\u012btais latgalie\u0161u rakstu valodas dikt\u0101ts pulc\u0113 interesentus Latvijas Radio \u0113ter\u0101\u00a0\u2014\u00a0Lente.lv"},"content":{"rendered":"<p>Latgalie\u0161u valodas dikt\u0101ts pulc\u0113 entuziastus<\/p>\n<p>Sestdien, 18. oktobr\u012b, norisin\u0101j\u0101s jau dev\u012btais dikt\u0101ts latgalie\u0161u rakstu valod\u0101, apliecinot \u0161\u012bs trad\u012bcijas notur\u012bbu un t\u0101s rad\u012bto interesi sabiedr\u012bb\u0101. Pas\u0101kums, kas sakr\u012bt ar Valsts valodas dienas svin\u012bb\u0101m oktobra vid\u016b, aicin\u0101ja ikvienu interesentu p\u0101rbaud\u012bt savas prasmes un zin\u0101\u0161anas k\u0101d\u0101 no Latvijas kult\u016bras mantojuma pamatv\u0113rt\u012bb\u0101m.<\/p>\n<p>Radio \u0113ter\u0101 skan latgaliskais v\u0101rds<\/p>\n<p>\u0160ogad dikt\u0101ts bija dzirdams Latvijas Radio 1 \u0113ter\u0101 raid\u012bjum\u0101 &#8220;Kolnas\u0101ta&#8221;, kas pulksten 18.15 sniedza klaus\u012bt\u0101jiem iesp\u0113ju l\u012bdzdarboties m\u0101j\u0101s. \u0160\u0101da form\u0101ta izv\u0113le nodro\u0161in\u0101ja pla\u0161\u0101ku pieejam\u012bbu, \u013caujot piedal\u012bties gan tiem, kas atrad\u0101s tuv\u0101k, gan ar\u012b tiem, kas klaus\u012bj\u0101s raid\u012bjumu att\u0101lin\u0101ti. T\u0101d\u0113j\u0101di latgaliskais v\u0101rds sasniedza v\u0113l pla\u0161\u0101ku auditoriju, veicinot valodas kop\u0161anu un populariz\u0113\u0161anu.<\/p>\n<p>Trad\u012bcija, kas stiprina identit\u0101ti<\/p>\n<p>Dev\u012btais dikt\u0101ts nav tikai vienk\u0101r\u0161s valodas p\u0101rbaud\u012bjums, bet gan noz\u012bm\u012bgs kult\u016bras notikums, kas pal\u012bdz saglab\u0101t un stiprin\u0101t latgalie\u0161u rakstu valodas trad\u012bciju. \u0160\u012b iniciat\u012bva ir k\u0101 tilts starp paaudz\u0113m, \u013caujot jaunajiem iepaz\u012bt un nov\u0113rt\u0113t savu sen\u010du valodu, vienlaikus dodot iesp\u0113ju vec\u0101kajai paaudzei dal\u012bties sav\u0101s zin\u0101\u0161an\u0101s un pieredz\u0113. Katrs uzrakst\u012btais v\u0101rds ir k\u0101 mazs ieguld\u012bjums latgalie\u0161u kult\u016bras saglab\u0101\u0161an\u0101 n\u0101kotnei.<\/p>\n<p>Izaicin\u0101jums un kop\u012bbas saj\u016bta<\/p>\n<p>Dal\u012bba dikt\u0101t\u0101 sniedz ne tikai iesp\u0113ju nov\u0113rt\u0113t savu valodu prasmi, bet ar\u012b veicina kop\u012bbas saj\u016btu starp latgaliski run\u0101jo\u0161ajiem un tiem, kas interes\u0113jas par \u0161o re\u0123ionu. T\u0101 ir emocion\u0101li bag\u0101ta pieredze, kas vieno cilv\u0113kus ar kop\u012bgu m\u0113r\u0137i \u2013 uztur\u0113t dz\u012bvu un att\u012bst\u012bt latgalie\u0161u rakstu valodu. \u0160is pas\u0101kums ir k\u0101 sv\u0113tki valodai, kas atg\u0101dina par t\u0101s noz\u012bmi m\u016bsu kop\u012bgaj\u0101 kult\u016bras telp\u0101.<\/p>\n","protected":false},"excerpt":{"rendered":"Latgalie\u0161u valodas dikt\u0101ts pulc\u0113 entuziastus Sestdien, 18. oktobr\u012b, norisin\u0101j\u0101s jau dev\u012btais dikt\u0101ts latgalie\u0161u rakstu valod\u0101, apliecinot \u0161\u012bs trad\u012bcijas&hellip;\n","protected":false},"author":2,"featured_media":25729,"comment_status":"","ping_status":"","sticky":false,"template":"","format":"standard","meta":{"footnotes":""},"categories":[5],"tags":[23,28,29,8039,32,33,22,8041,8042,30,31,6394,35,39,38,36,37,34,8040,40,20,26,27,24,25,21],"class_list":{"0":"post-25728","1":"post","2":"type-post","3":"status-publish","4":"format-standard","5":"has-post-thumbnail","7":"category-aktualitates","8":"tag-aktualitates","9":"tag-breaking-news","10":"tag-breakingnews","11":"tag-diktats","12":"tag-featured-news","13":"tag-featurednews","14":"tag-headlines","15":"tag-kolnasata","16":"tag-kulturas-tradicija","17":"tag-latest-news","18":"tag-latestnews","19":"tag-latgaliesu-valoda","20":"tag-latvia","21":"tag-latvian","22":"tag-latviesu","23":"tag-latviesu-valoda","24":"tag-latviesuvaloda","25":"tag-latvija","26":"tag-latvijas-radio-1","27":"tag-lv","28":"tag-news","29":"tag-popularakas-zinas","30":"tag-popularakaszinas","31":"tag-top-stories","32":"tag-topstories","33":"tag-zinas"},"share_on_mastodon":{"url":"","error":""},"_links":{"self":[{"href":"https:\/\/www.europesays.com\/lv\/wp-json\/wp\/v2\/posts\/25728","targetHints":{"allow":["GET"]}}],"collection":[{"href":"https:\/\/www.europesays.com\/lv\/wp-json\/wp\/v2\/posts"}],"about":[{"href":"https:\/\/www.europesays.com\/lv\/wp-json\/wp\/v2\/types\/post"}],"author":[{"embeddable":true,"href":"https:\/\/www.europesays.com\/lv\/wp-json\/wp\/v2\/users\/2"}],"replies":[{"embeddable":true,"href":"https:\/\/www.europesays.com\/lv\/wp-json\/wp\/v2\/comments?post=25728"}],"version-history":[{"count":0,"href":"https:\/\/www.europesays.com\/lv\/wp-json\/wp\/v2\/posts\/25728\/revisions"}],"wp:featuredmedia":[{"embeddable":true,"href":"https:\/\/www.europesays.com\/lv\/wp-json\/wp\/v2\/media\/25729"}],"wp:attachment":[{"href":"https:\/\/www.europesays.com\/lv\/wp-json\/wp\/v2\/media?parent=25728"}],"wp:term":[{"taxonomy":"category","embeddable":true,"href":"https:\/\/www.europesays.com\/lv\/wp-json\/wp\/v2\/categories?post=25728"},{"taxonomy":"post_tag","embeddable":true,"href":"https:\/\/www.europesays.com\/lv\/wp-json\/wp\/v2\/tags?post=25728"}],"curies":[{"name":"wp","href":"https:\/\/api.w.org\/{rel}","templated":true}]}}