{"id":25768,"date":"2025-10-20T04:09:07","date_gmt":"2025-10-20T04:09:07","guid":{"rendered":"https:\/\/www.europesays.com\/lv\/25768\/"},"modified":"2025-10-20T04:09:07","modified_gmt":"2025-10-20T04:09:07","slug":"no-rezeknes-tehnikuma-budzeta-varetu-but-izkrapti-vismaz-54-000-eiro-dienas-bizness","status":"publish","type":"post","link":"https:\/\/www.europesays.com\/lv\/25768\/","title":{"rendered":"No R\u0113zeknes tehnikuma bud\u017eeta var\u0113tu b\u016bt izkr\u0101pti vismaz 54 000 eiro :: Dienas Bizness"},"content":{"rendered":"<p class=\"text-font font-size--text-xlarge margin-3--bottom font-weight--bold padding-1--top\">No R\u0113zeknes tehnikuma bud\u017eeta, iesp\u0113jams, izkr\u0101pti vismaz 54 000 eiro, rev\u012bzij\u0101 konstat\u0113jusi Valsts kontrole, kura atkl\u0101j, ka par iesp\u0113jamo kr\u0101p\u0161anu ir inform\u0113ta Izgl\u012bt\u012bbas un zin\u0101tnes ministrija (IZM), Valsts policija un prokurat\u016bra, un ir s\u0101kts krimin\u0101lprocess.<\/p>\n<p class=\"text-font font-size--text-xlarge margin-3--bottom\">Iepriek\u0161 v\u0113st\u012bts, ka saist\u012bb\u0101 ar rev\u012bzij\u0101 konstat\u0113to uz dienesta izmekl\u0113\u0161anas laiku atst\u0101din\u0101ta izgl\u012bt\u012bbas iest\u0101des vad\u012bt\u0101ja Benita Virbule. IZM iepriek\u0161 nesniedza nek\u0101du inform\u0101ciju par iesp\u0113jamo p\u0101rk\u0101pumu b\u016bt\u012bbu, papildu inform\u0101ciju solot vien p\u0113c dienesta p\u0101rbaudes pabeig\u0161anas. Savuk\u0101rt Valsts kontrole dr\u012bzum\u0101 sol\u012bja starpzi\u0146ojumu, bet l\u012bdz tam pla\u0161\u0101kus koment\u0101rus nesniedza.<\/p>\n<p class=\"text-font font-size--text-xlarge margin-3--bottom\">Tagad Valsts kontrole inform\u0113, ka, veicot rev\u012bzijas proced\u016bras tehnikum\u0101 par nor\u0113\u0137iniem ar pakalpojumu sniedz\u0113jiem, konstat\u0113tas iesp\u0113jamas kr\u0101pnieciskas darb\u012bbas &#8211; maks\u0101jumu dokumentu t\u012b\u0161a sagroz\u012b\u0161ana ar m\u0113r\u0137i veikt naudas l\u012bdzek\u013cu p\u0101rskait\u012bjumus tre\u0161aj\u0101m person\u0101m.<\/p>\n<p class=\"text-font font-size--text-xlarge margin-3--bottom\">\u0160\u0101da r\u012bc\u012bba bijusi iesp\u0113jama, jo, veicot p\u0101rskait\u012bjumus, netika p\u0101rbaud\u012bta maks\u0101juma sa\u0146\u0113m\u0113ja nosaukuma vai v\u0101rda un uzv\u0101rda atbilst\u012bba nor\u0101d\u012btajam konta numuram (IBAN), \u013caujot l\u012bdzek\u013cus p\u0101rskait\u012bt person\u0101m, kur\u0101m tie nepien\u0101c\u0101s, secin\u0101ju\u0161i revidenti.<\/p>\n<p class=\"text-font font-size--text-xlarge margin-3--bottom\">No tehnikuma kontiem veikti maks\u0101jumi uz trim da\u017e\u0101diem kontiem, nor\u0101dot vienu un to pa\u0161u sa\u0146\u0113m\u0113ju. Piem\u0113ram, par attiec\u012bg\u0101 uz\u0146\u0113muma sniegtajiem pakalpojumiem maks\u0101jumi veikti ne tikai uz l\u012bgum\u0101 nor\u0101d\u012bto uz\u0146\u0113muma kontu, bet ar\u012b uz v\u0113l trim citiem kontiem, kuru pieder\u012bba Valsts kontrolei nav zin\u0101ma.<\/p>\n<p class=\"text-font font-size--text-xlarge margin-3--bottom\">Konstat\u0113ti ar\u012b vair\u0101ki gad\u012bjumi, kad viens un tas pats r\u0113\u0137ins apmaks\u0101ts divas reizes &#8211; vienu reizi naudu p\u0101rskaitot uz r\u0113\u0137inos un pakalpojumu l\u012bgumos nor\u0101d\u012btajiem kontiem, bet otru reizi uz citu kontu, kura pieder\u012bba Valsts kontrolei nav zin\u0101ma. Piem\u0113ram, attiec\u012bg\u0101 uz\u0146\u0113muma r\u0113\u0137ins 355 eiro apm\u0113r\u0101 vispirms apmaks\u0101ts uz l\u012bgum\u0101 nor\u0101d\u012bto kontu, bet p\u0113c desmit dien\u0101m tas pats maks\u0101jums veikts v\u0113lreiz uz citu kontu. Kopum\u0101 no 2019. l\u012bdz 2025. gadam uz \u0161iem trim kontiem p\u0101rskait\u012bti teju 54 000 eiro.<\/p>\n<p class=\"text-font font-size--text-xlarge margin-3--bottom\">Fiks\u0113tas ar\u012b neatbilst\u012bbas starp tehnikuma iesniegtajiem dokumentiem un Valsts kontroles izg\u016btajiem datiem no Valsts kases par veiktajiem maks\u0101jumiem. Tas, Valsts kontroles v\u0113rt\u0113jum\u0101, liecina par m\u0113\u0123in\u0101jumiem sl\u0113pt patieso inform\u0101ciju.<\/p>\n<p class=\"text-font font-size--text-xlarge margin-3--bottom\">Valsts kontroles starpzi\u0146ojum\u0101 teikts, ka p\u0113c revidentu jaut\u0101jumiem un piepras\u012bt\u0101s inform\u0101cijas tehnikuma direktore no amata bez darba samaksas saglab\u0101\u0161anas l\u012bdz faktu noskaidro\u0161anai atst\u0101din\u0101jusi gr\u0101matvedi. T\u0101pat direktore inform\u0113jusi, ka par konstat\u0113tajiem p\u0101rk\u0101pumiem ir v\u0113rsusies policij\u0101.<\/p>\n<p class=\"text-font font-size--text-xlarge margin-3--bottom\">Zi\u0146ojum\u0101 ar\u012b teikts, ka Valsts policijas Latgales re\u0123iona p\u0101rvaldes Krimin\u0101lpolicijas biroja R\u0113zeknes re\u0123ion\u0101laj\u0101 noda\u013c\u0101 s\u0101kts krimin\u0101lprocess, atbilsto\u0161i Krimin\u0101llikuma 177.panta tre\u0161ajai da\u013cai, proti, par kr\u0101p\u0161anu liel\u0101 apm\u0113r\u0101 vai organiz\u0113t\u0101 grup\u0101.<\/p>\n<p class=\"text-font font-size--text-xlarge margin-3--bottom\">Valsts kontroles padomes locekle, departamenta direktore Ilze B\u0101dere Latvijas Radio atzina, ka \u0161aj\u0101 gad\u012bjum\u0101 aizdomas pamat\u0101 kr\u012bt uz div\u0101m tehnikuma amatperson\u0101m.<\/p>\n<p class=\"text-font font-size--text-xlarge margin-3--bottom\">P\u0113c Valsts kontroles inform\u0101cijas un skaidrojumu piepras\u012b\u0161anas par veiktajiem dar\u012bjumiem tika izdar\u012bti labojumi R\u0113zeknes tehnikuma gr\u0101matved\u012bbas uzskaites sist\u0113m\u0101, mainot pakalpojumu sniedz\u0113ju konta numurus.<\/p>\n<p class=\"text-font font-size--text-xlarge margin-3--bottom\">Valsts kontrole atz\u012bm\u0113, ka \u0161ogad 9. oktobr\u012b st\u0101j\u0101s sp\u0113k\u0101 Eiropas Savien\u012bbas regula, kas uzliek maks\u0101jumu pakalpojumu sniedz\u0113jiem pien\u0101kumu pirms maks\u0101juma veik\u0161anas p\u0101rbaud\u012bt sa\u0146\u0113m\u0113ja konta numura (IBAN) un nosaukuma atbilst\u012bbu. T\u0101d\u0113j\u0101di b\u016btiski tiks samazin\u0101ts l\u012bdz\u012bgu kr\u0101pniec\u012bbas gad\u012bjumu risks, prognoz\u0113 revidenti.<\/p>\n<p class=\"text-font font-size--text-xlarge margin-3--bottom\">Rev\u012bzija R\u0113zeknes tehnikum\u0101 tika iek\u013cauta finan\u0161u rev\u012bzijas izlas\u0113 par Latvijas konsolid\u0113t\u0101 2025. gada p\u0101rskata sagatavo\u0161anas pareiz\u012bbu. \u0160\u012b rev\u012bzija v\u0113l turpin\u0101s, bet par konstat\u0113to tehnikum\u0101 sagatavots rev\u012bzijas starpzi\u0146ojums.<\/p>\n<p class=\"text-font font-size--text-xlarge margin-3--bottom\">K\u0101 v\u0113st\u012bts, izgl\u012bt\u012bbas un zin\u0101tnes ministre Dace Melb\u0101rde (JV) iepriek\u0161 tehnikuma vad\u012bt\u0101jas veikt\u0101s darb\u012bbas nod\u0113v\u0113jusi par &#8220;nepie\u013caujam\u0101m, it \u012bpa\u0161i sare\u017e\u0123\u012btos bud\u017eeta apst\u0101k\u013cos&#8221;, tom\u0113r ar\u012b p\u0101rmetumu b\u016bt\u012bbu neskaidroja. &#8220;M\u016bsu pien\u0101kums ir nodro\u0161in\u0101t atbild\u012bgu un caursp\u012bd\u012bgu finan\u0161u p\u0101rvald\u012bbu, lai saglab\u0101tu sabiedr\u012bbas uztic\u0113\u0161anos un stiprin\u0101tu profesion\u0101l\u0101s izgl\u012bt\u012bbas att\u012bst\u012bbu,&#8221; nor\u0101d\u012bja politi\u0137e.<\/p>\n<p class=\"text-font font-size--text-xlarge margin-3--bottom\">P\u0113c pazi\u0146ojuma par Virbules atst\u0101din\u0101\u0161anu a\u0123ent\u016bra LETA vair\u0101kk\u0101rt m\u0113\u0123in\u0101ja ar vi\u0146u sazin\u0101ties, tom\u0113r nesekm\u012bgi.<\/p>\n<p class=\"text-font font-size--text-xlarge margin-3--bottom\">Par tehnikuma direktora pien\u0101kumu izpild\u012bt\u0101ju iecelta direktora vietniece izgl\u012bt\u012bbas satura un att\u012bst\u012bbas jom\u0101 Ir\u0113na Kroi\u010de.<\/p>\n","protected":false},"excerpt":{"rendered":"No R\u0113zeknes tehnikuma bud\u017eeta, iesp\u0113jams, izkr\u0101pti vismaz 54 000 eiro, rev\u012bzij\u0101 konstat\u0113jusi Valsts kontrole, kura atkl\u0101j, ka par&hellip;\n","protected":false},"author":2,"featured_media":25769,"comment_status":"","ping_status":"","sticky":false,"template":"","format":"standard","meta":{"footnotes":""},"categories":[12],"tags":[23,869,77,870,28,29,867,32,33,22,30,31,35,39,38,36,37,34,871,868,40,20,26,27,24,25,21],"class_list":{"0":"post-25768","1":"post","2":"type-post","3":"status-publish","4":"format-standard","5":"has-post-thumbnail","7":"category-latvija","8":"tag-aktualitates","9":"tag-biznesa-zinas","10":"tag-bizness","11":"tag-bizness-latvija","12":"tag-breaking-news","13":"tag-breakingnews","14":"tag-dienas-zinas","15":"tag-featured-news","16":"tag-featurednews","17":"tag-headlines","18":"tag-latest-news","19":"tag-latestnews","20":"tag-latvia","21":"tag-latvian","22":"tag-latviesu","23":"tag-latviesu-valoda","24":"tag-latviesuvaloda","25":"tag-latvija","26":"tag-latvijas-biznesa-zinas","27":"tag-latvijas-zinas","28":"tag-lv","29":"tag-news","30":"tag-popularakas-zinas","31":"tag-popularakaszinas","32":"tag-top-stories","33":"tag-topstories","34":"tag-zinas"},"share_on_mastodon":{"url":"","error":""},"_links":{"self":[{"href":"https:\/\/www.europesays.com\/lv\/wp-json\/wp\/v2\/posts\/25768","targetHints":{"allow":["GET"]}}],"collection":[{"href":"https:\/\/www.europesays.com\/lv\/wp-json\/wp\/v2\/posts"}],"about":[{"href":"https:\/\/www.europesays.com\/lv\/wp-json\/wp\/v2\/types\/post"}],"author":[{"embeddable":true,"href":"https:\/\/www.europesays.com\/lv\/wp-json\/wp\/v2\/users\/2"}],"replies":[{"embeddable":true,"href":"https:\/\/www.europesays.com\/lv\/wp-json\/wp\/v2\/comments?post=25768"}],"version-history":[{"count":0,"href":"https:\/\/www.europesays.com\/lv\/wp-json\/wp\/v2\/posts\/25768\/revisions"}],"wp:featuredmedia":[{"embeddable":true,"href":"https:\/\/www.europesays.com\/lv\/wp-json\/wp\/v2\/media\/25769"}],"wp:attachment":[{"href":"https:\/\/www.europesays.com\/lv\/wp-json\/wp\/v2\/media?parent=25768"}],"wp:term":[{"taxonomy":"category","embeddable":true,"href":"https:\/\/www.europesays.com\/lv\/wp-json\/wp\/v2\/categories?post=25768"},{"taxonomy":"post_tag","embeddable":true,"href":"https:\/\/www.europesays.com\/lv\/wp-json\/wp\/v2\/tags?post=25768"}],"curies":[{"name":"wp","href":"https:\/\/api.w.org\/{rel}","templated":true}]}}