{"id":25772,"date":"2025-10-20T04:17:09","date_gmt":"2025-10-20T04:17:09","guid":{"rendered":"https:\/\/www.europesays.com\/lv\/25772\/"},"modified":"2025-10-20T04:17:09","modified_gmt":"2025-10-20T04:17:09","slug":"ruta-kergalve-godina-brali-inta-kergalvja-pieminai-ar-jaunu-singlu-mani-nelauz-lente-lv","status":"publish","type":"post","link":"https:\/\/www.europesays.com\/lv\/25772\/","title":{"rendered":"R\u016bta \u0136ergalve godina br\u0101li Inta \u0136ergalvja piemi\u0146ai ar jaunu singlu \u201cMani nelau\u017e\u201d\u00a0\u2014\u00a0Lente.lv"},"content":{"rendered":"<p>R\u016bta \u0136ergalve godina br\u0101li ar jaunu singlu \u201cMani nelau\u017e\u201d<\/p>\n<p>M\u016bzi\u0137e R\u016bta \u0136ergalve ir laidusi klaj\u0101 savu jaun\u0101ko singlu \u201cMani nelau\u017e\u201d, kas ir emocion\u0101la velt\u012bjums vi\u0146as br\u0101lim Intam \u0136ergalvim. \u0160\u012b dziesma ir kaverversija Inta ori\u0123in\u0101lajam ska\u0146darbam, ar ko R\u016bta v\u0113las ne tikai godin\u0101t br\u0101\u013ca piemi\u0146u, bet ar\u012b iepaz\u012bstin\u0101t jaun\u0101ku auditoriju ar vi\u0146a talantu un dai\u013cradi. Ints \u0136ergalvis bija noz\u012bm\u012bga person\u012bba Latvijas neatkar\u012bg\u0101s un alternat\u012bv\u0101s m\u016bzikas sc\u0113n\u0101, paz\u012bstams k\u0101 ener\u0123isk\u0101s grupas \u201cOran\u017e\u0101s br\u012bvdienas\u201d dibin\u0101t\u0101js, vok\u0101lists un galvenais dziesmu autors.<\/p>\n<p>Ints \u0136ergalvis \u2013 spo\u017ea zvaigzne Latvijas m\u016bzik\u0101<\/p>\n<p>Ints \u0136ergalvis, kur\u0161 skatuviski paz\u012bstams ar\u012b k\u0101 Speiss, bija ne tikai talant\u012bgs m\u016bzi\u0137is, bet ar\u012b sava rado\u0161\u0101 darba dv\u0113sele. Vi\u0146a vad\u012bb\u0101 grupa \u201cOran\u017e\u0101s br\u012bvdienas\u201d 2000. gados k\u013cuva par vienu no spilgt\u0101kajiem un ori\u0123in\u0101l\u0101kajiem kolekt\u012bviem Latvij\u0101, apvienojot da\u017e\u0101dus m\u016bzikas stilus \u2013 ska, punk un regeju \u2013 ar dz\u0113l\u012bgu soci\u0101lo v\u0113st\u012bjumu. Grupas albums \u201c\u0100r\u0101\u201d sa\u0146\u0113ma presti\u017eo m\u016bzikas ierakstu gada balvu \u201cZelta mikrofons\u201d k\u0101 lab\u0101kais roka, pankroka vai met\u0101la m\u016bzikas albums. Ints dev\u0101s m\u016b\u017e\u012bb\u0101 2025. gada janv\u0101r\u012b, atst\u0101jot dzi\u013cu, bet neizdz\u0113\u0161amu kolu Latvijas m\u016bzikas ainav\u0101. Vi\u0146a aizie\u0161ana bija smags trieciens ne tikai tuviniekiem un draugiem, bet ar\u012b visai m\u016bzikas industrijai, ta\u010du vi\u0146a rado\u0161ais mantojums turpina dz\u012bvot.<\/p>\n<p>R\u016btas interpret\u0101cija \u2013 tilts starp paaudz\u0113m<\/p>\n<p>R\u016bta \u0136ergalve, izpildot br\u0101\u013ca dziesmu \u201cMani nelau\u017e\u201d, cen\u0161as saglab\u0101t t\u0101s s\u0101kotn\u0113jo b\u016bt\u012bbu, vienlaikus pie\u0161\u0137irot tai jaunu, personisku interpret\u0101ciju. Vi\u0146as m\u0113r\u0137is ir rad\u012bt silt\u0101ku un int\u012bm\u0101ku skan\u0113jumu, kas \u013cautu dziesmai uzrun\u0101t ar\u012b jaun\u0101ku klaus\u012bt\u0101ju paaudzi, iepaz\u012bstinot vi\u0146us ar Inta muzik\u0101lo pasauli. \u201c\u0160is ieraksts ir mans veids, k\u0101 turpin\u0101t Inta muzik\u0101lo ce\u013cu,\u201d atkl\u0101j R\u016bta. \u201cMan bija svar\u012bgi saglab\u0101t dziesmas patieso kodolu, bet reiz\u0113 atv\u0113rt to klaus\u012bt\u0101jiem cit\u0101 noska\u0146\u0101 \u2013 maig\u0101k\u0101, introspekt\u012bv\u0101k\u0101 skan\u0113jum\u0101.\u201d \u0160\u012b dziesma k\u013c\u016bst par emocion\u0101lu tiltu, kas savieno pag\u0101tni ar tagadni, godinot talant\u012bgu m\u0101kslinieku un vi\u0146a neaizst\u0101jamo ieguld\u012bjumu Latvijas m\u016bzik\u0101.<\/p>\n<p>M\u016bzikas mantojums un n\u0101kotne<\/p>\n<p>Inta \u0136ergalvja dai\u013crade un ener\u0123iskais stils iedvesmoja daudzus. P\u0113c vi\u0146a aizie\u0161anas grupa \u201cOran\u017e\u0101s br\u012bvdienas\u201d nol\u0113ma turpin\u0101t savu muzik\u0101lo darb\u012bbu, lai saglab\u0101tu vi\u0146a ies\u0101kto un turpin\u0101tu nest vi\u0146a rad\u012bto m\u016bziku t\u0101l\u0101k. R\u016btas jaunais singls \u201cMani nelau\u017e\u201d ir apliecin\u0101jums \u0161ai idejai \u2013 saglab\u0101t un populariz\u0113t Inta muzik\u0101lo mantojumu, \u013caujot tam skan\u0113t jaun\u0101s ska\u0146\u0101s un uzrun\u0101t jaunas sirdis. R\u016bta \u0136ergalve, kura pati ir talant\u012bga dzied\u0101t\u0101ja un dziesmu autore, paz\u012bstama ar savu emocion\u0101lo un melodisko dai\u013cradi, turpina att\u012bst\u012bt savu unik\u0101lo muzik\u0101lo rokrakstu, kur\u0101 apvienojas d\u017eeza, folkm\u016bzikas un popm\u016bzikas elementi. Vi\u0146as m\u016bzika bie\u017ei vien ir noska\u0146u bag\u0101ta, aicinot klaus\u012bt\u0101ju iegrimt saj\u016btu pasaul\u0113.<\/p>\n","protected":false},"excerpt":{"rendered":"R\u016bta \u0136ergalve godina br\u0101li ar jaunu singlu \u201cMani nelau\u017e\u201d M\u016bzi\u0137e R\u016bta \u0136ergalve ir laidusi klaj\u0101 savu jaun\u0101ko singlu&hellip;\n","protected":false},"author":2,"featured_media":25773,"comment_status":"","ping_status":"","sticky":false,"template":"","format":"standard","meta":{"footnotes":""},"categories":[19],"tags":[89,8057,90,35,39,38,194,36,37,34,40,8058,8059,8056],"class_list":{"0":"post-25772","1":"post","2":"type-post","3":"status-publish","4":"format-standard","5":"has-post-thumbnail","7":"category-izklaide","8":"tag-entertainment","9":"tag-ints-kergalvis","10":"tag-izklaide","11":"tag-latvia","12":"tag-latvian","13":"tag-latviesu","14":"tag-latviesu-muzika","15":"tag-latviesu-valoda","16":"tag-latviesuvaloda","17":"tag-latvija","18":"tag-lv","19":"tag-mani-nelauz","20":"tag-oranzas-brivdienas","21":"tag-ruta-kergalve"},"share_on_mastodon":{"url":"","error":""},"_links":{"self":[{"href":"https:\/\/www.europesays.com\/lv\/wp-json\/wp\/v2\/posts\/25772","targetHints":{"allow":["GET"]}}],"collection":[{"href":"https:\/\/www.europesays.com\/lv\/wp-json\/wp\/v2\/posts"}],"about":[{"href":"https:\/\/www.europesays.com\/lv\/wp-json\/wp\/v2\/types\/post"}],"author":[{"embeddable":true,"href":"https:\/\/www.europesays.com\/lv\/wp-json\/wp\/v2\/users\/2"}],"replies":[{"embeddable":true,"href":"https:\/\/www.europesays.com\/lv\/wp-json\/wp\/v2\/comments?post=25772"}],"version-history":[{"count":0,"href":"https:\/\/www.europesays.com\/lv\/wp-json\/wp\/v2\/posts\/25772\/revisions"}],"wp:featuredmedia":[{"embeddable":true,"href":"https:\/\/www.europesays.com\/lv\/wp-json\/wp\/v2\/media\/25773"}],"wp:attachment":[{"href":"https:\/\/www.europesays.com\/lv\/wp-json\/wp\/v2\/media?parent=25772"}],"wp:term":[{"taxonomy":"category","embeddable":true,"href":"https:\/\/www.europesays.com\/lv\/wp-json\/wp\/v2\/categories?post=25772"},{"taxonomy":"post_tag","embeddable":true,"href":"https:\/\/www.europesays.com\/lv\/wp-json\/wp\/v2\/tags?post=25772"}],"curies":[{"name":"wp","href":"https:\/\/api.w.org\/{rel}","templated":true}]}}