{"id":25799,"date":"2025-10-20T04:42:11","date_gmt":"2025-10-20T04:42:11","guid":{"rendered":"https:\/\/www.europesays.com\/lv\/25799\/"},"modified":"2025-10-20T04:42:11","modified_gmt":"2025-10-20T04:42:11","slug":"kipra-uzbrukuma-nogalinats-futbola-kluba-prezidents-dela-auto-avare-cela-uz-slimnicu-lente-lv","status":"publish","type":"post","link":"https:\/\/www.europesays.com\/lv\/25799\/","title":{"rendered":"Kipr\u0101 uzbrukum\u0101 nogalin\u0101ts futbola kluba prezidents; d\u0113la auto avar\u0113 ce\u013c\u0101 uz slimn\u012bcu\u00a0\u2014\u00a0Lente.lv"},"content":{"rendered":"<p>Tra\u0123\u0113dija Kipr\u0101: Futbola kluba prezidents noslepkavots<\/p>\n<p>Kipras pils\u0113t\u0101 Limasol\u0101 notikusi \u0161ok\u0113jo\u0161a slepkav\u012bba, kur\u0101 dz\u012bv\u012bbu zaud\u0113jis futbola kluba \u201cKarmiotissa\u201d 49 gadus vecais prezidents Stavros Dimostenoss. Vi\u0146\u0161 tika sa\u0161auts piektdienas r\u012bt\u0101 net\u0101lu no sav\u0101m m\u0101j\u0101m, kad iek\u0101pa automa\u0161\u012bn\u0101. \u0160is tra\u0123iskais notikums satricin\u0101jis ne tikai Kipras sporta pasauli, bet ar\u012b pla\u0161\u0101ku sabiedr\u012bbu, izraisot ba\u017eas par dro\u0161\u012bbas situ\u0101ciju sal\u0101.<\/p>\n<p>Asinsizlie\u0161ana un steidzama pal\u012bdz\u012bba<\/p>\n<p>Saska\u0146\u0101 ar s\u0101kotn\u0113jo inform\u0101ciju, Dimostenoss tika sa\u0161auts vair\u0101kas reizes. Vi\u0146a d\u0113ls, cen\u0161oties sniegt t\u0113vam neatliekamo medic\u012bnisko pal\u012bdz\u012bbu, steidz\u012bgi nog\u0101d\u0101jis vi\u0146u slimn\u012bc\u0101. Diem\u017e\u0113l ce\u013c\u0101 uz slimn\u012bcu notika cita tra\u0123\u0113dija \u2013 d\u0113la vad\u012bt\u0101 automa\u0161\u012bna avar\u0113ja uz \u0161osejas. Neskatoties uz m\u0113\u0123in\u0101jumiem, Dimostenoss nomira automa\u0161\u012bn\u0101, neatgrie\u017eoties dz\u012bv\u012bb\u0101.<\/p>\n<p>Izmekl\u0113\u0161ana un aizdomas<\/p>\n<p>Kipras policija nekav\u0113joties rea\u0123\u0113jusi uz notiku\u0161o, norobe\u017eojot nozieguma vietu un uzs\u0101kot intens\u012bvu \u0161\u0101v\u0113ja mekl\u0113\u0161anu. Izmekl\u0113t\u0101ji notiku\u0161o izmekl\u0113 k\u0101 m\u0113r\u0137tiec\u012bgu slepkav\u012bbu, r\u016bp\u012bgi analiz\u0113jot videonov\u0113ro\u0161anas ierakstus un interv\u0113jot aculieciniekus. Aizdomas kr\u012bt uz organiz\u0113tu noziedz\u012bbu, jo uzbruc\u0113ji izmantoju\u0161i automa\u0161\u012bnu un motociklu, lai veiktu uzbrukumu un p\u0113c tam aizb\u0113gtu. Tiek zi\u0146ots par sadegu\u0161as automa\u0161\u012bnas atra\u0161anu, kas, iesp\u0113jams, tikusi izmantota k\u0101 b\u0113g\u0161anas transportl\u012bdzeklis. \u0160\u012b brutalit\u0101te un r\u016bp\u012bgi pl\u0101notais uzbrukums liecina par profesion\u0101lu izpild\u012bjumu.<\/p>\n<p>Futbola kluba \u201cKarmiotissa\u201d vad\u012bba un sekas<\/p>\n<p>Stavros Dimostenoss vad\u012bja futbola klubu \u201cKarmiotissa\u201d kop\u0161 2023. gada. Klubs, kas iepriek\u0161\u0113j\u0101 sezon\u0101 sp\u0113l\u0113ja Kipras Pirmaj\u0101 div\u012bzij\u0101, p\u0113c tam tika pazeminots uz otro l\u012bgu. Dimostenosa vad\u012bb\u0101 klubs piedz\u012bvojis gan pan\u0101kumus, gan gr\u016bt\u012bbas. \u0160\u012b \u0161ausmino\u0161\u0101 slepkav\u012bba ir atst\u0101jusi dzi\u013cas r\u0113tas kluba sabiedr\u012bb\u0101. Kipras Futbola asoci\u0101cija, rea\u0123\u0113jot uz tra\u0123\u0113diju, ir aptur\u0113jusi visas \u201cKarmiotissa\u201d komandas sp\u0113les l\u012bdz n\u0101kamajai sv\u0113tdienai, izr\u0101dot cie\u0146u boj\u0101g\u0101ju\u0161ajam prezidentam un vi\u0146a tuviniekiem.<\/p>\n<p>Pla\u0161a rezonanse un ba\u017eas par dro\u0161\u012bbu<\/p>\n<p>\u0160\u012b slepkav\u012bba ir izrais\u012bjusi pla\u0161u rezonansi ne tikai Kipr\u0101, bet ar\u012b starptautisk\u0101 m\u0113rog\u0101. \u0100rzemju mediji izce\u013c uzbrukuma brut\u0101lo raksturu un dienask\u0101rt\u012bbu, kas ir rad\u012bju\u0161as jaunas ba\u017eas par organiz\u0113t\u0101s noziedz\u012bbas un algoto slepkav\u012bbu pieaugumu Kipr\u0101. Notiku\u0161ais liek aizdom\u0101ties par nepiecie\u0161am\u012bbu pastiprin\u0101t ties\u012bbaizsardz\u012bbas pas\u0101kumus un stingr\u0101ku iero\u010du kontroli valst\u012b. \u0160is ir satrauco\u0161s sign\u0101ls, kas prasa nopietnu valsts vad\u012bbas un ties\u012bbsarg\u0101jo\u0161o iest\u0101\u017eu uzman\u012bbu.<\/p>\n","protected":false},"excerpt":{"rendered":"Tra\u0123\u0113dija Kipr\u0101: Futbola kluba prezidents noslepkavots Kipras pils\u0113t\u0101 Limasol\u0101 notikusi \u0161ok\u0113jo\u0161a slepkav\u012bba, kur\u0101 dz\u012bv\u012bbu zaud\u0113jis futbola kluba \u201cKarmiotissa\u201d&hellip;\n","protected":false},"author":2,"featured_media":25800,"comment_status":"","ping_status":"","sticky":false,"template":"","format":"standard","meta":{"footnotes":""},"categories":[17],"tags":[676,7878,7835,35,39,38,36,37,34,40,595,67,7877],"class_list":{"0":"post-25799","1":"post","2":"type-post","3":"status-publish","4":"format-standard","5":"has-post-thumbnail","7":"category-sports","8":"tag-futbols","9":"tag-karmiotissa","10":"tag-kipra","11":"tag-latvia","12":"tag-latvian","13":"tag-latviesu","14":"tag-latviesu-valoda","15":"tag-latviesuvaloda","16":"tag-latvija","17":"tag-lv","18":"tag-slepkaviba","19":"tag-sports","20":"tag-stavros-dimostenos"},"share_on_mastodon":{"url":"","error":""},"_links":{"self":[{"href":"https:\/\/www.europesays.com\/lv\/wp-json\/wp\/v2\/posts\/25799","targetHints":{"allow":["GET"]}}],"collection":[{"href":"https:\/\/www.europesays.com\/lv\/wp-json\/wp\/v2\/posts"}],"about":[{"href":"https:\/\/www.europesays.com\/lv\/wp-json\/wp\/v2\/types\/post"}],"author":[{"embeddable":true,"href":"https:\/\/www.europesays.com\/lv\/wp-json\/wp\/v2\/users\/2"}],"replies":[{"embeddable":true,"href":"https:\/\/www.europesays.com\/lv\/wp-json\/wp\/v2\/comments?post=25799"}],"version-history":[{"count":0,"href":"https:\/\/www.europesays.com\/lv\/wp-json\/wp\/v2\/posts\/25799\/revisions"}],"wp:featuredmedia":[{"embeddable":true,"href":"https:\/\/www.europesays.com\/lv\/wp-json\/wp\/v2\/media\/25800"}],"wp:attachment":[{"href":"https:\/\/www.europesays.com\/lv\/wp-json\/wp\/v2\/media?parent=25799"}],"wp:term":[{"taxonomy":"category","embeddable":true,"href":"https:\/\/www.europesays.com\/lv\/wp-json\/wp\/v2\/categories?post=25799"},{"taxonomy":"post_tag","embeddable":true,"href":"https:\/\/www.europesays.com\/lv\/wp-json\/wp\/v2\/tags?post=25799"}],"curies":[{"name":"wp","href":"https:\/\/api.w.org\/{rel}","templated":true}]}}